{"id":221316,"date":"2025-07-02T18:39:20","date_gmt":"2025-07-02T18:39:20","guid":{"rendered":"https:\/\/www.europesays.com\/fr\/221316\/"},"modified":"2025-07-02T18:39:20","modified_gmt":"2025-07-02T18:39:20","slug":"jai-peur-de-sortir","status":"publish","type":"post","link":"https:\/\/www.europesays.com\/fr\/221316\/","title":{"rendered":"\u00ab J&rsquo;ai peur de sortir \u00bb"},"content":{"rendered":"<p>            Par<br \/>\n        <strong><br \/>\n            <a href=\"https:\/\/actu.fr\/auteur\/adrien-filoche\" title=\"Consulter tous les articles de Adrien Filoche\" target=\"_blank\" rel=\"noopener\">Adrien Filoche<\/a><br \/>\n        <\/strong><\/p>\n<p>        Publi\u00e9 le<\/p>\n<p>            2 juil. 2025 \u00e0 6h56        <\/p>\n<p><strong>Treize points de suture et un profond traumatisme. <\/strong>Voici ce que garde Nicolas de la violente agression dont il a \u00e9t\u00e9 victime devant son immeuble \u00e0 <a href=\"https:\/\/actu.fr\/normandie\/petit-couronne_76497\" target=\"_blank\" rel=\"noopener\">Petit-Couronne (Seine-Maritime)<\/a>, le vendredi 27\u00a0juin 2025. Dans la soir\u00e9e, alors qu\u2019il promenait ses deux chiens, le Couronnais a \u00e9t\u00e9 violemment <strong>pris \u00e0 partie par une bande de sept adolescents.<\/strong> Seul contre tous, il a fait face \u00e0 un <a href=\"https:\/\/actu.fr\/societe\/infographies-violences-vols-est-moins-en-securite-en-seine-maritime_62290062.html\" target=\"_blank\" rel=\"noopener\">d\u00e9cha\u00eenement de violence.<\/a><\/p>\n<p>Un projectile dans son salon<\/p>\n<p class=\" wall-content\">Tout a commenc\u00e9 un peu plus t\u00f4t dans la journ\u00e9e. Vers 16h40, au milieu de l\u2019apr\u00e8s-midi, Nicolas est tranquillement dans sa cuisine lorsqu\u2019il entend <strong>\u00ab\u2009un gros boum\u2009\u00bb<\/strong> dans le salon.<\/p>\n<p class=\" wall-content\">Nicolas remarque alors <strong>un bout de bois au niveau de son canap\u00e9<\/strong>. Puis en regardant, il aper\u00e7oit par la fen\u00eatre, laiss\u00e9e ouverte, deux jeunes adolescents. \u00ab\u2009Ils me disent\u2009: \u2018Qu\u2019est-ce que tu as \u00e0 nous regarder.\u2019\u00bb Le ton monte, l\u2019habitant explique que le projectile aurait pu blesser l\u2019un de ses enfants. Habitant au rez-de-chauss\u00e9e, il va pour les pourchasser mais le petit groupe s\u2019\u00e9clipse.<\/p>\n<p class=\" wall-content\">Quelques heures plus tard, vers 20\u00a0heures, alors qu\u2019il prom\u00e8ne ses deux chiens devant l\u2019un des immeubles de son quartier, il est accost\u00e9 par un des jeunes de tout \u00e0 l\u2019heure, qu\u2019il reconna\u00eet. \u00ab\u2009Il est venu vers moi et s\u2019est excus\u00e9. Je me suis aussi excus\u00e9 \u00e0 mon tour\u2009\u00bb, raconte-t-il. Mais c\u2019\u00e9tait un pi\u00e8ge.<\/p>\n<p>Rou\u00e9 de coups au sol<\/p>\n<p class=\" wall-content\">En l\u2019espace d\u2019un instant, six autres adolescents apparaissent devant lui. Au total, ils sont <strong>sept \u00e0 l\u2019encercler.<\/strong> \u00ab\u2009Ils devaient avoir entre 13 et 17 ans, je dirais\u2009\u00bb, note-t-il. La bande, agressive, lui demande de l\u2019argent. Il refuse. S\u2019ensuit un d\u00e9cha\u00eenement de violence.<\/p>\n<blockquote class=\"ac-article-quote wall-content\">\n<p>J&rsquo;ai re\u00e7u un premier coup de b\u00e9quille sur le nez, puis derri\u00e8re la t\u00eate. Apr\u00e8s,\u00a0ils se sont jet\u00e9s sur moi, \u00e0 sept. <\/p>\n<p>    <strong>Nicolas<\/strong>\n            <\/p><\/blockquote>\n<p class=\" wall-content\">Mis \u00e0 terre, le quarantenaire re\u00e7oit des <strong>coups de pied sur tout le corps<\/strong>. Il est laiss\u00e9 sur place, <strong>des plaies sur le visage et derri\u00e8re la t\u00eate.<\/strong><\/p>\n<p class=\" wall-content\">Nicolas rentre chez lui, couvert de sang. Sa compagne alerte imm\u00e9diatement les pompiers, qui viennent r\u00e9cup\u00e9rer son compagnon dans un sale \u00e9tat. Vers 21\u00a0heures, le bless\u00e9 arrive \u00e0 l\u2019h\u00f4pital Saint-Julien de Petit-Quevilly. Il ressort peu apr\u00e8s minuit, avec neuf points de suture \u00e0 c\u00f4t\u00e9 du nez, et quatre derri\u00e8re la t\u00eate.<\/p>\n<p>\u00ab\u2009T\u2019as vu comment on a fracass\u00e9 ton homme\u2009\u00bb<\/p>\n<p class=\" wall-content\">Le lendemain, le Normand se rend au commissariat pour d\u00e9poser plainte. \u00ab\u2009Quand on est revenu chez nous, j\u2019ai aper\u00e7u deux des jeunes en me garant\u2009\u00bb, explique-t-il. Depuis cette violente agression, l\u2019homme de 40\u00a0ans vit dans un profond sentiment d\u2019ins\u00e9curit\u00e9.<\/p>\n<p class=\" wall-content\">Fin juillet, il a rendez-vous un m\u00e9decin du Casa (centre d\u2019accueil sp\u00e9cialis\u00e9 pour les agressions) afin d\u2019\u00e9valuer son nombre d\u2019ITT (incapacit\u00e9 totale de travail) suite aux coups dont il a \u00e9t\u00e9 victime.<\/p>\n<blockquote class=\"ac-article-quote wall-content\">\n<p>Maintenant, j&rsquo;ai peur de sortir les chiens. Je suis angoiss\u00e9. Nos enfants aussi.<\/p>\n<p>    <strong>Nicolas<\/strong>\n            <\/p><\/blockquote>\n<p class=\" wall-content\">Le lundi apr\u00e8s l\u2019agression, alors que sa femme avait pris le relais pour la promenade de leurs chiens, elle s\u2019est fait \u00e0 son tour insulter par la m\u00eame bande. \u00ab\u2009C\u2019est l\u00e0 qu\u2019ils m\u2019ont dit\u2009: \u2018T\u2019as vu comment on a fracass\u00e9 ton homme\u2019. C\u2019est n\u2019importe quoi\u2009\u00bb, s\u2019emporte Flora.<\/p>\n<p class=\" wall-content\">Depuis trois ans qu\u2019ils ont emm\u00e9nag\u00e9 dans leur logement, Nicolas et Flora sont les t\u00e9moins de nuisances constantes g\u00e9n\u00e9r\u00e9es par ces petits groupes\u2009: <a href=\"https:\/\/actu.fr\/normandie\/petit-couronne_76497\/feux-d-artifice-attroupement-soiree-mouvementee-dans-ce-quartier-de-petit-couronne_61954790.html\" target=\"_blank\" rel=\"noopener\">tirs de mortiers<\/a> le soir, <a href=\"https:\/\/actu.fr\/normandie\/rouen_76540\/interpelle-a-rouen-en-plein-rodeo-urbain-avec-ses-enfants-de-9-et-13-ans-a-l-arriere-de-la-voiture_62715718.html\" target=\"_blank\" rel=\"noopener\">rod\u00e9os urbains<\/a> dans la rue devant l\u2019immeuble, musique \u00e0 fond. \u00ab\u2009C\u2019est quasiment tous les jours. Avec l\u2019arriv\u00e9e de l\u2019\u00e9t\u00e9, \u00e7a devient invivable\u2009\u00bb, commente sa compagne.<\/p>\n<p class=\" wall-content\">\u00ab\u2009Quand on est arriv\u00e9 ici, c\u2019\u00e9tait calme. Mais \u00e7a a empir\u00e9 au fur et \u00e0 mesure\u2009\u00bb, compl\u00e8te Nicolas. Cette violente agression, c\u2019est<strong> la goutte de trop pour le couple<\/strong>, bien d\u00e9cid\u00e9 \u00e0 d\u00e9m\u00e9nager. \u00ab\u2009On cherche \u00e0 partir, mais ce n\u2019est pas simple. On est \u00e9puis\u00e9s. On est \u00e0 bout\u2009\u00bb, concluent Nicolas et Flora.<\/p>\n<p>Suivez l\u2019actualit\u00e9 de Rouen sur <a href=\"https:\/\/www.whatsapp.com\/channel\/0029VaKfnf99hXF2ddApFB1D\" target=\"_blank\" rel=\"noopener\">notre cha\u00eene WhatsApp<\/a> et sur <a href=\"https:\/\/www.tiktok.com\/@76actu.fr?lang=fr\" target=\"_blank\" rel=\"noopener\">notre compte TikTok<\/a><\/p>\n<p class=\" wall-content\">Suivez toute l\u2019actualit\u00e9 de vos villes et m\u00e9dias favoris en vous inscrivant \u00e0 <a href=\"https:\/\/moncompte.actu.fr\" title=\"D\u00e9couvez Mon Actu\" rel=\"nofollow noopener\" data-trk=\"{&quot;cta&quot;:{&quot;action&quot;:&quot;https:\\\/\\\/moncompte.actu.fr&quot;,&quot;category&quot;:&quot;mon compte&quot;,&quot;from&quot;:&quot;article footer&quot;,&quot;name&quot;:&quot;Mon actu&quot;,&quot;type&quot;:&quot;cta&quot;}}\" target=\"_blank\">Mon Actu<\/a>.<\/p>\n<p>                    <script async src=\"\/\/www.tiktok.com\/embed.js\"><\/script><\/p>\n","protected":false},"excerpt":{"rendered":"Par Adrien Filoche Publi\u00e9 le 2 juil. 2025 \u00e0 6h56 Treize points de suture et un profond traumatisme.&hellip;\n","protected":false},"author":2,"featured_media":221317,"comment_status":"","ping_status":"","sticky":false,"template":"","format":"standard","meta":{"footnotes":""},"categories":[9587],"tags":[1111,11,1777,674,118,1011,27,12,5161,1072,25,9590,240,7501],"class_list":{"0":"post-221316","1":"post","2":"type-post","3":"status-publish","4":"format-standard","5":"has-post-thumbnail","7":"category-rouen","8":"tag-actu","9":"tag-actualites","10":"tag-eu","11":"tag-europe","12":"tag-faits-divers","13":"tag-fr","14":"tag-france","15":"tag-news","16":"tag-normandie","17":"tag-police","18":"tag-republique-francaise","19":"tag-rouen","20":"tag-temoignage","21":"tag-violences-urbaines"},"share_on_mastodon":{"url":"https:\/\/pubeurope.com\/@fr\/114785102269412018","error":""},"_links":{"self":[{"href":"https:\/\/www.europesays.com\/fr\/wp-json\/wp\/v2\/posts\/221316","targetHints":{"allow":["GET"]}}],"collection":[{"href":"https:\/\/www.europesays.com\/fr\/wp-json\/wp\/v2\/posts"}],"about":[{"href":"https:\/\/www.europesays.com\/fr\/wp-json\/wp\/v2\/types\/post"}],"author":[{"embeddable":true,"href":"https:\/\/www.europesays.com\/fr\/wp-json\/wp\/v2\/users\/2"}],"replies":[{"embeddable":true,"href":"https:\/\/www.europesays.com\/fr\/wp-json\/wp\/v2\/comments?post=221316"}],"version-history":[{"count":0,"href":"https:\/\/www.europesays.com\/fr\/wp-json\/wp\/v2\/posts\/221316\/revisions"}],"wp:featuredmedia":[{"embeddable":true,"href":"https:\/\/www.europesays.com\/fr\/wp-json\/wp\/v2\/media\/221317"}],"wp:attachment":[{"href":"https:\/\/www.europesays.com\/fr\/wp-json\/wp\/v2\/media?parent=221316"}],"wp:term":[{"taxonomy":"category","embeddable":true,"href":"https:\/\/www.europesays.com\/fr\/wp-json\/wp\/v2\/categories?post=221316"},{"taxonomy":"post_tag","embeddable":true,"href":"https:\/\/www.europesays.com\/fr\/wp-json\/wp\/v2\/tags?post=221316"}],"curies":[{"name":"wp","href":"https:\/\/api.w.org\/{rel}","templated":true}]}}