{"id":221324,"date":"2025-07-02T18:45:15","date_gmt":"2025-07-02T18:45:15","guid":{"rendered":"https:\/\/www.europesays.com\/fr\/221324\/"},"modified":"2025-07-02T18:45:15","modified_gmt":"2025-07-02T18:45:15","slug":"je-reve-quun-pro-vienne-sentrainer","status":"publish","type":"post","link":"https:\/\/www.europesays.com\/fr\/221324\/","title":{"rendered":"Je r\u00eave qu&rsquo;un pro vienne s&rsquo;entra\u00eener"},"content":{"rendered":"<p>            Par<br \/>\n        <strong><br \/>\n            <a href=\"https:\/\/actu.fr\/auteur\/brian-legoff\" title=\"Consulter tous les articles de Brian Le Goff\" rel=\"nofollow noopener\" target=\"_blank\">Brian Le Goff<\/a><br \/>\n        <\/strong><\/p>\n<p>        Publi\u00e9 le<\/p>\n<p>            2 juil. 2025 \u00e0 19h40        <\/p>\n<p>Il y a <strong>ceux qui profitent du tennis \u00e0 la t\u00e9l\u00e9<\/strong> et ceux qui le transportent jusque chez eux. C\u2019est le cas de<strong> Christophe Natu<\/strong>. \u00c0 Thorign\u00e9-Fouillard, pr\u00e8s de <a href=\"https:\/\/actu.fr\/rennes\/\" rel=\"nofollow noopener\" target=\"_blank\">Rennes<\/a>, le quinquag\u00e9naire a transform\u00e9 une partie du jardin de la r\u00e9sidence familiale en un<strong> terrain de tennis en gazon naturel, digne de Wimbledon.<\/strong> \u00c0 l\u2019occasion de ce tournoi du Grand Chelem qui a lieu jusqu\u2019\u00e0 la mi-juillet, le Breton a accept\u00e9 de revenir sur la gen\u00e8se de ce court tr\u00e8s rare en France.<\/p>\n<p>\u00ab\u2009J\u2019avais affaire \u00e0 des professionnels qui me regardaient un peu de haut\u2009\u00bb<\/p>\n<p class=\" wall-content\">En cette matin\u00e9e caniculaire, l\u2019homme \u00e0 la carrure solide, casquette blanche et casque anti-bruit sur la t\u00eate, encha\u00eene les <strong>allers-retours avec sa tondeuse \u00e0 cylindre, <\/strong>avant de redessiner les lignes avec une <strong>traceuse \u00e0 rouleau.<\/strong><\/p>\n<blockquote class=\"ac-article-quote wall-content\">\n<p>C&rsquo;est comme la pelouse chez soi, mais on tond \u00e0 quelques millim\u00e8tres. Pour les lignes, si on a un petit peu trop bu la veille, il faut attendre d&rsquo;avoir desso\u00fbl\u00e9, sinon vous n&rsquo;irez pas droit bien s\u00fbr. J&rsquo;ai des m\u00e9thodes qui se rapprochent de Wimbledon d&rsquo;il y a 40 ans.<\/p>\n<p>    <strong>Christophe Natu<\/strong>\n            <\/p><\/blockquote>\n<p class=\" wall-content\">Fort d\u2019anecdotes, tout en continuant la pr\u00e9paration du terrain, Christophe explique <strong>les \u00e9volutions que les jardiniers de Wimbledon<\/strong> ont pu apporter aux courts de comp\u00e9tition.<\/p>\n<p class=\" wall-content\">Et ces connaissances, il les a acquises seul.<strong> \u00ab\u2009Au d\u00e9but,<\/strong> c\u2019\u00e9tait tr\u00e8s dur parce qu\u2019il n\u2019y avait pas internet au moment o\u00f9 j\u2019ai voulu faire ce court. <strong>Tout se faisait \u00e0 l\u2019ancienne. On t\u00e9l\u00e9phonait \u00e0 droite \u00e0 gauche,<\/strong> j\u2019avais affaire \u00e0 des professionnels qui me regardaient un peu de haut. Mais, \u00e0 partir du moment o\u00f9 j\u2019ai pu me former et savoir comment faisaient les jardiniers anglais pour leur tennis sur gazon, \u00e7a m\u2019a beaucoup aid\u00e9 pour progresser et arriver \u00e0 ce r\u00e9sultat.\u2009\u00bb<\/p>\n<p>Seulement quelques terrains en France<\/p>\n<p>\u00ab\u00a0Il y a eu un complexe \u00e0 Deauville, mais il a ferm\u00e9. Sinon, il n&rsquo;y a presque qu&rsquo;\u00e0 Lagard\u00e8re Paris Racing et \u00e0 l&rsquo;ambassade britannique qu&rsquo;il existe des courts similaires au mien\u00a0\u00bb, d\u00e9veloppe Christophe.<\/p>\n<p>\u00ab\u2009Un terrain de tennis \u00e0 la place des moutons\u2009\u00bb<\/p>\n<p class=\" wall-content\">C\u2019est <strong>au tournant des ann\u00e9es 1990<\/strong> que le Breton a pris le taureau par les cornes et entrepris la cr\u00e9ation de ce terrain qui existe depuis plus de 25\u00a0ans.<\/p>\n<blockquote class=\"ac-article-quote wall-content\">\n<p>\u00c0 l&rsquo;origine, c&rsquo;\u00e9tait une ferme ici. Dans le village, il y avait des hectares et c&rsquo;\u00e9tait un champ de la ferme.\u00a0On a construit l\u00e0 parce que \u00e7a ne co\u00fbtait pas cher.\u00a0Un jour, Christophe a d\u00e9cid\u00e9 de faire un terrain de tennis \u00e0 la place des moutons.<\/p>\n<p>    <strong>Emmanuel<\/strong><br \/>\n        P\u00e8re de Christophe Natu    <\/p><\/blockquote>\n<p class=\" wall-content\">En 2013, ensemble, ils ont retravaill\u00e9 le terrain pour le rendre le plus plat possible. <strong>\u00ab\u2009En gros, j\u2019ai cherch\u00e9 la difficult\u00e9.<\/strong> Ce type de courts, c\u2019est l\u2019un des plus durs \u00e0 faire.\u2009\u00bb<\/p>\n<p class=\" wall-content\">Et c\u00f4t\u00e9 sportif, ce n\u2019est pas plus facile. \u00ab\u2009Sur gazon, \u00e7a joue sur les effets. D\u00e9j\u00e0, le rebond est plus bas parce que <strong>le centim\u00e8tre de gazon amortit le rebond.<\/strong> Et il att\u00e9nue le lift. Donc, plut\u00f4t que d\u2019avoir un rebond tr\u00e8s haut, il va \u00eatre plus normal en quelque sorte. Enfin, il accentue les effets coup\u00e9s et c\u2019est l\u00e0 que l\u2019on a <strong>des balles tr\u00e8s basses.\u2009\u00bb<\/strong><\/p>\n<p>\u00ab\u2009Un r\u00eave qui deviendra r\u00e9alit\u00e9 quand un pro s\u2019entra\u00eenera ici\u2009\u00bb<\/p>\n<p class=\" wall-content\"><strong>Apr\u00e8s la saison estivale<\/strong>, seule p\u00e9riode o\u00f9 le gazon est praticable pour jouer au tennis, Christophe compte entreprendre<strong> \u00e0 nouveau de gros travaux<\/strong> afin de changer le sens du terrain expos\u00e9 aujourd\u2019hui est-ouest en nord-sud\u2009: \u00ab\u2009Car, l\u00e0, on a le soleil dans les yeux en fin de journ\u00e9e\u2009\u00bb.<\/p>\n<p class=\" wall-content\">Ces travaux permettront \u00e9galement de rendre le terrain encore plus plat.<\/p>\n<p class=\" wall-content\">Si le<strong> terrain est ouvert \u00e0 la <a href=\"https:\/\/www.tennisgazon.fr\/\" rel=\"nofollow noopener\" target=\"_blank\">location<\/a><\/strong> (comptez une vingtaine d\u2019euros pour au moins une heure), l\u2019objectif de Christophe est plus grand.<\/p>\n<p>    <img   decoding=\"async\" loading=\"lazy\" src=\"https:\/\/www.europesays.com\/fr\/wp-content\/uploads\/2025\/07\/court-de-tennis-en-gazon-naturel-presque-unique-en-france-wimbledon-pres-de-rennes-proprio-christpph.jpeg\" alt=\"Le r\u00eave de Christophe ? Qu'un joueur pro vienne s'entra\u00eener sur son court.\" width=\"960\" height=\"640\"\/><br \/>\n    Le r\u00eave de Christophe\u2009? Qu\u2019un joueur pro vienne s\u2019entra\u00eener sur son court. (\u00a9 Brian Le Goff \/ actu Rennes)<\/p>\n<p class=\" wall-content\">\u00ab\u2009Ce court n\u2019est <strong>ni plus ni moins qu\u2019un r\u00eave de gosse,<\/strong> qui deviendra compl\u00e8tement r\u00e9alit\u00e9 le jour o\u00f9 j\u2019aurais un professionnel qui s\u2019entra\u00eenera ici. <strong>\u00c0 mon avis, j\u2019aurais les larmes.<\/strong> S\u2019il appr\u00e9cie, \u00e7a voudra dire que j\u2019ai r\u00e9ussi.\u2009\u00bb<\/p>\n<p class=\" wall-content\">Suivez toute l\u2019actualit\u00e9 de vos villes et m\u00e9dias favoris en vous inscrivant \u00e0 <a href=\"https:\/\/moncompte.actu.fr\" title=\"D\u00e9couvez Mon Actu\" rel=\"nofollow noopener\" data-trk=\"{&quot;cta&quot;:{&quot;action&quot;:&quot;https:\\\/\\\/moncompte.actu.fr&quot;,&quot;category&quot;:&quot;mon compte&quot;,&quot;from&quot;:&quot;article footer&quot;,&quot;name&quot;:&quot;Mon actu&quot;,&quot;type&quot;:&quot;cta&quot;}}\" target=\"_blank\">Mon Actu<\/a>.<\/p>\n","protected":false},"excerpt":{"rendered":"Par Brian Le Goff Publi\u00e9 le 2 juil. 2025 \u00e0 19h40 Il y a ceux qui profitent du&hellip;\n","protected":false},"author":2,"featured_media":221325,"comment_status":"","ping_status":"","sticky":false,"template":"","format":"standard","meta":{"footnotes":""},"categories":[2821],"tags":[1111,11,829,1777,674,1011,27,1757,12,584,25,517,60,1467],"class_list":{"0":"post-221324","1":"post","2":"type-post","3":"status-publish","4":"format-standard","5":"has-post-thumbnail","7":"category-rennes","8":"tag-actu","9":"tag-actualites","10":"tag-bretagne","11":"tag-eu","12":"tag-europe","13":"tag-fr","14":"tag-france","15":"tag-insolite","16":"tag-news","17":"tag-rennes","18":"tag-republique-francaise","19":"tag-sport","20":"tag-sports","21":"tag-tennis"},"share_on_mastodon":{"url":"https:\/\/pubeurope.com\/@fr\/114785126334556404","error":""},"_links":{"self":[{"href":"https:\/\/www.europesays.com\/fr\/wp-json\/wp\/v2\/posts\/221324","targetHints":{"allow":["GET"]}}],"collection":[{"href":"https:\/\/www.europesays.com\/fr\/wp-json\/wp\/v2\/posts"}],"about":[{"href":"https:\/\/www.europesays.com\/fr\/wp-json\/wp\/v2\/types\/post"}],"author":[{"embeddable":true,"href":"https:\/\/www.europesays.com\/fr\/wp-json\/wp\/v2\/users\/2"}],"replies":[{"embeddable":true,"href":"https:\/\/www.europesays.com\/fr\/wp-json\/wp\/v2\/comments?post=221324"}],"version-history":[{"count":0,"href":"https:\/\/www.europesays.com\/fr\/wp-json\/wp\/v2\/posts\/221324\/revisions"}],"wp:featuredmedia":[{"embeddable":true,"href":"https:\/\/www.europesays.com\/fr\/wp-json\/wp\/v2\/media\/221325"}],"wp:attachment":[{"href":"https:\/\/www.europesays.com\/fr\/wp-json\/wp\/v2\/media?parent=221324"}],"wp:term":[{"taxonomy":"category","embeddable":true,"href":"https:\/\/www.europesays.com\/fr\/wp-json\/wp\/v2\/categories?post=221324"},{"taxonomy":"post_tag","embeddable":true,"href":"https:\/\/www.europesays.com\/fr\/wp-json\/wp\/v2\/tags?post=221324"}],"curies":[{"name":"wp","href":"https:\/\/api.w.org\/{rel}","templated":true}]}}