{"id":221326,"date":"2025-07-02T18:46:26","date_gmt":"2025-07-02T18:46:26","guid":{"rendered":"https:\/\/www.europesays.com\/fr\/221326\/"},"modified":"2025-07-02T18:46:26","modified_gmt":"2025-07-02T18:46:26","slug":"a-mundolsheim-le-restaurant-de-la-gare-rayonne","status":"publish","type":"post","link":"https:\/\/www.europesays.com\/fr\/221326\/","title":{"rendered":"\u00e0 Mundolsheim, le \u00ab Restaurant de la Gare \u00bb rayonne !"},"content":{"rendered":"<p><strong>On quitte Strasbourg pour nous rendre \u00e0 Mundolsheim, au Restaurant de la Gare. Cette enseigne \u00e0 la devanture peu avantageuse cache pourtant un restaurant traditionnel qui a beaucoup de choses \u00e0 offrir. Une belle terrasse, un rapport qualit\u00e9-prix excellent et un couple de restaurateurs au grand c\u0153ur, voici un resto qui fait tout simplement du bien.<\/strong><\/p>\n<p>En novembre 2023,<strong> le Restaurant de la Gare rouvrait ses portes \u00e0 Mundolsheim<\/strong>, cette commune situ\u00e9e non loin du centre de Strasbourg.<\/p>\n<p>Aux commandes de ce resto, <strong>entre sp\u00e9cialit\u00e9s fran\u00e7aises et alsaciennes<\/strong>, on retrouve un nom qui vous dit probablement quelque chose : Sylvain Scherer.<\/p>\n<p><strong>Avec sa femme St\u00e9phanie<\/strong>, ce chef, qui dirigeait les cuisines du restaurant Sel et Poivre au Neudorf (<strong>devenu Le Restaurant du Coin puis Paulette<\/strong>), s\u2019est lanc\u00e9 un nouveau d\u00e9fi : <strong>reprendre le Restaurant de la Gare.<\/strong><\/p>\n<p>                <img width=\"375\" height=\"500\" src=\"https:\/\/www.europesays.com\/fr\/wp-content\/uploads\/2025\/07\/restaurant-de-la-gare-mundolsheim-img-3023-375x500.jpeg\" class=\"attachment-gallery size-gallery\" alt=\"Restaurant de la gare Mundolsheim IMG_3023\" data-full-url=\"https:\/\/pokaa.fr\/wp-content\/uploads\/2025\/07\/02\/restaurant-de-la-gare-mundolsheim-img-3023.jpeg\" decoding=\"async\" loading=\"lazy\"  \/>            <\/p>\n<p>                <img width=\"375\" height=\"500\" src=\"https:\/\/www.europesays.com\/fr\/wp-content\/uploads\/2025\/07\/restaurant-de-la-gare-mundolsheim-img-3179-375x500.jpeg\" class=\"attachment-gallery size-gallery\" alt=\"Restaurant de la gare Mundolsheim IMG_3179\" data-full-url=\"https:\/\/pokaa.fr\/wp-content\/uploads\/2025\/07\/02\/restaurant-de-la-gare-mundolsheim-img-3179.jpeg\" decoding=\"async\" loading=\"lazy\"  \/>            <\/p>\n<p>                <img width=\"375\" height=\"500\" src=\"https:\/\/www.europesays.com\/fr\/wp-content\/uploads\/2025\/07\/restaurant-de-la-gare-mundolsheim-img-3111-375x500.jpeg\" class=\"attachment-gallery size-gallery\" alt=\"Restaurant de la gare Mundolsheim IMG_3111\" data-full-url=\"https:\/\/pokaa.fr\/wp-content\/uploads\/2025\/07\/02\/restaurant-de-la-gare-mundolsheim-img-3111.jpeg\" decoding=\"async\" loading=\"lazy\"  \/>            <\/p>\n<p>                <img width=\"667\" height=\"500\" src=\"https:\/\/www.europesays.com\/fr\/wp-content\/uploads\/2025\/07\/restaurant-de-la-gare-mundolsheim-img-3021-2-667x500.jpeg\" class=\"attachment-gallery size-gallery\" alt=\"Restaurant de la gare Mundolsheim IMG_3021 2\" data-full-url=\"https:\/\/pokaa.fr\/wp-content\/uploads\/2025\/07\/02\/restaurant-de-la-gare-mundolsheim-img-3021-2.jpeg\" decoding=\"async\" loading=\"lazy\"  \/>            <\/p>\n<p>                    \u00a9 Bastien Pietronave \/ Pokaa<\/p>\n<p>Depuis fin 2023, c\u2019est chose faite. <strong>Le restaurant a repris vie<\/strong>, la salle et la terrasse se remplissent, et les client(e)s reviennent pour d\u00e9guster <strong>des plats faits maison,<\/strong> \u00e0 la fois g\u00e9n\u00e9reux et travaill\u00e9s, <strong>toujours avec une petite sauce bien comme il faut.\u00a0<\/strong><\/p>\n<p>                <img width=\"375\" height=\"500\" src=\"https:\/\/www.europesays.com\/fr\/wp-content\/uploads\/2025\/07\/restaurant-de-la-gare-mundolsheim-img-3202-375x500.jpeg\" class=\"attachment-gallery size-gallery\" alt=\"Restaurant de la gare Mundolsheim IMG_3202\" data-full-url=\"https:\/\/pokaa.fr\/wp-content\/uploads\/2025\/07\/02\/restaurant-de-la-gare-mundolsheim-img-3202.jpeg\" decoding=\"async\" loading=\"lazy\"  \/>            <\/p>\n<p>                <img width=\"375\" height=\"500\" src=\"https:\/\/www.europesays.com\/fr\/wp-content\/uploads\/2025\/07\/restaurant-de-la-gare-mundolsheim-img-3026-375x500.jpeg\" class=\"attachment-gallery size-gallery\" alt=\"Restaurant de la gare Mundolsheim IMG_3026\" data-full-url=\"https:\/\/pokaa.fr\/wp-content\/uploads\/2025\/07\/02\/restaurant-de-la-gare-mundolsheim-img-3026.jpeg\" decoding=\"async\" loading=\"lazy\"  \/>            <\/p>\n<p>                <img width=\"375\" height=\"500\" src=\"https:\/\/www.europesays.com\/fr\/wp-content\/uploads\/2025\/07\/restaurant-de-la-gare-mundolsheim-img-3205-2-375x500.jpeg\" class=\"attachment-gallery size-gallery\" alt=\"Restaurant de la gare Mundolsheim IMG_3205 2\" data-full-url=\"https:\/\/pokaa.fr\/wp-content\/uploads\/2025\/07\/02\/restaurant-de-la-gare-mundolsheim-img-3205-2.jpeg\" decoding=\"async\" loading=\"lazy\"  \/>            <\/p>\n<p>                    \u00a9 Bastien Pietronave \/ Pokaa<\/p>\n<p>Une vraie histoire d\u2019amour autour de la cuisine et du partage<\/p>\n<p><strong>Sylvain Scherer en est \u00e0 sa 36e ann\u00e9e en cuisine. <\/strong>Fid\u00e8le au poste dans les maisons o\u00f9 il a fait ses armes, il a boss\u00e9 pendant 12 ans <strong>au Caveau de L\u2019Escale \u00e0 Saverne<\/strong>, il a \u00e9galement particip\u00e9 \u00e0 l\u2019ouverture de<strong> la Brasserie Kirn<\/strong>, et il a exerc\u00e9 son m\u00e9tier au <strong>Relais de la Route du Vin<\/strong>\u00a0\u00e0 Marlenheim.<\/p>\n<p>    <img width=\"800\" height=\"600\" src=\"https:\/\/www.europesays.com\/fr\/wp-content\/uploads\/2025\/07\/restaurant-de-la-gare-mundolsheim-img-3150-800x600.jpeg\" class=\"attachment-image-size-L size-image-size-L\" alt=\"Restaurant de la gare Mundolsheim IMG_3150\" decoding=\"async\" loading=\"lazy\"  \/>         \u00a9 Bastien Pietronave \/ Pokaa <\/p>\n<p>Par la suite, apr\u00e8s avoir travaill\u00e9 aux c\u00f4t\u00e9s de grands noms comme <strong>Christophe Felder, Anthony Terrone, ou Jean-Yves Leuranguer<\/strong>, le chef s\u2019est mis \u00e0 son compte en 2009.<\/p>\n<p>S\u2019en est suivie l\u2019ouverture du restaurant Sel et Poivre au Neudorf, que vous connaissiez<strong> sous le nom du Restaurant du Coin<\/strong>, et qui se pr\u00e9nomme d\u00e9sormais<strong> Paulette.<\/strong><\/p>\n<p>En 2018, <strong>St\u00e9phanie, \u00e9galement restauratrice au B\u00fcrestubel<\/strong>, d\u00e9cide de le rejoindre pour former un duo. Aujourd\u2019hui,<strong> tous les deux sont \u00e0 la t\u00eate de leur restaurant<\/strong>, et le moins que l\u2019on puisse dire, c\u2019est qu\u2019<strong>il et elle donnent du c\u0153ur \u00e0 l\u2019ouvrage.<\/strong><\/p>\n<p>                <img width=\"375\" height=\"500\" src=\"https:\/\/www.europesays.com\/fr\/wp-content\/uploads\/2025\/07\/restaurant-de-la-gare-mundolsheim-img-3128-375x500.jpeg\" class=\"attachment-gallery size-gallery\" alt=\"Restaurant de la gare Mundolsheim IMG_3128\" data-full-url=\"https:\/\/pokaa.fr\/wp-content\/uploads\/2025\/07\/02\/restaurant-de-la-gare-mundolsheim-img-3128.jpeg\" decoding=\"async\" loading=\"lazy\"  \/>            <\/p>\n<p>                <img width=\"375\" height=\"500\" src=\"https:\/\/www.europesays.com\/fr\/wp-content\/uploads\/2025\/07\/restaurant-de-la-gare-mundolsheim-img-3019-375x500.jpeg\" class=\"attachment-gallery size-gallery\" alt=\"Restaurant de la gare Mundolsheim IMG_3019\" data-full-url=\"https:\/\/pokaa.fr\/wp-content\/uploads\/2025\/07\/02\/restaurant-de-la-gare-mundolsheim-img-3019.jpeg\" decoding=\"async\" loading=\"lazy\"  \/>            <\/p>\n<p>                <img width=\"375\" height=\"500\" src=\"https:\/\/www.europesays.com\/fr\/wp-content\/uploads\/2025\/07\/restaurant-de-la-gare-mundolsheim-img-3033-2-375x500.jpeg\" class=\"attachment-gallery size-gallery\" alt=\"Restaurant de la gare Mundolsheim IMG_3033 2\" data-full-url=\"https:\/\/pokaa.fr\/wp-content\/uploads\/2025\/07\/02\/restaurant-de-la-gare-mundolsheim-img-3033-2.jpeg\" decoding=\"async\" loading=\"lazy\"  \/>            <\/p>\n<p>                    \u00a9 Bastien Pietronave \/ Pokaa<\/p>\n<p>Dans un premier temps, ici, vous \u00eates chez <strong>un Ma\u00eetre Restaurateur<\/strong>, une certification qui stipule que <strong>le chef travaille en circuit court, avec des produits locaux et de saison<\/strong>.<\/p>\n<p>Passionn\u00e9(e)s de cuisine et de beaux produits bien frais, Sylvain et St\u00e9phanie ne comptent plus leurs heures. En plus du <strong>service de traiteur<\/strong> que le couple propose <strong>aux personnes \u00e2g\u00e9es des villages alentours<\/strong>, le duo <strong>offre beaucoup \u00e0 celles et ceux qui en ont le plus besoin.<\/strong><\/p>\n<p>                <img width=\"375\" height=\"500\" src=\"https:\/\/www.europesays.com\/fr\/wp-content\/uploads\/2025\/07\/restaurant-de-la-gare-mundolsheim-img-3035-375x500.jpeg\" class=\"attachment-gallery size-gallery\" alt=\"Restaurant de la gare Mundolsheim IMG_3035\" data-full-url=\"https:\/\/pokaa.fr\/wp-content\/uploads\/2025\/07\/02\/restaurant-de-la-gare-mundolsheim-img-3035.jpeg\" decoding=\"async\" loading=\"lazy\"  \/>            <\/p>\n<p>                <img width=\"375\" height=\"500\" src=\"https:\/\/www.europesays.com\/fr\/wp-content\/uploads\/2025\/07\/restaurant-de-la-gare-mundolsheim-img-3165-2-375x500.jpeg\" class=\"attachment-gallery size-gallery\" alt=\"Restaurant de la gare Mundolsheim IMG_3165 2\" data-full-url=\"https:\/\/pokaa.fr\/wp-content\/uploads\/2025\/07\/02\/restaurant-de-la-gare-mundolsheim-img-3165-2.jpeg\" decoding=\"async\" loading=\"lazy\"  \/>            <\/p>\n<p>                    \u00a9 Bastien Pietronave \/ Pokaa<\/p>\n<p>Apr\u00e8s quelques questions et une discussion assez personnelle, on se rend compte qu\u2019<strong>il y a beaucoup plus que de la cuisine derri\u00e8re ces deux visages.<\/strong><\/p>\n<p>\u00ab On se l\u00e8ve \u00e0 6h et on se couche \u00e0 1h tous les jours. Avec <strong>une \u00e9quipe de quatre personnes en tout, on livre jusqu\u2019\u00e0 70 repas chaque matin<\/strong> aux personnes \u00e2g\u00e9es, puis le service du midi commence. <strong>On ferme parfois le resto pour offrir des repas aux associations caritatives<\/strong>, on re\u00e7oit des coll\u00e9giens pour les former au m\u00e9tier une fois par semaine, <strong>on cuisine pour l\u2019Arm\u00e9e du Salut<\/strong>, et on fait \u00e7a toute l\u2019ann\u00e9e parce qu\u2019on aime \u00e7a, et c\u2019est \u00e9videmment \u00e0 nos frais. <strong>C\u2019est du boulot,<\/strong> et \u00e7a explique notre fatigue, <strong>mais on sait pourquoi on le fait, et honn\u00eatement, les gens nous le rendent bien.<\/strong> On ne bosse pas pour le pognon, St\u00e9phanie et moi, <strong>on aime simplement partager<\/strong>. \u00bb<\/p>\n<p>Forc\u00e9ment, quand ce sont ces \u00e9nergies-l\u00e0 qui animent le feu de la cuisine,<strong> le r\u00e9sultat est visible dans l\u2019assiette.<\/strong><\/p>\n<p>    <img width=\"800\" height=\"600\" src=\"https:\/\/www.europesays.com\/fr\/wp-content\/uploads\/2025\/07\/restaurant-de-la-gare-mundolsheim-img-3191-800x600.jpeg\" class=\"attachment-image-size-L size-image-size-L\" alt=\"Restaurant de la gare Mundolsheim IMG_3191\" decoding=\"async\" loading=\"lazy\"  \/>         \u00a9 Bastien Pietronave \/ Pokaa <\/p>\n<p>Une cuisine gourmande et juste, qui donne envie de saucer !<\/p>\n<p>Au Restaurant de la Gare,<strong> l\u2019\u00e9quipe de cuisine propose une carte tr\u00e8s courte<\/strong>, et c\u2019est de bonne augure. On a le choix<strong> entre trois entr\u00e9es, six plats et six desserts.<\/strong><\/p>\n<p>En entr\u00e9e, <strong>entre l\u2019\u0153uf parfait aux girolles fraiches<\/strong> et le saumon fum\u00e9 maison, on retrouve tout simplement <strong>le meilleur foie gras de canard d\u2019Alsace 2021<\/strong>, un plat maison prim\u00e9 dont Sylvain n\u2019est pas peu fier.<\/p>\n<p>C\u00f4t\u00e9 plats, le rosbif de cheval (oui oui),<strong> le filet de bar r\u00f4ti<\/strong>, l\u2019onglet de b\u0153uf aux \u00e9chalotes confites ou le carr\u00e9 de veau aux girolles fraiches c\u00f4toient <strong>un autre plat prim\u00e9 en 2019 puis en 2023<\/strong>. En effet, <strong>les bouch\u00e9es \u00e0 la reine du chef<\/strong> ont elles aussi \u00e9t\u00e9 \u00e9lues <strong>les meilleures d\u2019Alsace ces deux ann\u00e9es-l\u00e0<\/strong>. Pour ce plat prim\u00e9, <strong>le tarif de 22 \u20ac semble vraiment correct.<\/strong><\/p>\n<p>                <img width=\"375\" height=\"500\" src=\"https:\/\/www.europesays.com\/fr\/wp-content\/uploads\/2025\/07\/restaurant-de-la-gare-mundolsheim-img-3187-375x500.jpeg\" class=\"attachment-gallery size-gallery\" alt=\"Restaurant de la gare Mundolsheim IMG_3187\" data-full-url=\"https:\/\/pokaa.fr\/wp-content\/uploads\/2025\/07\/02\/restaurant-de-la-gare-mundolsheim-img-3187.jpeg\" decoding=\"async\" loading=\"lazy\"  \/>            <\/p>\n<p>                <img width=\"375\" height=\"500\" src=\"https:\/\/www.europesays.com\/fr\/wp-content\/uploads\/2025\/07\/restaurant-de-la-gare-mundolsheim-img-3174-375x500.jpeg\" class=\"attachment-gallery size-gallery\" alt=\"Restaurant de la gare Mundolsheim IMG_3174\" data-full-url=\"https:\/\/pokaa.fr\/wp-content\/uploads\/2025\/07\/02\/restaurant-de-la-gare-mundolsheim-img-3174.jpeg\" decoding=\"async\" loading=\"lazy\"  \/>            <\/p>\n<p>                <img width=\"375\" height=\"500\" src=\"https:\/\/www.europesays.com\/fr\/wp-content\/uploads\/2025\/07\/restaurant-de-la-gare-mundolsheim-img-3115-375x500.jpeg\" class=\"attachment-gallery size-gallery\" alt=\"Restaurant de la gare Mundolsheim IMG_3115\" data-full-url=\"https:\/\/pokaa.fr\/wp-content\/uploads\/2025\/07\/02\/restaurant-de-la-gare-mundolsheim-img-3115.jpeg\" decoding=\"async\" loading=\"lazy\"  \/>            <\/p>\n<p>                    \u00a9 Bastien Pietronave \/ Pokaa<\/p>\n<p>Les midis, <strong>en plus de la carte<\/strong>, on nous propose aussi <strong>un menu affaire (entr\u00e9e + plat + dessert) \u00e0 un super prix, 22 \u20ac.<\/strong><\/p>\n<p><strong>Des suggestions du jour sont \u00e9galement de la partie<\/strong> (entr\u00e9e + plat) pour 13,50 \u20ac, et l\u2019un des menus incontournables de la maison, <strong>une entr\u00e9e + une pi\u00e8ce de b\u0153uf + frites et salade, est au prix de 18,90 \u20ac.<\/strong><\/p>\n<p>Pour l\u2019\u00e9t\u00e9, <strong>une carte de 7 salades est aussi au programme<\/strong>, et chaque soir, les tartes flamb\u00e9es se vendent comme des petits pains. C\u00f4t\u00e9 desserts, c\u2019est cr\u00e8me br\u00fbl\u00e9e, baba au rhum, <strong>vacherin glac\u00e9, dame blanche ou profiteroles au chocolat.\u00a0<\/strong><\/p>\n<p>                <img width=\"375\" height=\"500\" src=\"https:\/\/www.europesays.com\/fr\/wp-content\/uploads\/2025\/07\/restaurant-de-la-gare-mundolsheim-img-3210-375x500.jpeg\" class=\"attachment-gallery size-gallery\" alt=\"Restaurant de la gare Mundolsheim IMG_3210\" data-full-url=\"https:\/\/pokaa.fr\/wp-content\/uploads\/2025\/07\/02\/restaurant-de-la-gare-mundolsheim-img-3210.jpeg\" decoding=\"async\" loading=\"lazy\"  \/>            <\/p>\n<p>                <img width=\"375\" height=\"500\" src=\"https:\/\/www.europesays.com\/fr\/wp-content\/uploads\/2025\/07\/restaurant-de-la-gare-mundolsheim-img-3086-375x500.jpeg\" class=\"attachment-gallery size-gallery\" alt=\"Restaurant de la gare Mundolsheim IMG_3086\" data-full-url=\"https:\/\/pokaa.fr\/wp-content\/uploads\/2025\/07\/02\/restaurant-de-la-gare-mundolsheim-img-3086.jpeg\" decoding=\"async\" loading=\"lazy\"  \/>            <\/p>\n<p>                    \u00a9 Bastien Pietronave \/ Pokaa<\/p>\n<p>Des assiettes \u00e0 la fois<strong> g\u00e9n\u00e9reuses et ma\u00eetris\u00e9es<\/strong>, des produits frais de qualit\u00e9, <strong>des sauces bien mont\u00e9es et pas trop grasses<\/strong> (c\u2019est rare), et m\u00eame des p\u00e2tes faites maison, ce sont tous ces d\u00e9tails qui font de cette adresse un bon restaurant.<\/p>\n<p>Si comme nous, <strong>vous aimez l\u2019ambiance des restaurants de village<\/strong>, les Picon qui sont servis \u00e0 table d\u00e8s 11h45, <strong>les accents<\/strong>, la chaleur et l\u2019accueil de ces \u00e9tablissements, passez donc y faire un tour.<\/p>\n<p>Les petits et les gros + <\/p>\n<ul>\n<li><strong>La salle du restaurant et sa terrasse sont vraiment agr\u00e9ables, et il ne faut pas se fier \u00e0 la devanture !<\/strong><\/li>\n<li><strong>Le rapport qualit\u00e9-prix est tr\u00e8s bon, et les assiettes sont bien servies.<\/strong><\/li>\n<li><strong>Il faut go\u00fbter aux bouch\u00e9es \u00e0 la reine, elles valent le d\u00e9tour.\u00a0<\/strong><\/li>\n<li>Le chef va jusqu\u2019\u00e0 faire ses propres p\u00e2tes, et ils ne sont que deux en cuisine ! Chapeau.<\/li>\n<li><strong>Les sauces sont excellentes et les cuissons sont justes, et \u00e7a change tout.<\/strong><\/li>\n<li>Les tarifs du midi sont tr\u00e8s abordables.<\/li>\n<li><strong>On a ador\u00e9 la philosophie de St\u00e9phanie et Sylvain, deux restaurateurs qui se donnent \u00e0 fond !<\/strong><\/li>\n<\/ul>\n<p>            Le Restaurant de la Gare <\/p>\n<p>            Quoi ?<br \/>\n            Restaurant traditionnel fran\u00e7ais \/ alsacien         <\/p>\n<p>            o\u00f9 ?<br \/>\n            22 rue de la Gare, \u00e0 Mundolsheim         <\/p>\n<p>                Plus d&rsquo;infos ?<\/p>\n<p><strong><a href=\"https:\/\/restaurant-de-la-gare-mundo.eatbu.com\/?lang=fr\" target=\"_blank\" rel=\"noopener\">Le site web<\/a><\/strong><\/p>\n<p><strong><a href=\"https:\/\/www.google.com\/url?sa=t&amp;source=web&amp;rct=j&amp;opi=89978449&amp;url=https:\/\/www.facebook.com\/RestauDeLaGareMundolsheim\/&amp;ved=2ahUKEwjZ2u7SnJ6OAxURV6QEHQzMArIQFnoECEwQAQ&amp;usg=AOvVaw3y6fdydbAy0E4x37p5tQ2M\" target=\"_blank\" rel=\"noopener\">La page Facebook<\/a><\/strong><\/p>\n<p>T\u00e9l : 03 88 18 18 06<\/p>\n","protected":false},"excerpt":{"rendered":"On quitte Strasbourg pour nous rendre \u00e0 Mundolsheim, au Restaurant de la Gare. Cette enseigne \u00e0 la devanture&hellip;\n","protected":false},"author":2,"featured_media":221327,"comment_status":"","ping_status":"","sticky":false,"template":"","format":"standard","meta":{"footnotes":""},"categories":[2820],"tags":[1111,11,36012,1777,674,1011,27,775,3264,12,25,36013,640],"class_list":{"0":"post-221326","1":"post","2":"type-post","3":"status-publish","4":"format-standard","5":"has-post-thumbnail","7":"category-strasbourg","8":"tag-actu","9":"tag-actualites","10":"tag-bouchee-a-la-reine","11":"tag-eu","12":"tag-europe","13":"tag-fr","14":"tag-france","15":"tag-grand-est","16":"tag-mundolsheim","17":"tag-news","18":"tag-republique-francaise","19":"tag-restaurant-de-la-gare","20":"tag-strasbourg"},"share_on_mastodon":{"url":"https:\/\/pubeurope.com\/@fr\/114785130904100095","error":""},"_links":{"self":[{"href":"https:\/\/www.europesays.com\/fr\/wp-json\/wp\/v2\/posts\/221326","targetHints":{"allow":["GET"]}}],"collection":[{"href":"https:\/\/www.europesays.com\/fr\/wp-json\/wp\/v2\/posts"}],"about":[{"href":"https:\/\/www.europesays.com\/fr\/wp-json\/wp\/v2\/types\/post"}],"author":[{"embeddable":true,"href":"https:\/\/www.europesays.com\/fr\/wp-json\/wp\/v2\/users\/2"}],"replies":[{"embeddable":true,"href":"https:\/\/www.europesays.com\/fr\/wp-json\/wp\/v2\/comments?post=221326"}],"version-history":[{"count":0,"href":"https:\/\/www.europesays.com\/fr\/wp-json\/wp\/v2\/posts\/221326\/revisions"}],"wp:featuredmedia":[{"embeddable":true,"href":"https:\/\/www.europesays.com\/fr\/wp-json\/wp\/v2\/media\/221327"}],"wp:attachment":[{"href":"https:\/\/www.europesays.com\/fr\/wp-json\/wp\/v2\/media?parent=221326"}],"wp:term":[{"taxonomy":"category","embeddable":true,"href":"https:\/\/www.europesays.com\/fr\/wp-json\/wp\/v2\/categories?post=221326"},{"taxonomy":"post_tag","embeddable":true,"href":"https:\/\/www.europesays.com\/fr\/wp-json\/wp\/v2\/tags?post=221326"}],"curies":[{"name":"wp","href":"https:\/\/api.w.org\/{rel}","templated":true}]}}