{"id":22133,"date":"2025-04-13T12:17:13","date_gmt":"2025-04-13T12:17:13","guid":{"rendered":"https:\/\/www.europesays.com\/fr\/22133\/"},"modified":"2025-04-13T12:17:13","modified_gmt":"2025-04-13T12:17:13","slug":"direct-le-havre-rennes-suivez-le-match-2","status":"publish","type":"post","link":"https:\/\/www.europesays.com\/fr\/22133\/","title":{"rendered":"DIRECT : Le Havre &#8211; Rennes : suivez le match"},"content":{"rendered":"<p>Le 13 avril 2025 \u00e0 11h33<\/p>\n<p class=\"tlg-h5\">Pour le compte de la 29e journ\u00e9e de Ligue 1, le Stade Rennais se d\u00e9place au Havre, ce dimanche \u00e0 17 h 15. Les hommes de Habib Beye pourraient profiter d&rsquo;une \u00e9quipe du Havre dans le bas de tableau pour accrocher une victoire et de pr\u00e9cieux points. Suivez le match en direct comment\u00e9.<\/p>\n<p><img fetchpriority=\"high\" decoding=\"async\" src=\"https:\/\/www.europesays.com\/fr\/wp-content\/uploads\/2025\/04\/67ee473e8a5ce886c30544c6.1.jpeg\" width=\"960\" height=\"600\" class=\"web_golden_xl\" loading=\"eager\" alt=\"Football\"\/>Anthony Rouault et les Rennais sont au Havre pour la 29e journ\u00e9e de Ligue 1. (Photos Nicolas Cr\u00e9ach)<\/p>\n","protected":false},"excerpt":{"rendered":"Le 13 avril 2025 \u00e0 11h33 Pour le compte de la 29e journ\u00e9e de Ligue 1, le Stade&hellip;\n","protected":false},"author":2,"featured_media":22134,"comment_status":"","ping_status":"","sticky":false,"template":"","format":"standard","meta":{"footnotes":""},"categories":[2821],"tags":[1111,11,829,1777,674,63,1011,27,66,12,584,25,60,3087],"class_list":{"0":"post-22133","1":"post","2":"type-post","3":"status-publish","4":"format-standard","5":"has-post-thumbnail","7":"category-rennes","8":"tag-actu","9":"tag-actualites","10":"tag-bretagne","11":"tag-eu","12":"tag-europe","13":"tag-football","14":"tag-fr","15":"tag-france","16":"tag-ligue-1","17":"tag-news","18":"tag-rennes","19":"tag-republique-francaise","20":"tag-sports","21":"tag-stade-rennais"},"share_on_mastodon":{"url":"https:\/\/pubeurope.com\/@fr\/114330615377072444","error":""},"_links":{"self":[{"href":"https:\/\/www.europesays.com\/fr\/wp-json\/wp\/v2\/posts\/22133","targetHints":{"allow":["GET"]}}],"collection":[{"href":"https:\/\/www.europesays.com\/fr\/wp-json\/wp\/v2\/posts"}],"about":[{"href":"https:\/\/www.europesays.com\/fr\/wp-json\/wp\/v2\/types\/post"}],"author":[{"embeddable":true,"href":"https:\/\/www.europesays.com\/fr\/wp-json\/wp\/v2\/users\/2"}],"replies":[{"embeddable":true,"href":"https:\/\/www.europesays.com\/fr\/wp-json\/wp\/v2\/comments?post=22133"}],"version-history":[{"count":0,"href":"https:\/\/www.europesays.com\/fr\/wp-json\/wp\/v2\/posts\/22133\/revisions"}],"wp:featuredmedia":[{"embeddable":true,"href":"https:\/\/www.europesays.com\/fr\/wp-json\/wp\/v2\/media\/22134"}],"wp:attachment":[{"href":"https:\/\/www.europesays.com\/fr\/wp-json\/wp\/v2\/media?parent=22133"}],"wp:term":[{"taxonomy":"category","embeddable":true,"href":"https:\/\/www.europesays.com\/fr\/wp-json\/wp\/v2\/categories?post=22133"},{"taxonomy":"post_tag","embeddable":true,"href":"https:\/\/www.europesays.com\/fr\/wp-json\/wp\/v2\/tags?post=22133"}],"curies":[{"name":"wp","href":"https:\/\/api.w.org\/{rel}","templated":true}]}}