{"id":221330,"date":"2025-07-02T18:48:12","date_gmt":"2025-07-02T18:48:12","guid":{"rendered":"https:\/\/www.europesays.com\/fr\/221330\/"},"modified":"2025-07-02T18:48:12","modified_gmt":"2025-07-02T18:48:12","slug":"on-a-peur-que-le-regime-prenne-sa-revanche-sur-les-civils-bloquee-en-iran-cette-etudiante-espere-revenir-a-nice","status":"publish","type":"post","link":"https:\/\/www.europesays.com\/fr\/221330\/","title":{"rendered":"\u00ab\u00a0On a peur que le r\u00e9gime prenne sa revanche sur les civils\u00a0\u00bb: bloqu\u00e9e en Iran, cette \u00e9tudiante esp\u00e8re revenir \u00e0 Nice"},"content":{"rendered":"<p>Setareh, 27 ans, est arriv\u00e9e \u00e0 Nice \u00e0 la rentr\u00e9e 2023, inscrite dans un master \u00e0 l\u2019universit\u00e9 C\u00f4te d\u2019Azur (1).<\/p>\n<p>Partie en vacances \u00e0 T\u00e9h\u00e9ran juste avant <a href=\"https:\/\/www.nicematin.com\/conflits\/c-est-vraiment-la-guerre-personne-ne-se-rappelle-comment-etait-la-vie-avant-pris-au-piege-en-israel-iraniens-sur-place-ou-en-exil-ces-azureens-temoignent-990782\" target=\"_blank\" rel=\"noopener\">la guerre des 12 jours d\u00e9clench\u00e9e par Isra\u00ebl,<\/a> elle esp\u00e8re revenir ce vendredi 4 juillet \u00e0 Nice, malgr\u00e9 la suspension des vols en Iran.<\/p>\n<p><strong>Pourquoi \u00eatre partie en Iran, malgr\u00e9 les risques?<\/strong><\/p>\n<p>Je voulais rendre visite \u00e0 mon grand-p\u00e8re, atteint d\u2019un cancer. Je suis partie fin mai, et mon vol retour \u00e9tait pr\u00e9vu le 16 juin. Dans la nuit du vendredi 13 au samedi 14, on a entendu beaucoup de bruit. Avec mes parents, nous pensions que c\u2019\u00e9tait l\u2019orage. On ne pensait pas que la guerre pouvait s\u00e9rieusement arriver. Alors quand je me suis r\u00e9veill\u00e9e et que j\u2019ai vu les infos, j\u2019ai \u00e9t\u00e9 choqu\u00e9e. Et j\u2019ai tout de suite compris que je ne pourrais pas rentrer \u00e0 Nice le lundi.<\/p>\n<p><strong>Comment comptez-vous revenir \u00e0 Nice, alors que les vols sont suspendus?<\/strong><\/p>\n<p>Nous allons conduire jusqu\u2019\u00e0 la fronti\u00e8re turque pour prendre un avion l\u00e0-bas. Nous devons passer la fronti\u00e8re \u00e0 Razi, \u00e0 une centaine de kilom\u00e8tres de Van, \u00e0 l\u2019est du pays. Je devrais arriver vendredi \u00e0 Nice. Beaucoup de gens qui \u00e9taient en vacances, surtout des \u00e9tudiants, qui font comme moi. Ce n\u2019est pas ill\u00e9gal, car on peut aller en Turquie avec le passeport iranien. Donc il n\u2019y a pas trop de risques.<\/p>\n<p><strong>Comment avez-vous v\u00e9cu la guerre ?<\/strong><\/p>\n<p>              <img ci-src=\"https:\/\/www.nicematin.com\/faits-de-societe\/protec\/DATA_ART_15828203-9kuYmujW.jpg?vh=aadb93&amp;ci_seal=23b66c98e1\" alt=\"\"\/><br \/>\n        Les bombardements isra\u00e9liens ont caus\u00e9 d\u2019importants d\u00e9g\u00e2ts \u00e0 Teheran. <strong>DR.<\/strong> <\/p>\n<p>Comme beaucoup de monde, on a fui T\u00e9h\u00e9ran, et on est all\u00e9 se r\u00e9fugier au nord du pays, au bord de la mer Caspienne. Il y avait beaucoup de bouchons sur la route. On est rest\u00e9 deux semaines, sauf mon p\u00e8re qui devait retourner travailler au bout d\u2019une semaine. Il travaille dans la fonction publique, donc il n\u2019avait pas le choix. C\u2019est l\u00e0 que notre quartier a \u00e9t\u00e9 bombard\u00e9, et des fen\u00eatres ont explos\u00e9 quand il dormait. Isra\u00ebl avait pr\u00e9venu qu\u2019ils allaient attaquer ce quartier, mais internet avait \u00e9t\u00e9 coup\u00e9, donc mon p\u00e8re n\u2019avait aucun moyen de savoir. Et le gouvernement n\u2019a pas pr\u00e9venu. Ils sont forts pour crier \u00ab\u00a0mort \u00e0 Isra\u00ebl\u00a0\u00bb et fabriquer des missiles, mais ils n\u2019ont jamais rien pr\u00e9vu pour le peuple en cas de guerre. Il n\u2019y a aucun abri pour se prot\u00e9ger.<\/p>\n<p><strong>Vous avez eu peur?<\/strong><\/p>\n<p>Personnellement, j\u2019avais surtout peur des cons\u00e9quences financi\u00e8res de la guerre. Les p\u00e9nuries alimentaires, l\u2019impossibilit\u00e9 de retirer de l\u2019argent&#8230; Car je sais que le gouvernement isra\u00e9lien ne ciblait pas les civils \u2013 m\u00eame si de nombreux civils sont morts. Je n\u2019avais pas peur que quelque chose m\u2019arrive. Mais je sais que beaucoup d\u2019Iraniens avaient peur, et font encore des cauchemars aujourd\u2019hui.<\/p>\n<p><strong>Vous faites confiance \u00e0 Isra\u00ebl?<\/strong><\/p>\n<p>Je ne suis pas avec le gouvernement isra\u00e9lien. Pendant le conflit, j\u2019ai regard\u00e9 X (ex-Twitter), et j\u2019ai compris que les Iraniens \u00e9taient divis\u00e9s en trois groupes. Le premier, ce sont les gens qui supportent le r\u00e9gime. Ils sont tr\u00e8s minoritaires, et pour moi, ils sont responsables de la guerre. Imaginez, chez vous, dans quel \u00e9tat serait le pays si l\u2019extr\u00eame droite avait le pouvoir depuis 50 ans.. Quand j\u2019\u00e9tais petite, je devais marcher sur le drapeau isra\u00e9lien, je ne comprenais pas pourquoi. Ce n\u2019est pas ma guerre, c\u2019est celle du r\u00e9gime et des gens qui le supportent. Le deuxi\u00e8me groupe, c\u2019est ceux qui sont contre la guerre, mais qui voient dans celle-ci des choses positives. Comme tous ces g\u00e9n\u00e9raux qui ont \u00e9t\u00e9 tu\u00e9s, qui \u00e9taient des bourreaux du peuple en novembre 2019, quand le gouvernement a tu\u00e9 au moins 1.500 personnes. Quand ils sont morts, j\u2019\u00e9tais contente. Le troisi\u00e8me groupe est compl\u00e8tement oppos\u00e9 la guerre, et ne trouve rien de positif en elle. Ils disent que c\u2019est une invasion. Mais \u00e0 mon avis, notre pays est d\u00e9j\u00e0 sous occupation par le r\u00e9gime. Il difficile d\u2019exprimer ce que je ressens. Je ne suis pas heureuse, car beaucoup de civils ont \u00e9t\u00e9 tu\u00e9s. Je veux que le r\u00e9gime change, mais je pense pas qu\u2019Isra\u00ebl puisse le faire. C\u2019est \u00e0 nous de le faire. Peut-\u00eatre une autre fois. ..<\/p>\n<p><strong>Pensez-vous que le prince h\u00e9ritier Reza Pahlavi puisse jouer un r\u00f4le?<\/strong><\/p>\n<p>Il ne veut pas diriger le pays, il l\u2019a dit \u00e0 plusieurs reprises, il veut juste diriger la transition. De toute fa\u00e7on, la majorit\u00e9 des Iraniens, moi y compris, ne veulent pas d\u2019un nouveau leader. Mais je crois en lui pour une p\u00e9riode de transition, pour \u00e9viter le chaos. C\u2019est mieux que rien. Et peut-\u00eatre m\u00eame que Pahlavi pourrait collaborer avec le pr\u00e9sident Pezechkian. Car je pense qu\u2019il faut bien s\u00e9parer les gardiens de la r\u00e9volution, les mollahs, et le guide supr\u00eame, de certains membres du gouvernement. Et \u00e9viter une vacance du pouvoir.<\/p>\n<p><strong>Que pensent les gens en Iran?<\/strong><\/p>\n<p>La plupart sont d\u00e9\u00e7us. Car il y a eu une guerre, les infrastructures ont \u00e9t\u00e9 d\u00e9truites, mais le dictateur existe toujours (le guide supr\u00eame Ali Khamenei, Ndlr). Et maintenant, on a peur que le r\u00e9gime prenne sa revanche sur les civils. Beaucoup de personnes ont \u00e9t\u00e9 arr\u00eat\u00e9es, accus\u00e9es d\u2019\u00eatre des espions \u00e0 la solde d\u2019Isra\u00ebl.<\/p>\n<p><strong>Pourquoi revenez-vous \u00e0 Nice?<\/strong><\/p>\n<p>J\u2019ai eu mon master cette ann\u00e9e, et maintenant, avec mon titre de s\u00e9jour, j\u2019ai un an pour trouver un job. J\u2019aimerais travailler dans le monde du parfum, c\u2019est pour \u00e7a que je suis venue dans le sud de la France. Donc je vais chercher des opportunit\u00e9s, ici ou ailleurs. \u00c9tudier \u00e0 l\u2019\u00e9tranger, c\u2019est une tr\u00e8s belle exp\u00e9rience. Je souhaite \u00e0 tout le monde de pouvoir le faire. Et particuli\u00e8rement, \u00e0 Nice, parce que c\u2019est une des plus belles villes du monde.<\/p>\n<p>1. Le pr\u00e9nom a \u00e9t\u00e9 chang\u00e9.<\/p>\n","protected":false},"excerpt":{"rendered":"Setareh, 27 ans, est arriv\u00e9e \u00e0 Nice \u00e0 la rentr\u00e9e 2023, inscrite dans un master \u00e0 l\u2019universit\u00e9 C\u00f4te&hellip;\n","protected":false},"author":2,"featured_media":221331,"comment_status":"","ping_status":"","sticky":false,"template":"","format":"standard","meta":{"footnotes":""},"categories":[2819],"tags":[1111,11,1777,674,332,1011,27,12,2401,882,25],"class_list":{"0":"post-221330","1":"post","2":"type-post","3":"status-publish","4":"format-standard","5":"has-post-thumbnail","7":"category-nice","8":"tag-actu","9":"tag-actualites","10":"tag-eu","11":"tag-europe","12":"tag-faits-de-societe","13":"tag-fr","14":"tag-france","15":"tag-news","16":"tag-nice","17":"tag-provence-alpes-cote-dazur","18":"tag-republique-francaise"},"share_on_mastodon":{"url":"https:\/\/pubeurope.com\/@fr\/114785137699605579","error":""},"_links":{"self":[{"href":"https:\/\/www.europesays.com\/fr\/wp-json\/wp\/v2\/posts\/221330","targetHints":{"allow":["GET"]}}],"collection":[{"href":"https:\/\/www.europesays.com\/fr\/wp-json\/wp\/v2\/posts"}],"about":[{"href":"https:\/\/www.europesays.com\/fr\/wp-json\/wp\/v2\/types\/post"}],"author":[{"embeddable":true,"href":"https:\/\/www.europesays.com\/fr\/wp-json\/wp\/v2\/users\/2"}],"replies":[{"embeddable":true,"href":"https:\/\/www.europesays.com\/fr\/wp-json\/wp\/v2\/comments?post=221330"}],"version-history":[{"count":0,"href":"https:\/\/www.europesays.com\/fr\/wp-json\/wp\/v2\/posts\/221330\/revisions"}],"wp:featuredmedia":[{"embeddable":true,"href":"https:\/\/www.europesays.com\/fr\/wp-json\/wp\/v2\/media\/221331"}],"wp:attachment":[{"href":"https:\/\/www.europesays.com\/fr\/wp-json\/wp\/v2\/media?parent=221330"}],"wp:term":[{"taxonomy":"category","embeddable":true,"href":"https:\/\/www.europesays.com\/fr\/wp-json\/wp\/v2\/categories?post=221330"},{"taxonomy":"post_tag","embeddable":true,"href":"https:\/\/www.europesays.com\/fr\/wp-json\/wp\/v2\/tags?post=221330"}],"curies":[{"name":"wp","href":"https:\/\/api.w.org\/{rel}","templated":true}]}}