{"id":221332,"date":"2025-07-02T18:49:15","date_gmt":"2025-07-02T18:49:15","guid":{"rendered":"https:\/\/www.europesays.com\/fr\/221332\/"},"modified":"2025-07-02T18:49:15","modified_gmt":"2025-07-02T18:49:15","slug":"50-des-vols-annules-a-nice-40-a-paris-avant-les-grandes-vacances","status":"publish","type":"post","link":"https:\/\/www.europesays.com\/fr\/221332\/","title":{"rendered":"50% des vols annul\u00e9s \u00e0 Nice, 40% \u00e0 Paris avant les grandes vacances"},"content":{"rendered":"<p>            Par<br \/>\n        <strong><br \/>\n            <a href=\"https:\/\/actu.fr\/auteur\/anne-laure-petit-henon\" title=\"Consulter tous les articles de Anne-Laure Petit-H\u00e9non\" rel=\"nofollow noopener\" target=\"_blank\">Anne-Laure Petit-H\u00e9non<\/a><br \/>\n        <\/strong><\/p>\n<p>        Publi\u00e9 le<\/p>\n<p>            2 juil. 2025 \u00e0 19h22        <\/p>\n<p>Si vous avez pr\u00e9vu de partir en vacances en cette fin de semaine, il va peut-\u00eatre falloir revoir vos plans. Les contr\u00f4leurs a\u00e9riens avaient d\u00e9pos\u00e9, fin juin\u00a02025,<a href=\"https:\/\/actu.fr\/societe\/les-controleurs-aeriens-lancent-un-preavis-de-greve-juste-avant-les-vacances-d-ete-des-perturbations-prevues_62811806.html\" rel=\"nofollow noopener\" target=\"_blank\"> un pr\u00e9avis de gr\u00e8ve<\/a> pour les journ\u00e9es de 3 et 4\u00a0juillet.<\/p>\n<p class=\" wall-content\">Et selon les pr\u00e9visions de l\u2019aviation civile, des perturbations sont \u00e0 pr\u00e9voir dans toute la France.<\/p>\n<p>Des annulations dans une dizaine d\u2019a\u00e9roports au moins<\/p>\n<p class=\" wall-content\">Dans un communiqu\u00e9 transmis \u00e0 actu.fr, la DNAC anticipe \u00ab\u2009des perturbations et des retards importants sur l\u2019ensemble des a\u00e9roports fran\u00e7ais\u2009\u00bb.<\/p>\n<p class=\" wall-content\">Toutefois, en mesure d\u2019anticipation, l\u2019aviation civile avait demand\u00e9 aux compagnies a\u00e9riennes de \u00ab\u2009r\u00e9duire leur programme de vols\u2009\u00bb pour la journ\u00e9e de vendredi. Ainsi, la proportion des vols annul\u00e9s est\u2009:<\/p>\n<ul class=\" wall-content\">\n<li>30\u2009% pour les a\u00e9roports de Lyon, Marseille, Montpellier, Ajaccio, Bastia, Calvi et Figari<\/li>\n<li>40\u2009% pour les a\u00e9roports de Paris et Paris-Beauvais<\/li>\n<li>50\u2009% pour l\u2019a\u00e9roport de Nice<\/li>\n<\/ul>\n<p>Vid\u00e9os : en ce moment sur ActuD\u00e9noncer un management toxique<\/p>\n<p class=\" wall-content\">Le pr\u00e9avis de gr\u00e8ve a \u00e9t\u00e9 d\u00e9pos\u00e9 par L\u2019UNSA-ICNA, qui \u00ab\u2009d\u00e9nonce les d\u00e9rives manag\u00e9riales au sein de la Direction des services de la navigation a\u00e9rienne, dont le mode de management autoritaire, brutal, reniant ses engagements et d\u00e9connect\u00e9 des r\u00e9alit\u00e9s op\u00e9rationnelles, entretient un climat de pression constante et de d\u00e9fiance incompatible avec les exigences en mati\u00e8re de s\u00e9r\u00e9nit\u00e9 et de s\u00e9curit\u00e9 du m\u00e9tier de contr\u00f4leur a\u00e9rien\u2009\u00bb, a-t-il d\u00e9taill\u00e9.<\/p>\n<p class=\" wall-content\">L\u2019organisation, qui a rassembl\u00e9 17\u2009% des voix aux derni\u00e8res \u00e9lections professionnelles, \u00ab\u2009tient \u00e0 rappeler que la cause premi\u00e8re des retards et du manque de performance imputables aux services de la navigation a\u00e9rienne fran\u00e7aise est connue\u2009: un sous-effectif structurel, fruit d\u2019une politique de recrutements d\u00e9faillante et d\u2019une absence d\u2019anticipation, malgr\u00e9 les signaux d\u2019alerte transmis depuis des ann\u00e9es\u2009\u00bb.<\/p>\n<p class=\" wall-content\">Suivez toute l\u2019actualit\u00e9 de vos villes et m\u00e9dias favoris en vous inscrivant \u00e0 <a href=\"https:\/\/moncompte.actu.fr\" title=\"D\u00e9couvez Mon Actu\" rel=\"nofollow noopener\" data-trk=\"{&quot;cta&quot;:{&quot;action&quot;:&quot;https:\\\/\\\/moncompte.actu.fr&quot;,&quot;category&quot;:&quot;mon compte&quot;,&quot;from&quot;:&quot;article footer&quot;,&quot;name&quot;:&quot;Mon actu&quot;,&quot;type&quot;:&quot;cta&quot;}}\" target=\"_blank\">Mon Actu<\/a>.<\/p>\n<ul class=\"ac-article-tag wall-content\">\n<li><a href=\"https:\/\/actu.fr\/tag\/aeroport-dorly\" data-trk=\"{&quot;cta&quot;:{&quot;action&quot;:&quot;A\\u00e9roport d&#039;Orly&quot;,&quot;category&quot;:&quot;tag&quot;,&quot;from&quot;:&quot;article footer&quot;,&quot;name&quot;:&quot;A\\u00e9roport d&#039;Orly&quot;,&quot;type&quot;:&quot;cta&quot;}}\" rel=\"nofollow noopener\" target=\"_blank\">#A\u00e9roport d&rsquo;Orly<\/a><\/li>\n<li><a href=\"https:\/\/actu.fr\/tag\/aeroport-de-paris-beauvais\" data-trk=\"{&quot;cta&quot;:{&quot;action&quot;:&quot;A\\u00e9roport de Paris-Beauvais&quot;,&quot;category&quot;:&quot;tag&quot;,&quot;from&quot;:&quot;article footer&quot;,&quot;name&quot;:&quot;A\\u00e9roport de Paris-Beauvais&quot;,&quot;type&quot;:&quot;cta&quot;}}\" rel=\"nofollow noopener\" target=\"_blank\">#A\u00e9roport de Paris-Beauvais<\/a><\/li>\n<\/ul>\n","protected":false},"excerpt":{"rendered":"Par Anne-Laure Petit-H\u00e9non Publi\u00e9 le 2 juil. 2025 \u00e0 19h22 Si vous avez pr\u00e9vu de partir en vacances&hellip;\n","protected":false},"author":2,"featured_media":221333,"comment_status":"","ping_status":"","sticky":false,"template":"","format":"standard","meta":{"footnotes":""},"categories":[2819],"tags":[1111,11,659,36014,1777,674,1011,27,12,2401,882,25,104],"class_list":{"0":"post-221332","1":"post","2":"type-post","3":"status-publish","4":"format-standard","5":"has-post-thumbnail","7":"category-nice","8":"tag-actu","9":"tag-actualites","10":"tag-aeroport-dorly","11":"tag-aeroport-de-paris-beauvais","12":"tag-eu","13":"tag-europe","14":"tag-fr","15":"tag-france","16":"tag-news","17":"tag-nice","18":"tag-provence-alpes-cote-dazur","19":"tag-republique-francaise","20":"tag-societe"},"share_on_mastodon":{"url":"https:\/\/pubeurope.com\/@fr\/114785141561040959","error":""},"_links":{"self":[{"href":"https:\/\/www.europesays.com\/fr\/wp-json\/wp\/v2\/posts\/221332","targetHints":{"allow":["GET"]}}],"collection":[{"href":"https:\/\/www.europesays.com\/fr\/wp-json\/wp\/v2\/posts"}],"about":[{"href":"https:\/\/www.europesays.com\/fr\/wp-json\/wp\/v2\/types\/post"}],"author":[{"embeddable":true,"href":"https:\/\/www.europesays.com\/fr\/wp-json\/wp\/v2\/users\/2"}],"replies":[{"embeddable":true,"href":"https:\/\/www.europesays.com\/fr\/wp-json\/wp\/v2\/comments?post=221332"}],"version-history":[{"count":0,"href":"https:\/\/www.europesays.com\/fr\/wp-json\/wp\/v2\/posts\/221332\/revisions"}],"wp:featuredmedia":[{"embeddable":true,"href":"https:\/\/www.europesays.com\/fr\/wp-json\/wp\/v2\/media\/221333"}],"wp:attachment":[{"href":"https:\/\/www.europesays.com\/fr\/wp-json\/wp\/v2\/media?parent=221332"}],"wp:term":[{"taxonomy":"category","embeddable":true,"href":"https:\/\/www.europesays.com\/fr\/wp-json\/wp\/v2\/categories?post=221332"},{"taxonomy":"post_tag","embeddable":true,"href":"https:\/\/www.europesays.com\/fr\/wp-json\/wp\/v2\/tags?post=221332"}],"curies":[{"name":"wp","href":"https:\/\/api.w.org\/{rel}","templated":true}]}}