{"id":221337,"date":"2025-07-02T18:56:17","date_gmt":"2025-07-02T18:56:17","guid":{"rendered":"https:\/\/www.europesays.com\/fr\/221337\/"},"modified":"2025-07-02T18:56:17","modified_gmt":"2025-07-02T18:56:17","slug":"mercato-alexis-sauvage-ne-signe-pas-aux-girondins-de-bordeaux-et-prolonge-avec-amiens","status":"publish","type":"post","link":"https:\/\/www.europesays.com\/fr\/221337\/","title":{"rendered":"Mercato : Alexis Sauvage ne signe pas aux Girondins de Bordeaux et prolonge avec Amiens"},"content":{"rendered":"<p><img decoding=\"async\" src=\"https:\/\/www.europesays.com\/fr\/wp-content\/uploads\/2025\/06\/671_e404b01a23324496d32a0c616a3a5738.jpg\" alt=\"Mercato : Alexis Sauvage ne signe pas aux Girondins de Bordeaux et prolonge avec Amiens\" class=\"img-responsive mt-3\"\/><\/p>\n<p class=\"text-center mb-3\" style=\"font-size: 14px\">\u00a9 Iconsport<\/p>\n<p style=\"text-align: justify;\">Alexis Sauvage (33 ans) prolonge d&rsquo;une saison avec Amiens SC. Le club Picard, dont le gardien num\u00e9ro 1, R\u00e9gis Gurtner, veut partir, assure et prolonge Alexis Sauvage.<\/p>\n<blockquote class=\"twitter-tweet\">\n<p dir=\"ltr\" lang=\"fr\">:gloves: ???????????? ???????????????????????? ???????? ???????????????? ???????????????? ???????????????????????? ????????????????????????????<\/p>\n<p>Exp\u00e9rience, mentalit\u00e9, pilier du vestiaire\u2026 Notre portier prolonge d&rsquo;une saison sous les couleurs ami\u00e9noises ! <\/p>\n<p>:rolled_up_newspaper:\ufe0f <a href=\"https:\/\/t.co\/DUpg7c2FlC\">https:\/\/t.co\/DUpg7c2FlC<\/a> <a href=\"https:\/\/t.co\/ikPa9hAGhp\">pic.twitter.com\/ikPa9hAGhp<\/a><\/p>\n<p>\u2014 Amiens SC (@AmiensSC) <a href=\"https:\/\/twitter.com\/AmiensSC\/status\/1940443716063465946?ref_src=twsrc%5Etfw\" target=\"_blank\" rel=\"noopener\">July 2, 2025<\/a>\n<\/p><\/blockquote>\n<p><strong>Quel gardien dans les buts des Girondins ?<\/strong><\/p>\n<p style=\"text-align: justify;\">C&rsquo;est une piste de moins pour les Girondins de Bordeaux pour occuper le poste de gardien de but. En effet, Lassana Diabat\u00e9 n&rsquo;a pas prolong\u00e9 pour le moment son contrat avec les Marine et Blanc.<\/p>\n<p style=\"text-align: justify;\">La reprise de l&rsquo;entrainement est fix\u00e9e le lundi 7 juillet au Haillan.<\/p>\n<p style=\"text-align: justify;\">\u00c0 lire aussi &gt;&gt; <strong><a href=\"https:\/\/www.webgirondins.com\/actualite-girondins-girondins-jeremy-grain-ne-pas-monter-avec-cet-effectif-est-une-faute-professionnelle-129591\" target=\"_blank\" rel=\"noopener\">J\u00e9r\u00e9my Grain : \u00ab\u00a0Ne pas monter avec cet effectif est une faute professionnelle\u00a0\u00bb<\/a><\/strong><\/p>\n<p style=\"text-align: justify;\">Restez Connect\u00e9 aux infos des Girondins de Bordeaux gr\u00e2ce \u00e0 WhatsApp. Ne ratez plus aucune information importante. Rejoignez la<strong> <a href=\"https:\/\/whatsapp.com\/channel\/0029VaDygopCRs1h8xNMgI1y\" target=\"_blank\" rel=\"noopener\">cha\u00eene d&rsquo;information WhatsApp de WebGirondins<\/a><\/strong>. C&rsquo;est gratuit, avec 2 \u00e0 3 infos maximum par jour, r\u00e9sultat, interview, analyses etc.<\/p>\n<p style=\"text-align: justify;\">Le podcast :<\/p>\n<p style=\"text-align: justify;\">\u00a0<\/p>\n<p>    <script async src=\"https:\/\/platform.twitter.com\/widgets.js\" charset=\"utf-8\"><\/script><\/p>\n","protected":false},"excerpt":{"rendered":"\u00a9 Iconsport Alexis Sauvage (33 ans) prolonge d&rsquo;une saison avec Amiens SC. Le club Picard, dont le gardien&hellip;\n","protected":false},"author":2,"featured_media":181736,"comment_status":"","ping_status":"","sticky":false,"template":"","format":"standard","meta":{"footnotes":""},"categories":[2817],"tags":[1111,11,30823,24738,2562,3396,1997,5244,3108,1777,674,17515,1011,27,1987,1434,12,2219,33434,31939,11852,9741,36015,25,3242,31937,3789,13703,5256],"class_list":{"0":"post-221337","1":"post","2":"type-post","3":"status-publish","4":"format-standard","5":"has-post-thumbnail","7":"category-bordeaux","8":"tag-actu","9":"tag-actualites","10":"tag-alexis","11":"tag-amiens","12":"tag-annonce","13":"tag-avec","14":"tag-bordeaux","15":"tag-club","16":"tag-contrat","17":"tag-eu","18":"tag-europe","19":"tag-finalement","20":"tag-fr","21":"tag-france","22":"tag-girondins","23":"tag-mercato","24":"tag-news","25":"tag-nouvelle-aquitaine","26":"tag-partance","27":"tag-picard","28":"tag-prolonge","29":"tag-prolonger","30":"tag-rempiler","31":"tag-republique-francaise","32":"tag-saison","33":"tag-sauvage","34":"tag-signe","35":"tag-vers","36":"tag-vient"},"share_on_mastodon":{"url":"https:\/\/pubeurope.com\/@fr\/114785169219863238","error":""},"_links":{"self":[{"href":"https:\/\/www.europesays.com\/fr\/wp-json\/wp\/v2\/posts\/221337","targetHints":{"allow":["GET"]}}],"collection":[{"href":"https:\/\/www.europesays.com\/fr\/wp-json\/wp\/v2\/posts"}],"about":[{"href":"https:\/\/www.europesays.com\/fr\/wp-json\/wp\/v2\/types\/post"}],"author":[{"embeddable":true,"href":"https:\/\/www.europesays.com\/fr\/wp-json\/wp\/v2\/users\/2"}],"replies":[{"embeddable":true,"href":"https:\/\/www.europesays.com\/fr\/wp-json\/wp\/v2\/comments?post=221337"}],"version-history":[{"count":0,"href":"https:\/\/www.europesays.com\/fr\/wp-json\/wp\/v2\/posts\/221337\/revisions"}],"wp:featuredmedia":[{"embeddable":true,"href":"https:\/\/www.europesays.com\/fr\/wp-json\/wp\/v2\/media\/181736"}],"wp:attachment":[{"href":"https:\/\/www.europesays.com\/fr\/wp-json\/wp\/v2\/media?parent=221337"}],"wp:term":[{"taxonomy":"category","embeddable":true,"href":"https:\/\/www.europesays.com\/fr\/wp-json\/wp\/v2\/categories?post=221337"},{"taxonomy":"post_tag","embeddable":true,"href":"https:\/\/www.europesays.com\/fr\/wp-json\/wp\/v2\/tags?post=221337"}],"curies":[{"name":"wp","href":"https:\/\/api.w.org\/{rel}","templated":true}]}}