{"id":221342,"date":"2025-07-02T18:59:32","date_gmt":"2025-07-02T18:59:32","guid":{"rendered":"https:\/\/www.europesays.com\/fr\/221342\/"},"modified":"2025-07-02T18:59:32","modified_gmt":"2025-07-02T18:59:32","slug":"que-faire-a-lille-cet-ete-2025","status":"publish","type":"post","link":"https:\/\/www.europesays.com\/fr\/221342\/","title":{"rendered":"Que faire \u00e0 Lille cet \u00e9t\u00e9 2025 ?"},"content":{"rendered":"<p class=\"has-text-align-center\"><strong>Zoom Sur Lille vous propose quelques id\u00e9es sorties pour ces vacances d\u2019\u00e9t\u00e9 2025 !!!<\/strong><\/p>\n<p class=\"has-text-align-center\">Grand D\u00e9part du Tour de France<\/p>\n<p><a href=\"https:\/\/www.zoomsurlille.fr\/wp-content\/uploads\/2025\/05\/tour_france_2025_grand_depart_lille_01.jpg\" target=\"_blank\" rel=\"noreferrer noopener\"><img loading=\"lazy\" decoding=\"async\" width=\"1024\" height=\"683\" src=\"https:\/\/www.europesays.com\/fr\/wp-content\/uploads\/2025\/07\/tour_france_2025_grand_depart_lille_01-1024x683.jpg\" alt=\"\" class=\"wp-image-84675\" style=\"aspect-ratio:1.499267935578331;width:450px;height:auto\"  \/><\/a><\/p>\n<p style=\"text-align: justify;\"><strong>Lille<\/strong> va accueillir le <strong>Grand D\u00e9part du Tour de France<\/strong> en <strong>2025<\/strong> et cela pour la <strong>3\u00e8me fois de son histoire <\/strong>(1960, 1994 &amp; 2025).<\/p>\n<p style=\"text-align: justify;\">La derni\u00e8re fois que la <strong>Capitale des Flandres<\/strong> a accueilli un<strong> d\u00e9part d\u2019\u00e9tape <\/strong>du <strong>Tour de France<\/strong>, c\u2019\u00e9tait en<strong>\u00a02022<\/strong> avec la <strong>5\u00e8me \u00e9tape<\/strong> entre <strong>Lille M\u00e9tropole <\/strong>et <strong>Arenberg<\/strong> et ses <strong>secteurs pav\u00e9s.<\/strong><\/p>\n<p><strong><img loading=\"lazy\" decoding=\"async\" class=\" wp-image-45\" src=\"https:\/\/www.europesays.com\/fr\/wp-content\/uploads\/2025\/04\/arrow.png\" alt=\"\" width=\"9\" height=\"9\"\/> Tour de France<\/strong><br \/>Rues de Lille<br \/><img loading=\"lazy\" decoding=\"async\" class=\" wp-image-45\" src=\"https:\/\/www.europesays.com\/fr\/wp-content\/uploads\/2025\/04\/arrow.png\" alt=\"\" width=\"9\" height=\"9\"\/> <strong>Tarif :<\/strong> gratuit<\/p>\n<p><img decoding=\"async\" loading=\"lazy\" width=\"9\" height=\"9\" data-lazy-src=\"https:\/\/www.europesays.com\/fr\/wp-content\/uploads\/2025\/04\/1743937991_452_arrow.png\" class=\"tie-appear\" src=\"https:\/\/www.europesays.com\/fr\/wp-content\/uploads\/2025\/04\/1743937991_452_arrow.png\" alt=\"\"\/> <a href=\"https:\/\/www.zoomsurlille.fr\/tag\/tour-de-france-2025\" target=\"_blank\" rel=\"noreferrer noopener\">D\u00e9couvrez nos articles sur le Tour de France 2025\u00a0<\/a><\/p>\n<p class=\"has-text-align-center\">Lille Aventure Nature<\/p>\n<p><a href=\"https:\/\/www.zoomsurlille.fr\/wp-content\/uploads\/2025\/06\/lille_aventure_nature_2025_02.jpg\" target=\"_blank\" rel=\"noreferrer noopener\"><img decoding=\"async\" loading=\"lazy\" width=\"722\" height=\"1024\" src=\"https:\/\/www.europesays.com\/fr\/wp-content\/uploads\/2025\/06\/lille_aventure_nature_2025_02-722x1024.jpg\" alt=\"\" class=\"wp-image-85794\" style=\"aspect-ratio:0.705078125;object-fit:cover;width:350px\"  \/><\/a><\/p>\n<p style=\"text-align: justify;\">La <strong>Ville de Lille<\/strong> vous propose son <strong>lot d\u2019animations<\/strong> pour <strong>s\u2019occuper tout l\u2019\u00e9t\u00e9 !<\/strong> Il y en aura <strong>pour tous les go\u00fbts :<\/strong> <strong>sport, loisirs, culture <\/strong>et <strong>nature.<\/strong><\/p>\n<p><strong><img decoding=\"async\" loading=\"lazy\" width=\"9\" height=\"9\" class=\" wp-image-45\" src=\"https:\/\/www.europesays.com\/fr\/wp-content\/uploads\/2025\/04\/arrow.png\" alt=\"\"\/> L\u2019\u00e9t\u00e9 \u00e0 Lille<\/strong><br \/>Lille<br \/><img decoding=\"async\" loading=\"lazy\" width=\"9\" height=\"9\" class=\" wp-image-45\" src=\"https:\/\/www.europesays.com\/fr\/wp-content\/uploads\/2025\/04\/arrow.png\" alt=\"\"\/> <strong>Tarif :<\/strong> gratuit<\/p>\n<p style=\"text-align: justify;\"><img decoding=\"async\" loading=\"lazy\" class=\"tie-appear\" src=\"https:\/\/www.europesays.com\/fr\/wp-content\/uploads\/2025\/04\/1743937991_452_arrow.png\" alt=\"\" width=\"9\" height=\"9\" data-lazy-src=\"https:\/\/www.europesays.com\/fr\/wp-content\/uploads\/2025\/04\/1743937991_452_arrow.png\"\/> <a href=\"https:\/\/www.zoomsurlille.fr\/actualites\/du-10-juillet-au-20-aout-2025-lille-aventure-nature-vous-attend-dans-le-quartier-de-bois-blancs\" target=\"_blank\" rel=\"noopener\">D\u00e9couvrez notre article sur Lille Aventure Nature\u00a0<\/a><\/p>\n<p class=\"has-text-align-center\">F\u00eate Nationale 2025<\/p>\n<tr>\n<td class=\"has-text-align-center\" data-align=\"center\"><a href=\"https:\/\/www.europesays.com\/fr\/wp-content\/uploads\/2025\/07\/14_juillet_2019_defile.jpg\" target=\"_blank\" rel=\"noreferrer noopener\"><img decoding=\"async\" loading=\"lazy\" width=\"1280\" height=\"848\" class=\"wp-image-37433\" style=\"width: 300px;\" src=\"https:\/\/www.europesays.com\/fr\/wp-content\/uploads\/2025\/07\/14_juillet_2019_defile.jpg\" alt=\"\"  \/><\/a><\/td>\n<td class=\"has-text-align-center\" data-align=\"center\"><a href=\"https:\/\/www.europesays.com\/fr\/wp-content\/uploads\/2025\/07\/feu_artifice2018.jpg\" target=\"_blank\" rel=\"noreferrer noopener\"><img decoding=\"async\" loading=\"lazy\" width=\"1280\" height=\"848\" class=\"wp-image-28956\" style=\"width: 300px;\" src=\"https:\/\/www.europesays.com\/fr\/wp-content\/uploads\/2025\/07\/feu_artifice2018.jpg\" alt=\"\"  \/><\/a><\/td>\n<\/tr>\n<p><strong>Vendredi 11 juillet 2025<\/strong><br \/><strong>Bal Populaire du Faubourg de B\u00e9thune<\/strong> <br \/>De 15h \u00e0 23h\u00a0: 15, avenue Verhaeren<\/p>\n<p style=\"text-align: justify;\">Le Bal populaire du quartier rassemble les habitants autour d\u2019animations, d\u2019un barbecue et de moments festifs. Une occasion joyeuse de cr\u00e9er du lien, de c\u00e9l\u00e9brer la vie de quartier et de dynamiser le Faubourg de B\u00e9thune dans une ambiance chaleureuse et conviviale.<\/p>\n<p><strong>Au programme :<\/strong><\/p>\n<p>\u2013 Kermesse \u00e0 partir de 15h,<\/p>\n<p>\u2013 DJ set \u00e0 partir de 19h,<\/p>\n<p>\u2013 Petite restauration sur place.<\/p>\n<p><strong>Samedi 12 juillet 2025<\/strong><br \/><strong>Bal Populaire &amp; Spectacles \u00e0 Moulins<\/strong><br \/>De 14h \u00e0 22h30 : Place Vanhoenacker<\/p>\n<p style=\"text-align: justify;\">Rendez-vous autour de la place Vanhoenacker et de la place du Carnaval pour une grande journ\u00e9e de f\u00eate. <\/p>\n<p>Bal populaire : une soir\u00e9e inoubliable vous attend sur des rythmes soul et funk.<\/p>\n<p style=\"text-align: justify;\"><strong>Bal Pop du Vieux-Lille<\/strong><br \/>De 18h \u00e0 2h : Champ de Mars<\/p>\n<p>Depuis 1998, cet \u00e9v\u00e9nement rassemble chaque ann\u00e9e plusieurs milliers de visiteurs dans une ambiance populaire et commerciale avec tous les plus grands tubes des ann\u00e9es 60 \u00e0 aujourd\u2019hui.<\/p>\n<p>De 18h \u00e0 2h du matin, ils vous attendent sur l\u2019Esplanade du Champ de Mars avec sur place 4 bars et 4 food-trucks. Service de s\u00e9curit\u00e9 assur\u00e9. Entr\u00e9e gratuite et r\u00e9glement\u00e9e.<\/p>\n<p><strong>Bal 4 Malik \u2013 Bois-Blancs<\/strong><br \/>De 18h30 \u00e0 23h : Place Saint Charles<\/p>\n<p>Une soir\u00e9e inoubliable vous attend sur des rythmes soul et funk.<\/p>\n<p><strong>Au programme :<\/strong><\/p>\n<p>\u2013 18h30 \u00e0 19h : cort\u00e8ge de majorettes,<\/p>\n<p>\u2013 19h \u00e0 20h : sc\u00e8ne ouverte<\/p>\n<p>\u2013 20h \u00e0 21h : concert Jeanine &amp; The Brownies<\/p>\n<p>\u2013 21h \u00e0 23h : DJ Set avec DJ Paco<\/p>\n<p><strong>Lundi 14 juillet<\/strong> <strong>2025<\/strong><br \/><strong>D\u00e9fil\u00e9 militaire<\/strong><br \/>10h30 : Boulevard de la Libert\u00e9<\/p>\n<p><strong>Feu d\u2019artifice<\/strong><br \/>23h : Champ de Mars<\/p>\n<p class=\"has-text-align-center\">Parc d\u2019Attractions \u00ab Cita-Parc \u00bb *<\/p>\n<p><a href=\"https:\/\/www.zoomsurlille.fr\/wp-content\/uploads\/2018\/09\/cita_parc_zsl05.jpg\" target=\"_blank\" rel=\"noreferrer noopener\"><img decoding=\"async\" loading=\"lazy\" width=\"1024\" height=\"678\" src=\"https:\/\/www.europesays.com\/fr\/wp-content\/uploads\/2025\/07\/cita_parc_zsl05-1024x678.jpg\" alt=\"\" class=\"wp-image-29746\" style=\"aspect-ratio:1.5103244837758112;width:450px\"  \/><\/a><\/p>\n<p style=\"text-align: justify;\">Le parc d\u2019attractions<b> \u00ab Cita-Parc \u00bb<\/b> situ\u00e9 \u00e0 c\u00f4t\u00e9 du zoo de Lille est le lieu id\u00e9al pour<strong> fl\u00e2ner, s\u2019amuser<\/strong> et <strong>se d\u00e9tendre,<\/strong> avec ses<strong> 8 000 m\u00b2<\/strong> d\u00e9di\u00e9s aux <strong>petits<\/strong> et <strong>grands<\/strong>. Un <strong>floril\u00e8ge d\u2019attractions <\/strong>sur le <strong>th\u00e8me de la nature et des animaux <\/strong>attend <strong>les enfants,<\/strong> pour les <strong>convier \u00e0 d\u2019incroyables aventures.<\/strong><\/p>\n<p style=\"text-align: justify;\"><b><strong><img decoding=\"async\" loading=\"lazy\" class=\" size-full wp-image-45\" src=\"https:\/\/www.europesays.com\/fr\/wp-content\/uploads\/2025\/07\/arrow.png\" alt=\"\" width=\"9\" height=\"9\"\/><\/strong><\/b><strong> Cita-Parc<\/strong><br \/>Avenue Mathias Delobel<br \/><b><strong><img decoding=\"async\" loading=\"lazy\" class=\" size-full wp-image-45\" src=\"https:\/\/www.europesays.com\/fr\/wp-content\/uploads\/2025\/07\/arrow.png\" alt=\"\" width=\"9\" height=\"9\"\/><\/strong><\/b> <strong>Horaires d\u2019ouverture du 05 juillet au 31 ao\u00fbt 2025 : <\/strong>tous les jours de 11h \u00e0 19h<br \/><strong><b><img decoding=\"async\" loading=\"lazy\" class=\" size-full wp-image-45\" src=\"https:\/\/www.europesays.com\/fr\/wp-content\/uploads\/2025\/07\/arrow.png\" alt=\"\" width=\"9\" height=\"9\"\/><\/b> Tarifs :<\/strong><br \/>1 ticket = 3\u20ac<br \/>Pack D\u00e9couverte \u2013 10 tickets + 1 offert = 25 \u20ac (soit 2,50\u20ac le ticket)<br \/>Pack Aventurier \u2013 20 tickets + 2 offerts = 40 \u20ac (soit 2\u20ac le ticket)<br \/>Pack Lila \u2013 30 tickets + 3 offerts = 50\u20ac (soit 1,66\u20ac le ticket)<br \/>Pass Illimit\u00e9 \u00e0 la journ\u00e9e = 17\u20ac (il est valable pour une personne durant toute une journ\u00e9e d\u2019ouverture du parc. Le Pass comporte un ticket pour la journ\u00e9e ainsi qu\u2019un bracelet avec port obligatoire de ce dernier).<br \/>Carte de Fid\u00e9lit\u00e9 offerte d\u00e8s l\u2019achat d\u2019un pack (uniquement valable \u00e0 la caisse centrale du parc). La carte de fid\u00e9lit\u00e9 remplie = 10 tickets offerts.<br \/>1 ticket = 1 tour de man\u00e8ge. Les billets donnent acc\u00e8s \u00e0 toutes les attractions, quelle que soit la date de visite (selon le calendrier d\u2019ouverture du parc). Le parc dispose \u00e9galement d\u2019offres CE et pour les groupes d\u2019enfants.<br \/><img decoding=\"async\" loading=\"lazy\" class=\"tie-appear\" src=\"https:\/\/www.europesays.com\/fr\/wp-content\/uploads\/2025\/04\/1743937991_452_arrow.png\" alt=\"\" width=\"9\" height=\"9\" data-lazy-src=\"https:\/\/www.europesays.com\/fr\/wp-content\/uploads\/2025\/04\/1743937991_452_arrow.png\"\/> <a href=\"https:\/\/www.facebook.com\/citaparc\" target=\"_blank\" rel=\"noopener noreferrer\">Facebook de Cita-Parc<\/a><br \/><img decoding=\"async\" loading=\"lazy\" class=\"tie-appear\" src=\"https:\/\/www.europesays.com\/fr\/wp-content\/uploads\/2025\/04\/1743937991_452_arrow.png\" alt=\"\" width=\"9\" height=\"9\" data-lazy-src=\"https:\/\/www.europesays.com\/fr\/wp-content\/uploads\/2025\/04\/1743937991_452_arrow.png\"\/> <a href=\"https:\/\/www.cita-parc.fr\/\" target=\"_blank\" rel=\"noopener noreferrer\">Site internet de Cita-Parc<\/a><\/p>\n<p>* en fonction des conditions climatiques.<\/p>\n<p class=\"has-text-align-center\">Accrobranches \u2013 Accro Lille*<\/p>\n<p><a href=\"https:\/\/www.zoomsurlille.fr\/wp-content\/uploads\/2022\/03\/accrobranches_2022_01.jpg\" target=\"_blank\" rel=\"noreferrer noopener\"><img decoding=\"async\" loading=\"lazy\" width=\"1024\" height=\"683\" src=\"https:\/\/www.europesays.com\/fr\/wp-content\/uploads\/2025\/07\/accrobranches_2022_01-1024x683.jpg\" alt=\"\" class=\"wp-image-61260\" style=\"aspect-ratio:1.499267935578331;object-fit:cover;width:450px\"  \/><\/a><\/p>\n<p style=\"text-align: justify;\"><strong>Sensations garanties<\/strong> avec les <strong>2 parcours enfants<\/strong> accessibles <strong>\u00e0 partir d\u20191m20.<\/strong> Et les <strong>5 parcours ados\/adultes, d\u00e8s 1m40.<\/strong> Que ce soit <strong>en famille, entre amis, coll\u00e8gues,<\/strong> avec <strong>votre centre a\u00e9r\u00e9<\/strong> ou <strong>\u00e9tablissement scolaire,<\/strong> venez <strong>tester les parcours en hauteur<\/strong> d\u2019<strong>Accro Lille !<\/strong><\/p>\n<p style=\"text-align: justify;\">Pour les <strong>plus t\u00e9m\u00e9raires,<\/strong> <strong>Accro Lille<\/strong> propose <strong>un parcours \u00ab\u00a0Altitude\u00a0\u00bb<\/strong> perch\u00e9 \u00e0 <strong>plus de 15 m\u00e8tres,<\/strong> avec <strong>une tyrolienne de 150 m\u00e8tres au dessus de l\u2019eau !<\/strong><\/p>\n<p><strong><img decoding=\"async\" loading=\"lazy\" width=\"9\" height=\"9\" class=\" wp-image-45\" src=\"https:\/\/www.europesays.com\/fr\/wp-content\/uploads\/2025\/04\/arrow.png\" alt=\"\"\/> Accrobranche Nocturne :<\/strong><br \/><strong>\u2013 Samedi 12 juillet 2025 <\/strong>\u00e0<strong> 20h <\/strong>ou <strong>20h30<\/strong><br \/><strong>\u2013 Samedi 09 ao\u00fbt 2025 <\/strong>\u00e0<strong> 20h <\/strong>ou <strong>20h30<\/strong><\/p>\n<p><strong><img decoding=\"async\" loading=\"lazy\" data-lazy-src=\"https:\/\/www.europesays.com\/fr\/wp-content\/uploads\/2025\/04\/1743937991_452_arrow.png\" width=\"9\" height=\"9\" class=\" size-full wp-image-45 lazyloaded\" src=\"https:\/\/www.europesays.com\/fr\/wp-content\/uploads\/2025\/04\/1743937991_452_arrow.png\" alt=\"\"\/> Accro Lille<\/strong><br \/>Parc de la Citadelle (au croisement de l\u2019all\u00e9e du Train de Loos et de l\u2019all\u00e9e Paul Vallon) <br \/><strong><img decoding=\"async\" loading=\"lazy\" data-lazy-src=\"https:\/\/www.europesays.com\/fr\/wp-content\/uploads\/2025\/04\/1743937991_452_arrow.png\" width=\"9\" height=\"9\" class=\"size-full wp-image-45 lazyloaded tie-appear\" src=\"https:\/\/www.europesays.com\/fr\/wp-content\/uploads\/2025\/04\/1743937991_452_arrow.png\" alt=\"\"\/> Tarifs<\/strong> : enfants \u00e0 partir de 11\u20ac \/ ados \u00e0 partir de 17\u20ac \/ \u00e9tudiants \u00e0 partir de 22\u20ac \/ adultes \u00e0 partir de 23\u20ac<br \/><strong><img decoding=\"async\" loading=\"lazy\" data-lazy-src=\"https:\/\/www.europesays.com\/fr\/wp-content\/uploads\/2025\/04\/1743937991_452_arrow.png\" width=\"9\" height=\"9\" class=\"size-full wp-image-45 lazyloaded tie-appear\" src=\"https:\/\/www.europesays.com\/fr\/wp-content\/uploads\/2025\/04\/1743937991_452_arrow.png\" alt=\"\"\/> <\/strong><a href=\"https:\/\/www.accro-lille.fr\/accueil\/\" target=\"_blank\" rel=\"noopener noreferrer\">Site internet Accro Lille<\/a><br \/><strong><img decoding=\"async\" loading=\"lazy\" data-lazy-src=\"https:\/\/www.europesays.com\/fr\/wp-content\/uploads\/2025\/04\/1743937991_452_arrow.png\" width=\"9\" height=\"9\" class=\"size-full wp-image-45 lazyloaded tie-appear\" src=\"https:\/\/www.europesays.com\/fr\/wp-content\/uploads\/2025\/04\/1743937991_452_arrow.png\" alt=\"\"\/> Mail :<\/strong> <a href=\"https:\/\/www.zoomsurlille.fr\/actualites\/mailto:contact@accro-lille.fr\" target=\"_blank\" rel=\"noopener noreferrer\">contact@accro-lille.fr<\/a><br \/><strong><img decoding=\"async\" loading=\"lazy\" data-lazy-src=\"https:\/\/www.europesays.com\/fr\/wp-content\/uploads\/2025\/04\/1743937991_452_arrow.png\" width=\"9\" height=\"9\" class=\"size-full wp-image-45 lazyloaded tie-appear\" src=\"https:\/\/www.europesays.com\/fr\/wp-content\/uploads\/2025\/04\/1743937991_452_arrow.png\" alt=\"\"\/> T\u00e9l\u00e9phone :<\/strong> 09 72 33 00 16<\/p>\n<p>* en fonction des conditions climatiques.<\/p>\n<p class=\"has-text-align-center\">Th\u00e9\u00e2tre de Marionnettes <strong>\u00ab<\/strong> Le P\u2019tit Jacques <strong>\u00bb<\/strong><\/p>\n<p><a href=\"https:\/\/www.zoomsurlille.fr\/wp-content\/uploads\/2020\/04\/petit_jacques_2019.jpg\" target=\"_blank\" rel=\"noreferrer noopener\"><img decoding=\"async\" loading=\"lazy\" width=\"1024\" height=\"683\" src=\"https:\/\/www.europesays.com\/fr\/wp-content\/uploads\/2025\/07\/petit_jacques_2019-1024x683.jpg\" alt=\"\" class=\"wp-image-44872\" style=\"aspect-ratio:1.499267935578331;width:450px\"  \/><\/a><\/p>\n<p style=\"text-align: justify;\"><strong>Tout l\u2019\u00e9t\u00e9, Venez suivre les aventures du h\u00e9ros \u00ab P\u2019tit Jacques \u00bb et de ses amis<\/strong> dans un <strong>environnement verdoyant et paisible.<\/strong> Ce <strong>dernier Th\u00e9\u00e2tre de square de la r\u00e9gion<\/strong> est install\u00e9 au <strong>\u00ab Chalet des ch\u00e8vres \u00bb \u2013 Jardin Vauban. <\/strong>Les<strong> s\u00e9ances sont assur\u00e9es,<\/strong> <strong>m\u00eame en cas de pluie,<\/strong> du <strong>mardi au vendredi \u00e0 14h et 15h30<\/strong> et tous les<strong> dimanches \u00e0 16h.<\/strong><\/p>\n<p style=\"text-align: justify;\"><strong><img loading=\"lazy\" decoding=\"async\" class=\" wp-image-45\" src=\"https:\/\/www.europesays.com\/fr\/wp-content\/uploads\/2025\/04\/arrow.png\" alt=\"\" width=\"9\" height=\"9\"\/> Au programme des vacances :<br \/><\/strong>\u2013 Dimanche 06 juillet 2025 \u00e0 16h : Jacques chez les Pompiers (\u00e0 partir de 3 ans)<br \/>\u2013 Mercredi 09 juillet 2025 \u00e0 15h30 : Les Cousins et le Sacr\u00e9 Tacot (\u00e0 partir de 3 ans)<br \/>\u2013 Jeudi 10 juillet 2025 \u00e0 15h30 : Le Royaume de Chanterelle (\u00e0 partir de 3 ans)<br \/>\u2013 Vendredi 11 juillet 2025 \u00e0 15h30 : Le Royaume de Chanterelle (\u00e0 partir de 3 ans)<br \/>\u2013 Dimanche 13 juillet 2025 \u00e0 16h : Remue-M\u00e9nage chez Tante Rosa (\u00e0 partir de 3 ans)<br \/>\u2013 Mercredi 16 juillet 2025 \u00e0 15h30 : Jacques et les Haricots Magiques (\u00e0 partir de 3 ans)<br \/>\u2013 Jeudi 17 juillet 2025 \u00e0 15h30 : Balade au Zoo (\u00e0 partir de 3 ans)<br \/>\u2013 Vendredi 18 juillet 2025 \u00e0 15h30 : Balade au Zoo (\u00e0 partir de 3 ans)<br \/>\u2013 Dimanche 20 juillet 2025 \u00e0 16h : Kermesse Escape-Game<br \/>\u2013 Mercredi 23 juillet 2025 \u00e0 15h30 : Jacques et les Chesecakes\u00a0(\u00e0 partir de 3 ans)<br \/>\u2013 Jeudi 24 juillet 2025 \u00e0 15h30 : Jacques et les Trois Petits Cochons (\u00e0 partir de 3 ans)<br \/>\u2013 Vendredi 25 juillet 2025 \u00e0 15h30 : La Bonne P\u00eache (\u00e0 partir 3 ans)<br \/>\u2013 Dimanche 27 juillet 2025 \u00e0 16h : Bienvenue au Cirque (\u00e0 partir 3 ans)<br \/>\u2013 Mercredi 30 juillet 2025 \u00e0 15h30 : Le Rendez-vous des Pirates\u00a0(\u00e0 partir de 3 ans)<br \/>\u2013 Jeudi 31 juillet 2025 \u00e0 15h30 :\u00a0Le Rendez-vous des Pirates\u00a0(\u00e0 partir de 3 ans)<br \/>\u2013 Vendredi 01 ao\u00fbt 2025 \u00e0 15h30 : Les Cousins et le Sacr\u00e9 Tacot (\u00e0 partir de 3 ans)<br \/>\u2013 Dimanche 03 ao\u00fbt 2025 \u00e0 16h :\u00a0Intrigue au Ch\u00e2teau (\u00e0 partir de 3 ans)<br \/>\u2013 Mercredi 06 ao\u00fbt 2025 \u00e0 15h30 :\u00a0Jacques \u00e0 la Montagne (\u00e0 partir de 3 ans) <br \/>\u2013 Jeudi 07 ao\u00fbt 2025 \u00e0 15h30 :\u00a0Jacques \u00e0 la Montagne (\u00e0 partir de 3 ans) <br \/>\u2013 Vendredi 08 ao\u00fbt 2025 \u00e0 15h30 :\u00a0Balade au Zoo (\u00e0 partir de 3 ans)<br \/>\u2013 Dimanche 10 ao\u00fbt 2025 \u00e0 16h :\u00a0Balade au Zoo (\u00e0 partir de 3 ans)<br \/>\u2013 Mercredi 13 ao\u00fbt 2025 \u00e0 15h30 : Jacques chez les Pompiers (\u00e0 partir de 3 ans) <br \/>\u2013 Jeudi 14 ao\u00fbt 2025 \u00e0 15h30 : Visite \u00e0 la Ferme\u00a0(\u00e0 partir de 3 ans)<br \/>\u2013 Vendredi 15 ao\u00fbt 2025 \u00e0 15h30 : Le Voyage de Chanterelle (\u00e0 partir de 3 ans) <br \/>\u2013 Dimanche 17 ao\u00fbt 2025 \u00e0 16h : Bienvenue au Cirque (\u00e0 partir de 3 ans)<br \/>\u2013 Mercredi 20 ao\u00fbt 2025 \u00e0 15h30 : Jacques et les Chessecakes (\u00e0 partir de 3 ans)<br \/>\u2013 Jeudi 21 ao\u00fbt 2025 \u00e0 15h30 :\u00a0Jacques et les Haricots Magiques(\u00e0 partir de 3 ans) <br \/>\u2013 Vendredi 22 ao\u00fbt 2025 \u00e0 15h30 :\u00a0Jacques et les Haricots Magiques (\u00e0 partir de 3 ans)<br \/>\u2013 Dimanche 24 ao\u00fbt 2025 \u00e0 16h : Escape Game au Mus\u00e9e (\u00e0 partir de 3 ans) <br \/>\u2013 Mercredi 27 ao\u00fbt 2025 \u00e0 15h30 : La Bonne P\u00eache (\u00e0 partir de 3 ans)\u00a0\u00a0<br \/>\u2013 Dimanche 31 ao\u00fbt 2025 \u00e0 15h30 : Jacque et les Trois Petits Cochons (\u00e0 partir de 2 ans et demi)<\/p>\n<p><strong><img decoding=\"async\" loading=\"lazy\" width=\"9\" height=\"9\" class=\" size-full wp-image-45\" src=\"https:\/\/www.europesays.com\/fr\/wp-content\/uploads\/2025\/04\/1744100656_185_arrow.png\" alt=\"\"\/> Th\u00e9\u00e2tre de Marionnettes \u00ab Le Petit Jacques \u00bb<\/strong><br \/>Jardin Vauban<br \/><strong><img decoding=\"async\" loading=\"lazy\" width=\"9\" height=\"9\" class=\" size-full wp-image-45\" src=\"https:\/\/www.europesays.com\/fr\/wp-content\/uploads\/2025\/04\/arrow.png\" alt=\"\"\/> Horaires :<br \/><\/strong>\u2013 du mercredi au vendredi : 15h30<br \/>\u2013 dimanche et jours f\u00e9ri\u00e9s : 16h<br \/><strong><img decoding=\"async\" loading=\"lazy\" width=\"9\" height=\"9\" class=\" size-full wp-image-45\" src=\"https:\/\/www.europesays.com\/fr\/wp-content\/uploads\/2025\/04\/arrow.png\" alt=\"\"\/> Tarifs :<\/strong><br \/>\u2013 plein tarif : 6\u20ac<br \/><img decoding=\"async\" loading=\"lazy\" width=\"9\" height=\"9\" class=\" size-full wp-image-45\" src=\"https:\/\/www.europesays.com\/fr\/wp-content\/uploads\/2025\/04\/arrow.png\" alt=\"\"\/> <a href=\"http:\/\/www.lepetitjacques.fr\/\" target=\"_blank\" rel=\"noopener noreferrer\">Site du Th\u00e9\u00e2tre de Marionnettes \u00ab Le P\u2019tit Jacques \u00bb<\/a><\/p>\n<p class=\"has-text-align-center\">Marin d\u2019Eau Douce*<\/p>\n<p><a href=\"https:\/\/www.zoomsurlille.fr\/wp-content\/uploads\/2020\/06\/marin_eau_douce_juin_2020.jpg\" target=\"_blank\" rel=\"noreferrer noopener\"><img decoding=\"async\" loading=\"lazy\" width=\"1024\" height=\"683\" src=\"https:\/\/www.europesays.com\/fr\/wp-content\/uploads\/2025\/07\/marin_eau_douce_juin_2020-1024x683.jpg\" alt=\"\" class=\"wp-image-45919\" style=\"aspect-ratio:1.499267935578331;width:450px\"  \/><\/a><\/p>\n<p style=\"text-align: justify;\">Que vous ayez <strong>1 heure, 2 heures<\/strong> ou m\u00eame <strong>une journ\u00e9e enti\u00e8re,<\/strong> que vous soyez <strong>entre amis,<\/strong> avec<strong> votre famille<\/strong> ou<strong> en couple,<\/strong> <strong>d\u00e9couvrez la De\u00fble et ses alentours<\/strong> comme vous ne les avez jamais vu ! <strong>Marin d\u2019Eau Douce<\/strong> vous donne acc\u00e8s \u00e0 <strong>20 kilom\u00e8tres de voies navigables<\/strong> sur la <strong>De\u00fble,<\/strong> le<strong> bras de la Barre<\/strong> et le <strong>bras de Canteleu<\/strong> sur des <strong>bateaux \u00e9lectriques<\/strong> et <strong>sans permis.<\/strong><\/p>\n<p><strong><img decoding=\"async\" loading=\"lazy\" class=\"size-full wp-image-45 lazyloaded tie-appear\" src=\"https:\/\/www.europesays.com\/fr\/wp-content\/uploads\/2025\/04\/1743937991_452_arrow.png\" alt=\"\" width=\"9\" height=\"9\" data-lazy-src=\"https:\/\/www.europesays.com\/fr\/wp-content\/uploads\/2025\/04\/1743937991_452_arrow.png\"\/> Marin d\u2019Eau Douce<\/strong><br \/>La base nautique est situ\u00e9e avenue Mathias Delobel \u2013 Parc de la Citadelle (\u00e0 c\u00f4t\u00e9 du Zoo et de Cita Parc)<br \/><strong><img decoding=\"async\" loading=\"lazy\" class=\"size-full wp-image-45 lazyloaded tie-appear\" src=\"https:\/\/www.europesays.com\/fr\/wp-content\/uploads\/2025\/04\/1743937991_452_arrow.png\" alt=\"\" width=\"9\" height=\"9\" data-lazy-src=\"https:\/\/www.europesays.com\/fr\/wp-content\/uploads\/2025\/04\/1743937991_452_arrow.png\"\/> Tarifs :<\/strong> \u00e0 partir de 45\u20ac<br \/><strong><img decoding=\"async\" loading=\"lazy\" class=\"size-full wp-image-45 lazyloaded tie-appear\" src=\"https:\/\/www.europesays.com\/fr\/wp-content\/uploads\/2025\/04\/1743937991_452_arrow.png\" alt=\"\" width=\"9\" height=\"9\" data-lazy-src=\"https:\/\/www.europesays.com\/fr\/wp-content\/uploads\/2025\/04\/1743937991_452_arrow.png\"\/> <\/strong><a href=\"https:\/\/www.marindeaudouce.fr\/\" target=\"_blank\" rel=\"noopener\">Site internet de Marin d\u2019Eau Douce Lille<\/a><\/p>\n<p>* en fonction des conditions climatiques.<\/p>\n<p class=\"has-text-align-center\">Ferme P\u00e9dagogique Marcel d\u2019H\u00e9nin<\/p>\n<p><a href=\"https:\/\/www.zoomsurlille.fr\/wp-content\/uploads\/2018\/10\/ferme2018_chevre.jpg\" target=\"_blank\" rel=\"noreferrer noopener\"><img decoding=\"async\" loading=\"lazy\" width=\"1024\" height=\"678\" src=\"https:\/\/www.europesays.com\/fr\/wp-content\/uploads\/2025\/07\/ferme2018_chevre-1024x678.jpg\" alt=\"\" class=\"wp-image-30290\" style=\"aspect-ratio:1.5103244837758112;width:450px;height:auto\"  \/><\/a><\/p>\n<p style=\"text-align: justify;\">Juste <strong>derri\u00e8re le Casino Barri\u00e8re de Lille<\/strong> se trouve la<strong> Ferme P\u00e9dagogique Marcel Dh\u00e9nin. <\/strong>La ferme permet \u00e0 tous la <strong>d\u00e9couverte des animaux<\/strong> et <strong>plantes de la ferme,<\/strong> en particulier des <strong>races et vari\u00e9t\u00e9s r\u00e9gionales.<\/strong> Elle propose de <strong>nombreuses animations<\/strong> destin\u00e9es \u00e0 un <strong>large public,<\/strong> dans un<strong> souci de sensibilisation<\/strong> et de <strong>(re)d\u00e9couverte du patrimoine r\u00e9gional.<\/strong> Les animaux pr\u00e9sents \u00e0 la ferme :\u00a0<strong>poules, moutons, canards, lapins, ch\u00e8vres, vaches<\/strong> et<strong> oies.<\/strong><\/p>\n<p><strong><img decoding=\"async\" loading=\"lazy\" width=\"9\" height=\"9\" class=\" size-full wp-image-45\" src=\"https:\/\/www.europesays.com\/fr\/wp-content\/uploads\/2025\/04\/arrow.png\" alt=\"\"\/> Ferme P\u00e9dagogique Marcel D\u2019H\u00e9nin<\/strong><br \/>14, rue Eug\u00e8ne Jacquet<br \/><strong><img decoding=\"async\" loading=\"lazy\" width=\"9\" height=\"9\" class=\" size-full wp-image-45\" src=\"https:\/\/www.europesays.com\/fr\/wp-content\/uploads\/2025\/04\/arrow.png\" alt=\"\"\/><\/strong> <strong>Tarif :<\/strong> gratuit<br \/><b><strong><img decoding=\"async\" loading=\"lazy\" width=\"9\" height=\"9\" class=\" size-full wp-image-45\" src=\"https:\/\/www.europesays.com\/fr\/wp-content\/uploads\/2025\/07\/arrow.png\" alt=\"\"\/><\/strong><\/b> <strong>Horaires d\u2019ouverture :<\/strong><br \/>\u2013 mardi au vendredi de 9h30 \u00e0 18h<br \/>\u2013 samedi, dimanche et jours f\u00e9ri\u00e9s de 10h \u00e0 12h30 &amp; de 14h \u00e0 18h30<\/p>\n<p class=\"has-text-align-center\">Zoo de Lille<\/p>\n<p><a href=\"https:\/\/www.zoomsurlille.fr\/wp-content\/uploads\/2023\/08\/zoo2018_panda_roux.jpg\" target=\"_blank\" rel=\"noreferrer noopener\"><img decoding=\"async\" loading=\"lazy\" width=\"1024\" height=\"678\" src=\"https:\/\/www.europesays.com\/fr\/wp-content\/uploads\/2025\/07\/zoo2018_panda_roux-1024x678.jpg\" alt=\"\" class=\"wp-image-72186\" style=\"aspect-ratio:1.5103244837758112;width:450px\"  \/><\/a><\/p>\n<p style=\"text-align: justify;\">A 10 minutes \u00e0 pied du c\u0153ur de la ville de Lille, le <strong>Zoo de Lille <\/strong> pr\u00e9sente une <b>centaine esp\u00e8ces animales<\/b> des <b>cinq continents. <\/b>Du petit<b> chevrotain malais<\/b> au <strong>z<\/strong><b>\u00e8bres<\/b> et des petits <b>singes tamarins<\/b> aux grands <b>gibbons<\/b>, les visiteurs d\u00e9couvrent des esp\u00e8ces tr\u00e8s vari\u00e9es. Ils s\u2019\u00e9merveillent devant la fourrure du <b>panda roux,<\/b> les couleurs vives des <b>aras <\/b>et s\u2019amusent des fac\u00e9ties des <b>singes capucins<\/b>. C\u2019est un lieu privil\u00e9gi\u00e9 pour d\u00e9couvrir, \u00e0 travers des activit\u00e9s p\u00e9dagogiques, les esp\u00e8ces animales et communiquer sur la conservation de la Nature.<\/p>\n<p style=\"text-align: justify;\"><strong><img decoding=\"async\" loading=\"lazy\" class=\" size-full wp-image-45\" src=\"https:\/\/www.europesays.com\/fr\/wp-content\/uploads\/2025\/07\/arrow.png\" alt=\"\" width=\"9\" height=\"9\"\/> <\/strong><strong>Zoo de Lille<\/strong><br \/>Avenue Mathias Delobel<br \/><strong><img decoding=\"async\" loading=\"lazy\" class=\"tie-appear\" src=\"https:\/\/www.europesays.com\/fr\/wp-content\/uploads\/2025\/04\/1743937991_452_arrow.png\" alt=\"\" width=\"9\" height=\"9\" data-lazy-src=\"https:\/\/www.europesays.com\/fr\/wp-content\/uploads\/2025\/04\/1743937991_452_arrow.png\"\/> <\/strong><strong>Tarifs :<\/strong><br \/>\u2013 gratuit pour les Lillois, Hellemmois et Lommois poss\u00e9dant un Pass Zoo \/ Pass Lille &amp; Moi<br \/>\u2013 billet 1 jour : gratuit pour les moins de 5 ans \/ 3\u20ac pour les enfants de 5 \u00e0 17 ans \/ 6\u20ac pour les adultes (18 ans et plus) \/ billet 2 + 2 (2 adultes + 2 enfants) = 15\u20ac +2\u20ac par enfant suppl\u00e9mentaire<br \/>\u2013 abonnement valable 1 an : enfant de 0 \u00e0 4 ans inclus = gratuit \/ enfant de 5 \u00e0 17 ans = 8,50\u20ac \/ adulte = 15\u20ac \/ famille (2 adultes + 3 enfants) = 38\u20ac<br \/><strong><img decoding=\"async\" loading=\"lazy\" class=\"tie-appear\" src=\"https:\/\/www.europesays.com\/fr\/wp-content\/uploads\/2025\/04\/1743937991_452_arrow.png\" alt=\"\" width=\"9\" height=\"9\" data-lazy-src=\"https:\/\/www.europesays.com\/fr\/wp-content\/uploads\/2025\/04\/1743937991_452_arrow.png\"\/> <\/strong><strong>Horaires :<\/strong><br \/>\u2013 semaine : 10h \u00e0 18h <br \/>\u2013 week-end : 10h \u00e0 19h<br \/>\u2013 ferm\u00e9 le mardi<br \/><strong>Fermeture des caisses 1h avant la fermeture. Dernier acc\u00e8s au Zoo 30 minutes avant la fermeture des portes pour les visiteurs d\u00e9j\u00e0 munis d\u2019un billet, abonnement ou Pass zoo.<\/strong><b> <\/b><br \/><strong><img decoding=\"async\" loading=\"lazy\" class=\" size-full wp-image-45\" src=\"https:\/\/www.europesays.com\/fr\/wp-content\/uploads\/2025\/07\/arrow.png\" alt=\"\" width=\"9\" height=\"9\"\/><\/strong> <a href=\"https:\/\/www.facebook.com\/zoolille\" target=\"_blank\" rel=\"noopener noreferrer\">Facebook du Zoo de Lille<\/a><\/p>\n<p class=\"has-text-align-center\">Palais des Beaux-Arts de Lille<\/p>\n<p><a href=\"https:\/\/www.zoomsurlille.fr\/wp-content\/uploads\/2020\/05\/palais_beaux_arts_mai_2020.jpg\" target=\"_blank\" rel=\"noreferrer noopener\"><img decoding=\"async\" loading=\"lazy\" width=\"1024\" height=\"683\" src=\"https:\/\/www.europesays.com\/fr\/wp-content\/uploads\/2025\/07\/palais_beaux_arts_mai_2020-1024x683.jpg\" alt=\"\" class=\"wp-image-45607\" style=\"aspect-ratio:1.499267935578331;width:452px\"  \/><\/a><\/p>\n<p style=\"text-align: justify;\">Pour les <strong>vacances scolaires,<\/strong> le <strong>Palais des Beaux-Arts de Lille<\/strong> vous propose des<strong> ateliers <\/strong>et des<strong> visites.<br \/><\/strong><\/p>\n<p style=\"text-align: justify;\"><strong>Visite flash \u00ab\u00a0F\u00eates et c\u00e9l\u00e9brations flamandes\u00a0\u00bb \u2013 Dur\u00e9e : 30 minutes<\/strong><br \/>Visite express pour voir l\u2019essentiel de l\u2019exposition en compagnie d\u2019un m\u00e9diateur. <br \/><img decoding=\"async\" loading=\"lazy\" class=\"size-full wp-image-45 tie-appear\" src=\"https:\/\/www.europesays.com\/fr\/wp-content\/uploads\/2025\/04\/arrow.png\" alt=\"\" width=\"9\" height=\"9\"\/> <strong>Dates : <\/strong>lundi, \u00e0 15h, 16h et 17h et du mercredi au dimanche \u00e0 11h, 15h, 16h et 17h. <br \/><img decoding=\"async\" loading=\"lazy\" class=\"size-full wp-image-45 tie-appear\" src=\"https:\/\/www.europesays.com\/fr\/wp-content\/uploads\/2025\/04\/arrow.png\" alt=\"\" width=\"9\" height=\"9\"\/> <strong>Tarifs :<\/strong> 8\u20ac \/ 5\u20ac \/ gratuit pour les enfants de moins de 12 ans<br \/><strong><img decoding=\"async\" loading=\"lazy\" class=\"size-full wp-image-45 tie-appear\" src=\"https:\/\/www.europesays.com\/fr\/wp-content\/uploads\/2025\/04\/arrow.png\" alt=\"\" width=\"9\" height=\"9\"\/> Sans r\u00e9servation dans la limite des places disponibles<\/strong><\/p>\n<p style=\"text-align: justify;\"><strong>Visite presto \u2013 Dur\u00e9e : 30 minutes <br \/><\/strong>Un t\u00eate \u00e0 t\u00eate avec une \u0153uvre diff\u00e9rente chaque semaine.<br \/><img decoding=\"async\" loading=\"lazy\" class=\"size-full wp-image-45 tie-appear\" src=\"https:\/\/www.europesays.com\/fr\/wp-content\/uploads\/2025\/04\/arrow.png\" alt=\"\" width=\"9\" height=\"9\"\/> <strong>Dates : <\/strong>mercredis 09, 16, 23, 30 juillet et mercredis 06, 13, 20, 27 ao\u00fbt \u00e0 12h30. <br \/><img decoding=\"async\" loading=\"lazy\" class=\"size-full wp-image-45 tie-appear\" src=\"https:\/\/www.europesays.com\/fr\/wp-content\/uploads\/2025\/04\/arrow.png\" alt=\"\" width=\"9\" height=\"9\"\/> <strong>Tarifs :<\/strong> 5\u20ac \/ 1\u20ac (droit d\u2019entr\u00e9e)<br \/><strong><img decoding=\"async\" loading=\"lazy\" class=\"size-full wp-image-45 tie-appear\" src=\"https:\/\/www.europesays.com\/fr\/wp-content\/uploads\/2025\/04\/arrow.png\" alt=\"\" width=\"9\" height=\"9\"\/> R\u00e9servations &gt;&gt;&gt; <\/strong><a href=\"https:\/\/my.weezevent.com\/visite-presto\" target=\"_blank\" rel=\"noopener\">cliquez ici !!!<\/a><\/p>\n<p style=\"text-align: justify;\"><strong>Le\u00e7on d\u2019art \u2013 Dur\u00e9e : 1h<\/strong><br \/>Pour tous ceux qui veulent s\u2019initier \u00e0 l\u2019histoire de l\u2019art. <br \/><img decoding=\"async\" loading=\"lazy\" class=\"size-full wp-image-45 tie-appear\" src=\"https:\/\/www.europesays.com\/fr\/wp-content\/uploads\/2025\/04\/arrow.png\" alt=\"\" width=\"9\" height=\"9\"\/> <strong>Dates :<\/strong> jeudis 10, 17, 24, 31 juillet et 07, 14, 21, 28 ao\u00fbt \u00e0 16h.\u00a0<br \/><img decoding=\"async\" loading=\"lazy\" class=\"size-full wp-image-45 tie-appear\" src=\"https:\/\/www.europesays.com\/fr\/wp-content\/uploads\/2025\/04\/arrow.png\" alt=\"\" width=\"9\" height=\"9\"\/> <strong>Tarifs :<\/strong> 8\u20ac \/ 4\u20ac<br \/><strong><img decoding=\"async\" loading=\"lazy\" class=\"size-full wp-image-45 tie-appear\" src=\"https:\/\/www.europesays.com\/fr\/wp-content\/uploads\/2025\/04\/arrow.png\" alt=\"\" width=\"9\" height=\"9\"\/> R\u00e9servation &gt;&gt;&gt; <\/strong><a href=\"https:\/\/my.weezevent.com\/lecon-dart\" target=\"_blank\" rel=\"noopener\">cliquez ici !!!<\/a><\/p>\n<p><strong>Visite d\u00e9couverte Les Secrets du Palais \u2013 Dur\u00e9e : 30 minutes<\/strong><br \/>30 minutes pour d\u00e9couvrir l\u2019histoire du mus\u00e9e ou un artiste choisi.<br \/><img decoding=\"async\" loading=\"lazy\" width=\"9\" height=\"9\" class=\"size-full wp-image-45 tie-appear\" src=\"https:\/\/www.europesays.com\/fr\/wp-content\/uploads\/2025\/04\/arrow.png\" alt=\"\"\/> <strong>Dates :<\/strong> lundi 04, samedi 09, dimanche 10, lundi 11, samedi 23, dimanche 24, lundi 25 ao\u00fbt<br \/><img decoding=\"async\" loading=\"lazy\" width=\"9\" height=\"9\" class=\"size-full wp-image-45 tie-appear\" src=\"https:\/\/www.europesays.com\/fr\/wp-content\/uploads\/2025\/04\/arrow.png\" alt=\"\"\/> <strong>Tarifs :<\/strong> 7\u20ac \/ 4\u20ac (droit d\u2019entr\u00e9e) \/ Gratuit pour les moins de 12 ans<br \/><strong><img decoding=\"async\" loading=\"lazy\" width=\"9\" height=\"9\" class=\"size-full wp-image-45 tie-appear\" src=\"https:\/\/www.europesays.com\/fr\/wp-content\/uploads\/2025\/04\/arrow.png\" alt=\"\"\/> R\u00e9servation &gt;&gt;&gt; <\/strong><a href=\"https:\/\/my.weezevent.com\/les-secrets-du-palais\" target=\"_blank\" rel=\"noreferrer noopener\">cliquez ici !!!<\/a><\/p>\n<p style=\"text-align: justify;\"><strong>Visite d\u00e9couverte Les Chefs-d\u2019\u0152uvres du Palais \u2013 Dur\u00e9e : 1h<\/strong><br \/>Un parcours chefs-d\u2019\u0153uvre pour d\u00e9couvrir en 1h les incontournables de la collection du Palais des Beaux-Arts.\u00a0 <br \/><img decoding=\"async\" loading=\"lazy\" class=\"size-full wp-image-45 tie-appear\" src=\"https:\/\/www.europesays.com\/fr\/wp-content\/uploads\/2025\/04\/arrow.png\" alt=\"\" width=\"9\" height=\"9\"\/> <strong>Dates :<\/strong> lundi 04, samedi 09, dimanche 10, lundi 11, samedi 23, dimanche 24, lundi 25 ao\u00fbt <br \/><img decoding=\"async\" loading=\"lazy\" class=\"size-full wp-image-45 tie-appear\" src=\"https:\/\/www.europesays.com\/fr\/wp-content\/uploads\/2025\/04\/arrow.png\" alt=\"\" width=\"9\" height=\"9\"\/> <strong>Tarifs :<\/strong>\u00a07\u20ac \/ 4\u20ac (droit d\u2019entr\u00e9e) \/ Gratuit pour les moins de 12 ans<br \/><strong><img decoding=\"async\" loading=\"lazy\" class=\"size-full wp-image-45 tie-appear\" src=\"https:\/\/www.europesays.com\/fr\/wp-content\/uploads\/2025\/04\/arrow.png\" alt=\"\" width=\"9\" height=\"9\"\/><\/strong><strong> R\u00e9servation &gt;&gt;&gt; <\/strong><a href=\"https:\/\/pba.lille.fr\/Visiter\/Famille\/VIVE-LES-VACANCES\" target=\"_blank\" rel=\"noopener\">cliquez ici !!!<\/a><\/p>\n<p style=\"text-align: justify;\"><strong>Visite famille : c\u2019est la f\u00eate ! \u2013 Recommand\u00e9 pour les 4 \u2013 7 ans \u2013 Dur\u00e9e : 45 minutes<\/strong><br \/>Venez d\u00e9couvrir en famille l\u2019exposition F\u00eates et c\u00e9l\u00e9brations flamandes de mani\u00e8re ludique gr\u00e2ce \u00e0 des jeux sensoriels, des temps d\u2019observation et des contes ! <br \/><img decoding=\"async\" loading=\"lazy\" class=\"size-full wp-image-45 tie-appear\" src=\"https:\/\/www.europesays.com\/fr\/wp-content\/uploads\/2025\/04\/arrow.png\" alt=\"\" width=\"9\" height=\"9\"\/> <strong>Dates : <\/strong>mercredi 9, dimanche 13, mercredi 16, dimanche 20, mercredi 23, dimanche 27 et mercredi 30 juillet et les dimanche 03, mercredi 06, dimanche 10, mercredi 13, dimanche 17, mercredi 20, dimanche 24, mercredi 27 et dimanche 31 ao\u00fbt 2025. <br \/><img decoding=\"async\" loading=\"lazy\" class=\"size-full wp-image-45 tie-appear\" src=\"https:\/\/www.europesays.com\/fr\/wp-content\/uploads\/2025\/04\/arrow.png\" alt=\"\" width=\"9\" height=\"9\"\/> <strong>Tarifs :<\/strong> 8\u20ac \/ 5\u20ac \/ gratuit pour les enfants de moins de 12 ans<br \/><strong><img decoding=\"async\" loading=\"lazy\" class=\"size-full wp-image-45 tie-appear\" src=\"https:\/\/www.europesays.com\/fr\/wp-content\/uploads\/2025\/04\/arrow.png\" alt=\"\" width=\"9\" height=\"9\"\/> R\u00e9servation &gt;&gt;&gt; <\/strong><a href=\"https:\/\/my.weezevent.com\/visite-famille-cest-la-fete\" target=\"_blank\" rel=\"noopener\">cliquez ici !!!<\/a><\/p>\n<p style=\"text-align: justify;\"><strong>\u00a0Visite des tout-petits \u2013 Moins de 3 ans<\/strong><br \/>Toucher, regarder, ressentir, jouer\u2026 Et si le mus\u00e9e devenait un terrain de jeux et d\u2019\u00e9veil pour moins de 3 ans ? Un parcours sur-mesure et une exp\u00e9rience de unique avec son enfant.\u00a0 <br \/><img decoding=\"async\" loading=\"lazy\" class=\"size-full wp-image-45 tie-appear\" src=\"https:\/\/www.europesays.com\/fr\/wp-content\/uploads\/2025\/04\/arrow.png\" alt=\"\" width=\"9\" height=\"9\"\/> <strong>Dates : <\/strong>jeudi et samedi \u00e0 10h30<br \/><img decoding=\"async\" loading=\"lazy\" class=\"size-full wp-image-45 tie-appear\" src=\"https:\/\/www.europesays.com\/fr\/wp-content\/uploads\/2025\/04\/arrow.png\" alt=\"\" width=\"9\" height=\"9\"\/> <strong>Tarifs :<\/strong> 7\u20ac \/ 4\u20ac \/ gratuit pour les enfants de moins de 12 ans (droit d\u2019entr\u00e9e)<br \/><strong><img decoding=\"async\" loading=\"lazy\" class=\"size-full wp-image-45 tie-appear\" src=\"https:\/\/www.europesays.com\/fr\/wp-content\/uploads\/2025\/04\/arrow.png\" alt=\"\" width=\"9\" height=\"9\"\/> R\u00e9servation &gt;&gt;&gt; <\/strong><a href=\"https:\/\/my.weezevent.com\/visite-des-tout-petits\" target=\"_blank\" rel=\"noreferrer noopener\">cliquez ici !!!<\/a><\/p>\n<p style=\"text-align: justify;\"><strong>Doudou part en vacances \u2013 Recommand\u00e9 pour les 0-18 mois, avec accompagnement \u2013 Dur\u00e9e : 30 minutes<\/strong><br \/>Un temps tout doux, pour une premi\u00e8re d\u00e9couverte du mus\u00e9e au rythme de b\u00e9b\u00e9 (pour b\u00e9b\u00e9s non-marcheurs). <br \/><img decoding=\"async\" loading=\"lazy\" class=\"size-full wp-image-45 tie-appear\" src=\"https:\/\/www.europesays.com\/fr\/wp-content\/uploads\/2025\/04\/arrow.png\" alt=\"\" width=\"9\" height=\"9\"\/> <strong>Dates :<\/strong> mercredis 09, 16, 23, 30 juillet et mercredis 06, 13, 20 et 20, 27 ao\u00fbt 2025 \u00e0 10h30<br \/><img decoding=\"async\" loading=\"lazy\" class=\"size-full wp-image-45 tie-appear\" src=\"https:\/\/www.europesays.com\/fr\/wp-content\/uploads\/2025\/04\/arrow.png\" alt=\"\" width=\"9\" height=\"9\"\/> <strong>Tarifs :<\/strong> 7\u20ac \/ 4\u20ac (droit d\u2019entr\u00e9e) \/ gratuit pour les petits<br \/><strong><img decoding=\"async\" loading=\"lazy\" class=\"size-full wp-image-45 tie-appear\" src=\"https:\/\/www.europesays.com\/fr\/wp-content\/uploads\/2025\/04\/arrow.png\" alt=\"\" width=\"9\" height=\"9\"\/> R\u00e9servation &gt;&gt;&gt; <\/strong><a href=\"https:\/\/my.weezevent.com\/doudou-part-en-vacances\" target=\"_blank\" rel=\"noreferrer noopener\">cliquez ici !!!<\/a><\/p>\n<p><strong>Pas de vacances pour le Loup \u2013 Dur\u00e9e : 1h<\/strong><br \/>Partez en famille sur la piste du loup \u00e0 roulettes qui vous fera d\u00e9couvrir le mus\u00e9e en jouant\u00a0! Entrez, regardez, jouez\u2026 et gare au loup !\u00a0<br \/><img decoding=\"async\" loading=\"lazy\" width=\"9\" height=\"9\" class=\"size-full wp-image-45 tie-appear\" src=\"https:\/\/www.europesays.com\/fr\/wp-content\/uploads\/2025\/04\/arrow.png\" alt=\"\"\/> <strong>Dates :<\/strong> jeudi 10 juillet, 07, 14, 21 &amp; 28 ao\u00fbt 2025 \u00e0 14h30<br \/><img decoding=\"async\" loading=\"lazy\" width=\"9\" height=\"9\" class=\"size-full wp-image-45 tie-appear\" src=\"https:\/\/www.europesays.com\/fr\/wp-content\/uploads\/2025\/04\/arrow.png\" alt=\"\"\/> <strong>Tarifs :<\/strong> 7\u20ac \/ 4\u20ac (droit d\u2019entr\u00e9e) \/ gratuit pour les enfants de moins de 12 ans<br \/><strong><img decoding=\"async\" loading=\"lazy\" width=\"9\" height=\"9\" class=\"size-full wp-image-45 tie-appear\" src=\"https:\/\/www.europesays.com\/fr\/wp-content\/uploads\/2025\/04\/arrow.png\" alt=\"\"\/> R\u00e9servation &gt;&gt;&gt; <\/strong><a href=\"https:\/\/my.weezevent.com\/pas-de-vacances-pour-le-loup\" target=\"_blank\" rel=\"noreferrer noopener\">cliquez ici !!<\/a><\/p>\n<p style=\"text-align: justify;\"><strong>Atelier famille \u2013 Dur\u00e9e : 1h30<\/strong><br \/>Un atelier de pratique artistique pr\u00e9c\u00e9d\u00e9 d\u2019une courte visite dans les collections ou dans l\u2019exposition du moment. Ensuite, place \u00e0 une initiation \u00e0 diff\u00e9rentes techniques artistiques (acrylique, gouache, craie, encre, aquarelle, collage\u2026) de mani\u00e8re ludique et active.<br \/><img decoding=\"async\" loading=\"lazy\" class=\"size-full wp-image-45 tie-appear\" src=\"https:\/\/www.europesays.com\/fr\/wp-content\/uploads\/2025\/04\/arrow.png\" alt=\"\" width=\"9\" height=\"9\"\/> <strong>Dates :<\/strong> samedi 12, dimanche 13, samedi 19, dimanche 20, samedi 26, dimanche 27 juillet et samedi 02, dimanche 03, samedi 09, dimanche 10, samedi 16, dimanche 17, samedi 23, dimanche 24, samedi 30 et dimanche 31 ao\u00fbt 2025 \u00e0 14h30<br \/><img decoding=\"async\" loading=\"lazy\" class=\"size-full wp-image-45 tie-appear\" src=\"https:\/\/www.europesays.com\/fr\/wp-content\/uploads\/2025\/04\/arrow.png\" alt=\"\" width=\"9\" height=\"9\"\/> <strong>Tarifs :<\/strong> 7\u20ac \/ 4\u20ac (droit d\u2019entr\u00e9e) \/ gratuit pour les moins de 12 ans<br \/><strong><img decoding=\"async\" loading=\"lazy\" class=\"size-full wp-image-45 tie-appear\" src=\"https:\/\/www.europesays.com\/fr\/wp-content\/uploads\/2025\/04\/arrow.png\" alt=\"\" width=\"9\" height=\"9\"\/> R\u00e9servation &gt;&gt;&gt; <\/strong><a href=\"https:\/\/my.weezevent.com\/dimanche-en-famille\" target=\"_blank\" rel=\"noreferrer noopener\">cliquez ici !!!<\/a><\/p>\n<p style=\"text-align: justify;\"><strong>Les secrets de la gravure \/ atelier enfants \u2013 Dur\u00e9e : 1h30 \u2013 A partir de 8 ans <\/strong><br \/>D\u00e9couvrez la technique de la gravure \u00e0 la pointe s\u00e8che et repartez avec votre cr\u00e9ation imprim\u00e9e inspir\u00e9e de l\u2019univers des f\u00eates et des noces flamandes.<br \/><img decoding=\"async\" loading=\"lazy\" class=\"size-full wp-image-45 tie-appear\" src=\"https:\/\/www.europesays.com\/fr\/wp-content\/uploads\/2025\/04\/arrow.png\" alt=\"\" width=\"9\" height=\"9\"\/> <strong>Dates :<\/strong> jeudi 10 juillet et jeudi 07 ao\u00fbt 2025 \u00e0 10h30<br \/><img decoding=\"async\" loading=\"lazy\" class=\"size-full wp-image-45 tie-appear\" src=\"https:\/\/www.europesays.com\/fr\/wp-content\/uploads\/2025\/04\/arrow.png\" alt=\"\" width=\"9\" height=\"9\"\/> <strong>Tarifs :<\/strong> 8\u20ac \/ 5\u20ac \/ gratuit pour les moins de 12 ans (droit d\u2019entr\u00e9e \u00e0 l\u2019exposition)<br \/><strong><img decoding=\"async\" loading=\"lazy\" class=\"size-full wp-image-45 tie-appear\" src=\"https:\/\/www.europesays.com\/fr\/wp-content\/uploads\/2025\/04\/arrow.png\" alt=\"\" width=\"9\" height=\"9\"\/> R\u00e9servation &gt;&gt;&gt; <\/strong><a href=\"https:\/\/my.weezevent.com\/atelier-enfants-les-secrets-de-la-gravure\" target=\"_blank\" rel=\"noreferrer noopener\">cliquez ici !!!<\/a><\/p>\n<p style=\"text-align: justify;\"><strong>Les secrets de la gravure \/ atelier ados \u2013 adultes \u2013 Dur\u00e9e : 1h30<\/strong><br \/>D\u00e9couvrez la technique de la gravure \u00e0 la pointe s\u00e8che sur plaque de rh\u00e9nalon et repartez avec votre cr\u00e9ation imprim\u00e9e inspir\u00e9e de l\u2019univers des f\u00eates et des noces flamandes.<br \/><img decoding=\"async\" loading=\"lazy\" class=\"size-full wp-image-45 tie-appear\" src=\"https:\/\/www.europesays.com\/fr\/wp-content\/uploads\/2025\/04\/arrow.png\" alt=\"\" width=\"9\" height=\"9\"\/> <strong>Dates :<\/strong> jeudi 24 juillet et jeudi 21 ao\u00fbt 2025 \u00e0 10h30<br \/><img decoding=\"async\" loading=\"lazy\" class=\"size-full wp-image-45 tie-appear\" src=\"https:\/\/www.europesays.com\/fr\/wp-content\/uploads\/2025\/04\/arrow.png\" alt=\"\" width=\"9\" height=\"9\"\/> <strong>Tarifs :<\/strong> 8\u20ac \/ 5\u20ac (droit d\u2019entr\u00e9e \u00e0 l\u2019exposition)<br \/><strong><img decoding=\"async\" loading=\"lazy\" class=\"size-full wp-image-45 tie-appear\" src=\"https:\/\/www.europesays.com\/fr\/wp-content\/uploads\/2025\/04\/arrow.png\" alt=\"\" width=\"9\" height=\"9\"\/> R\u00e9servation &gt;&gt;&gt; <\/strong><a href=\"https:\/\/my.weezevent.com\/atelier-broderie-ados-adultes\" target=\"_blank\" rel=\"noreferrer noopener\">cliquez ici !!!<\/a><\/p>\n<p style=\"text-align: justify;\"><strong>Atelier broderie : au fil de la f\u00eate \/ atelier ados \u2013 adultes \u2013 Dur\u00e9e : 1h30<\/strong><br \/>Initiez-vous \u00e0 l\u2019art de la broderie sur papier en vous inspirant des d\u00e9fil\u00e9s, des noces et des kermesses flamandes visibles dans l\u2019exposition F\u00eates et c\u00e9l\u00e9brations flamandes.<br \/><img decoding=\"async\" loading=\"lazy\" class=\"size-full wp-image-45 tie-appear\" src=\"https:\/\/www.europesays.com\/fr\/wp-content\/uploads\/2025\/04\/arrow.png\" alt=\"\" width=\"9\" height=\"9\"\/> <strong>Dates :<\/strong> jeudi 17 juillet &amp; 31 juillet et jeudi 14 &amp; 28 ao\u00fbt 2025 \u00e0 10h30<br \/><img decoding=\"async\" loading=\"lazy\" class=\"size-full wp-image-45 tie-appear\" src=\"https:\/\/www.europesays.com\/fr\/wp-content\/uploads\/2025\/04\/arrow.png\" alt=\"\" width=\"9\" height=\"9\"\/> <strong>Tarifs :<\/strong> 8\u20ac \/ 5\u20ac (droit d\u2019entr\u00e9e \u00e0 l\u2019exposition)<br \/><strong><img decoding=\"async\" loading=\"lazy\" class=\"size-full wp-image-45 tie-appear\" src=\"https:\/\/www.europesays.com\/fr\/wp-content\/uploads\/2025\/04\/arrow.png\" alt=\"\" width=\"9\" height=\"9\"\/> R\u00e9servation &gt;&gt;&gt; <\/strong><a href=\"https:\/\/my.weezevent.com\/atelier-ados-adultes-les-secrets-de-la-gravure\" target=\"_blank\" rel=\"noopener\">cliquez ici !!!<\/a><\/p>\n<p style=\"text-align: justify;\"><strong>Atelier d\u2019\u00e9criture : (ra)conter la f\u00eate \/ atelier ados \u2013 adultes \u2013 Dur\u00e9e : 1h30<\/strong><br \/>\u00c0 partir d\u2019un conte inspir\u00e9 d\u2019une \u0153uvre de l\u2019exposition F\u00eates et c\u00e9l\u00e9brations flamandes, les participants s\u2019initient dans le cadre d\u2019un atelier d\u2019\u00e9criture aux bases de l\u2019\u00e9criture d\u2019un conte.\u00a0<br \/><img decoding=\"async\" loading=\"lazy\" class=\"size-full wp-image-45 tie-appear\" src=\"https:\/\/www.europesays.com\/fr\/wp-content\/uploads\/2025\/04\/arrow.png\" alt=\"\" width=\"9\" height=\"9\"\/> <strong>Dates :<\/strong> vendredi 25 juillet et vendredi 08 ao\u00fbt 2025 \u00e0 10h30<br \/><img decoding=\"async\" loading=\"lazy\" class=\"size-full wp-image-45 tie-appear\" src=\"https:\/\/www.europesays.com\/fr\/wp-content\/uploads\/2025\/04\/arrow.png\" alt=\"\" width=\"9\" height=\"9\"\/> <strong>Tarifs :<\/strong> 8\u20ac \/ 5\u20ac (droit d\u2019entr\u00e9e \u00e0 l\u2019exposition)<br \/><strong><img decoding=\"async\" loading=\"lazy\" class=\"size-full wp-image-45 tie-appear\" src=\"https:\/\/www.europesays.com\/fr\/wp-content\/uploads\/2025\/04\/arrow.png\" alt=\"\" width=\"9\" height=\"9\"\/> R\u00e9servation &gt;&gt;&gt; <\/strong><a href=\"https:\/\/pba.lille.fr\/Visiter\/Famille\/VIVE-LES-VACANCES\" target=\"_blank\" rel=\"noopener\">cliquez ici !!!<\/a><\/p>\n<p style=\"text-align: justify;\"><strong>Atelier ouvert de pratique artistique : la ruche d\u2019art<\/strong><br \/>Vous aimeriez vous initier au dessin ou \u00e0 la peinture mais vous ne savez pas comment vous y prendre ? Que vous soyez un enfant ou un adulte, cet atelier est fait pour vous !\u00a0Con\u00e7u comme un temps de pratique et de partage ouvert \u00e0 toutes et \u00e0 tous, la Ruche d\u2019art vous permet de d\u00e9couvrir gratuitement diff\u00e9rentes techniques s\u00e8ches (craie, pastel, crayons, stylo, collage\u2026) et humides (encre, aquarelle\u2026). L\u2019acc\u00e8s est libre, il suffit de vous pr\u00e9senter \u00e0 l\u2019arri\u00e8re du Palais des Beaux-Arts, au 18bis rue de Valmy.<br \/><img decoding=\"async\" loading=\"lazy\" class=\"size-full wp-image-45 tie-appear\" src=\"https:\/\/www.europesays.com\/fr\/wp-content\/uploads\/2025\/04\/arrow.png\" alt=\"\" width=\"9\" height=\"9\"\/> <strong>Dates :<\/strong> samedi 19 juillet et samedi 30 ao\u00fbt 2025 de 14h \u00e0 17h<br \/><img decoding=\"async\" loading=\"lazy\" class=\"size-full wp-image-45 tie-appear\" src=\"https:\/\/www.europesays.com\/fr\/wp-content\/uploads\/2025\/04\/arrow.png\" alt=\"\" width=\"9\" height=\"9\"\/> <strong>En acc\u00e8s libre<\/strong><\/p>\n<p style=\"text-align: justify;\"><strong>Stage d\u2019initiation \u00e0 l\u2019art-th\u00e9rapie \u2013 Dur\u00e9e : 2h<\/strong><br \/>Un voyage artistique en 4 s\u00e9ances pour d\u00e9couvrir des \u0153uvres du mus\u00e9e et s\u2019investir dans un projet \u00e9volutif. Ce stage encadr\u00e9 par une art-th\u00e9rapeute a pour objectif de permettre aux participants d\u2019acqu\u00e9rir de nouveaux moyens d\u2019expression, de se d\u00e9couvrir autrement et de cr\u00e9er du lien avec les autres.<br \/><img decoding=\"async\" loading=\"lazy\" class=\"size-full wp-image-45 tie-appear\" src=\"https:\/\/www.europesays.com\/fr\/wp-content\/uploads\/2025\/04\/arrow.png\" alt=\"\" width=\"9\" height=\"9\"\/> <strong>Dates :<\/strong> lundi 07, mercredi 09, jeudi 10 &amp; vendredi 11 juillet 2025 \u00e0 14h30<br \/><img decoding=\"async\" loading=\"lazy\" class=\"size-full wp-image-45 tie-appear\" src=\"https:\/\/www.europesays.com\/fr\/wp-content\/uploads\/2025\/04\/arrow.png\" alt=\"\" width=\"9\" height=\"9\"\/> <strong>Tarifs :<\/strong> 8\u20ac \/ 4\u20ac (la s\u00e9ance x 4)<br \/><strong><img decoding=\"async\" loading=\"lazy\" class=\"size-full wp-image-45 tie-appear\" src=\"https:\/\/www.europesays.com\/fr\/wp-content\/uploads\/2025\/04\/arrow.png\" alt=\"\" width=\"9\" height=\"9\"\/> R\u00e9servation &gt;&gt;&gt; <\/strong><a href=\"https:\/\/pba.lille.fr\/Visiter\/Famille\/VIVE-LES-VACANCES\" target=\"_blank\" rel=\"noreferrer noopener\">cliquez ici !!!<\/a><\/p>\n<p style=\"text-align: justify;\"><strong>S\u00e9ance d\u2019initiation \u00e0 l\u2019art-th\u00e9rapie \u2013 Dur\u00e9e : 1h30<\/strong><br \/>Face aux \u0153uvres, un temps pour soi pour apprendre \u00e0 dessiner sous la conduite bienveillante d\u2019une art-th\u00e9rapeute.\u00a0<br \/><img decoding=\"async\" loading=\"lazy\" class=\"size-full wp-image-45 tie-appear\" src=\"https:\/\/www.europesays.com\/fr\/wp-content\/uploads\/2025\/04\/arrow.png\" alt=\"\" width=\"9\" height=\"9\"\/> <strong>Dates :<\/strong> mercredi 06, vendredi 08, mercredi 13 &amp; vendredi 29 ao\u00fbt 2025 \u00e0 10h30<br \/><img decoding=\"async\" loading=\"lazy\" class=\"size-full wp-image-45 tie-appear\" src=\"https:\/\/www.europesays.com\/fr\/wp-content\/uploads\/2025\/04\/arrow.png\" alt=\"\" width=\"9\" height=\"9\"\/> <strong>Tarifs :<\/strong> 8\u20ac \/ 4\u20ac (la s\u00e9ance x 4)<br \/><strong><img decoding=\"async\" loading=\"lazy\" class=\"size-full wp-image-45 tie-appear\" src=\"https:\/\/www.europesays.com\/fr\/wp-content\/uploads\/2025\/04\/arrow.png\" alt=\"\" width=\"9\" height=\"9\"\/> R\u00e9servation &gt;&gt;&gt; <\/strong><a href=\"https:\/\/pba.lille.fr\/Visiter\/Famille\/VIVE-LES-VACANCES\" target=\"_blank\" rel=\"noreferrer noopener\">cliquez ici !!!<\/a><\/p>\n<p><strong>Visite cont\u00e9e : quand la f\u00eate se raconte \u2013 Dur\u00e9e : 45 minutes<\/strong><br \/>D\u00e9couvrez une s\u00e9lection d\u2019\u0153uvres de l\u2019exposition \u00e0 travers des contes d\u2019hier et d\u2019aujourd\u2019hui.\u202f\u00a0<br \/><img decoding=\"async\" loading=\"lazy\" width=\"9\" height=\"9\" class=\"size-full wp-image-45 tie-appear\" src=\"https:\/\/www.europesays.com\/fr\/wp-content\/uploads\/2025\/04\/arrow.png\" alt=\"\"\/> <strong>Dates :<\/strong> vendredi , 18 juillet et 01, 15 et 29 ao\u00fbt 2025 \u00e0 10h30<br \/><img decoding=\"async\" loading=\"lazy\" width=\"9\" height=\"9\" class=\"size-full wp-image-45 tie-appear\" src=\"https:\/\/www.europesays.com\/fr\/wp-content\/uploads\/2025\/04\/arrow.png\" alt=\"\"\/> <strong>Tarifs :<\/strong> 8\u20ac \/ 5\u20ac (droit d\u2019entr\u00e9e \u00e0 l\u2019exposition)<br \/><strong><img decoding=\"async\" loading=\"lazy\" width=\"9\" height=\"9\" class=\"size-full wp-image-45 tie-appear\" src=\"https:\/\/www.europesays.com\/fr\/wp-content\/uploads\/2025\/04\/arrow.png\" alt=\"\"\/> R\u00e9servation &gt;&gt;&gt; <\/strong><a data-wplink-edit=\"true\" href=\"https:\/\/my.weezevent.com\/visite-contee-quand-la-fete-se-raconte\" target=\"_blank\" rel=\"noopener\">cliquez ici !!!<\/a><\/p>\n<p style=\"text-align: justify;\"><strong>C\u2019est l\u2019heure du conte \u2013 Dur\u00e9e : 1h \u2013 A partir de 4 ans<\/strong><br \/>Un temps calme pour \u00e9couter de belles histoires qui nous transportent au 17\u00e8me si\u00e8cle, au temps des f\u00eates flamandes.<br \/><img decoding=\"async\" loading=\"lazy\" class=\"size-full wp-image-45 tie-appear\" src=\"https:\/\/www.europesays.com\/fr\/wp-content\/uploads\/2025\/04\/arrow.png\" alt=\"\" width=\"9\" height=\"9\"\/> <strong>Dates :<\/strong> mercredi 09, 16, 23, 30 juillet et 06, 13, 20 et 27 ao\u00fbt 2025 \u00e0 15h30<br \/><img decoding=\"async\" loading=\"lazy\" class=\"size-full wp-image-45 tie-appear\" src=\"https:\/\/www.europesays.com\/fr\/wp-content\/uploads\/2025\/04\/arrow.png\" alt=\"\" width=\"9\" height=\"9\"\/> <strong>Tarifs :<\/strong> 8\u20ac \/ 5\u20ac (droit d\u2019entr\u00e9e \u00e0 l\u2019exposition)<br \/><strong><img decoding=\"async\" loading=\"lazy\" class=\"size-full wp-image-45 tie-appear\" src=\"https:\/\/www.europesays.com\/fr\/wp-content\/uploads\/2025\/04\/arrow.png\" alt=\"\" width=\"9\" height=\"9\"\/> R\u00e9servation &gt;&gt;&gt; <\/strong><a href=\"https:\/\/my.weezevent.com\/cest-lheure-du-conte\" target=\"_blank\" rel=\"noreferrer noopener\">cliquez ici !!!<\/a><\/p>\n<p><strong><img decoding=\"async\" loading=\"lazy\" class=\"size-full wp-image-45 tie-appear\" src=\"https:\/\/www.europesays.com\/fr\/wp-content\/uploads\/2025\/04\/arrow.png\" alt=\"\" width=\"9\" height=\"9\"\/> Palais des Beaux-Arts de Lille<\/strong><br \/>Place de la R\u00e9publique<br \/><img decoding=\"async\" loading=\"lazy\" class=\"size-full wp-image-45 tie-appear\" src=\"https:\/\/www.europesays.com\/fr\/wp-content\/uploads\/2025\/04\/arrow.png\" alt=\"\" width=\"9\" height=\"9\"\/> <a href=\"https:\/\/pba.lille.fr\/\" target=\"_blank\" rel=\"noopener\">Site internet du Palais des Beaux-Arts de Lille<\/a><\/p>\n<p class=\"has-text-align-center\">Mus\u00e9e de l\u2019Hospice Comtesse<\/p>\n<p><a href=\"https:\/\/www.zoomsurlille.fr\/wp-content\/uploads\/2020\/01\/hospice_comtesse_nm2016.jpg\" target=\"_blank\" rel=\"noreferrer noopener\"><img decoding=\"async\" loading=\"lazy\" width=\"1024\" height=\"768\" src=\"https:\/\/www.europesays.com\/fr\/wp-content\/uploads\/2025\/04\/hospice_comtesse_nm2016-1024x768.jpg\" alt=\"\" class=\"wp-image-41961\" style=\"aspect-ratio:1.3333333333333333;width:450px\"  \/><\/a><\/p>\n<p style=\"text-align: justify;\">Pour les <strong>vacances scolaires,<\/strong> le <strong>Mus\u00e9e de l\u2019Hospice Comtesse<\/strong> vous propose des<strong> ateliers<\/strong><strong>.<br \/><\/strong><\/p>\n<p style=\"text-align: justify;\"><strong>Mercredi 09 juillet 2025 \u00e0 14h30 et 16h15 \u2013 Dur\u00e9e : 1h30<\/strong><br \/><strong>Atelier \u00ab \u00c9pate la galerie \u00bb \u2013 7 \u00e0 12 ans<\/strong><br \/>La cr\u00e9ation de portraits uniques et originaux \u00e0 l\u2019aide de la technique du pochoir apr\u00e8s une observation de la galerie de portraits dans les collections permanentes.<br \/><img decoding=\"async\" loading=\"lazy\" class=\"size-full wp-image-45 tie-appear\" src=\"https:\/\/www.europesays.com\/fr\/wp-content\/uploads\/2025\/04\/arrow.png\" alt=\"\" width=\"9\" height=\"9\"\/> <strong>Tarif :<\/strong> 5\u20ac<br \/><strong><img decoding=\"async\" loading=\"lazy\" class=\"size-full wp-image-45 tie-appear\" src=\"https:\/\/www.europesays.com\/fr\/wp-content\/uploads\/2025\/04\/arrow.png\" alt=\"\" width=\"9\" height=\"9\"\/> R\u00e9servation &gt;&gt;&gt; <\/strong><a href=\"https:\/\/billetterie-musees.lille.fr\/fr-FR\/produits\" target=\"_blank\" rel=\"noopener\">cliquez ici !!!<\/a><\/p>\n<p style=\"text-align: justify;\"><strong>Mercredi 16 juillet 2025 \u00e0 14h30 et 16h15 \u2013 Dur\u00e9e : 1h30<\/strong><br \/><strong>Atelier \u00ab Monstres et merveilles \u00bb \u2013 7 \u00e0 12 ans<\/strong><br \/>Carnet de visite \u00e0 la main, les enfants suivent les traces du bestiaire fabuleux du mus\u00e9e, r\u00e9alisent, au c\u0153ur des collections, des croquis et composent en atelier leur animal fantastique \u00e0 l\u2019aide des techniques du fusain et du collage.<br \/><img decoding=\"async\" loading=\"lazy\" class=\"size-full wp-image-45 tie-appear\" src=\"https:\/\/www.europesays.com\/fr\/wp-content\/uploads\/2025\/04\/arrow.png\" alt=\"\" width=\"9\" height=\"9\"\/> <strong>Tarif :<\/strong> 5\u20ac<br \/><strong><img decoding=\"async\" loading=\"lazy\" class=\"size-full wp-image-45 tie-appear\" src=\"https:\/\/www.europesays.com\/fr\/wp-content\/uploads\/2025\/04\/arrow.png\" alt=\"\" width=\"9\" height=\"9\"\/> R\u00e9servation &gt;&gt;&gt; <\/strong><a href=\"https:\/\/billetterie-musees.lille.fr\/fr-FR\/produits\" target=\"_blank\" rel=\"noopener\">cliquez ici !!!<\/a><\/p>\n<p style=\"text-align: justify;\"><strong>Mercredi 20 ao\u00fbt 2025 \u00e0 14h30 \u2013 Dur\u00e9e : 1h30<\/strong> <br \/><strong>Atelier \u00ab Balade dessin\u00e9e \u00bb \u2013 6 \u00e0 8 ans<\/strong><br \/>Carnet de croquis \u00e0 la main, les enfants se prom\u00e8nent dans les diff\u00e9rents espaces du mus\u00e9e. Entre jardin, cuisine, lingerie et salle d\u2019exposition, ils sont invit\u00e9s \u00e0 r\u00e9pondre par un dessin aux diff\u00e9rents d\u00e9fis lanc\u00e9s. Motifs en couleurs, d\u00e9tails r\u00e9hauss\u00e9s, fa\u00e7onne ton carnet de visite du mus\u00e9e.<br \/><img decoding=\"async\" loading=\"lazy\" class=\"size-full wp-image-45 tie-appear\" src=\"https:\/\/www.europesays.com\/fr\/wp-content\/uploads\/2025\/04\/arrow.png\" alt=\"\" width=\"9\" height=\"9\"\/> <strong>Tarif :<\/strong> 5\u20ac<br \/><strong><img decoding=\"async\" loading=\"lazy\" class=\"size-full wp-image-45 tie-appear\" src=\"https:\/\/www.europesays.com\/fr\/wp-content\/uploads\/2025\/04\/arrow.png\" alt=\"\" width=\"9\" height=\"9\"\/> R\u00e9servation &gt;&gt;&gt; <\/strong><a href=\"https:\/\/billetterie-musees.lille.fr\/fr-FR\/accueil\" target=\"_blank\" rel=\"noopener\">cliquez ici !!!<\/a><\/p>\n<p style=\"text-align: justify;\"><strong>Mercredi 20 ao\u00fbt 2025 \u00e0 16h15 \u2013 Dur\u00e9e : 1h30<\/strong><br \/><strong>Atelier \u00ab Voyage dessin\u00e9 \u00bb \u2013 9 \u00e0 12 ans<\/strong><br \/>Carnet de croquis \u00e0 la main, les enfants se prom\u00e8nent dans les diff\u00e9rents espaces du mus\u00e9e. Entre sculptures sur bois et fa\u00efences, ils d\u00e9couvrent les motifs exotiques dans les d\u00e9cors lillois. Encres, pastels, graphites composeront tes souvenirs de voyage.<br \/><img decoding=\"async\" loading=\"lazy\" class=\"size-full wp-image-45 tie-appear\" src=\"https:\/\/www.europesays.com\/fr\/wp-content\/uploads\/2025\/04\/arrow.png\" alt=\"\" width=\"9\" height=\"9\"\/> <strong>Tarif :<\/strong> 5\u20ac<br \/><strong><img decoding=\"async\" loading=\"lazy\" class=\"size-full wp-image-45 tie-appear\" src=\"https:\/\/www.europesays.com\/fr\/wp-content\/uploads\/2025\/04\/arrow.png\" alt=\"\" width=\"9\" height=\"9\"\/> R\u00e9servation &gt;&gt;&gt; <\/strong><a href=\"https:\/\/billetterie-musees.lille.fr\/fr-FR\/accueil\" target=\"_blank\" rel=\"noopener\">cliquez ici !!!<\/a><\/p>\n<p style=\"text-align: justify;\"><strong>Mercredi 27 ao\u00fbt 2025 \u00e0 14h30 \u2013 Dur\u00e9e 1h30<\/strong><br \/><strong>Atelier \u00ab Paysage anim\u00e9 \u00bb \u2013 6 \u00e0 8 ans<\/strong><br \/>Au regard des fa\u00e7ades visibles dans la cour d\u2019honneur du mus\u00e9e et des paysages urbains pr\u00e9sents dans les peintures de Fran\u00e7ois Watteau, les enfants r\u00e9alisent en atelier et en volume, une petite maquette de maison, en papier, en collage et en couleurs (pastels secs).<br \/><img decoding=\"async\" loading=\"lazy\" class=\"size-full wp-image-45 tie-appear\" src=\"https:\/\/www.europesays.com\/fr\/wp-content\/uploads\/2025\/04\/arrow.png\" alt=\"\" width=\"9\" height=\"9\"\/> <strong>Tarif :<\/strong> 5\u20ac<br \/><strong><img decoding=\"async\" loading=\"lazy\" class=\"size-full wp-image-45 tie-appear\" src=\"https:\/\/www.europesays.com\/fr\/wp-content\/uploads\/2025\/04\/arrow.png\" alt=\"\" width=\"9\" height=\"9\"\/> R\u00e9servation &gt;&gt;<\/strong><strong>&gt; <\/strong><a href=\"https:\/\/billetterie-musees.lille.fr\/fr-FR\/accueil\" target=\"_blank\" rel=\"noopener\">cliquez ici !!!<\/a><\/p>\n<p><strong>Mercredi 27 ao\u00fbt 2025 \u00e0 16h15 \u2013 Dur\u00e9e 1h30<\/strong><br \/><strong>Atelier \u00ab Th\u00e9\u00e2tre de rue \u00bb \u2013 9 \u00e0 12 ans<\/strong><br \/>Au regard des fa\u00e7ades visible dans la cour d\u2019honneur du mus\u00e9e et des paysages urbains pr\u00e9sents dans les peintures de Fran\u00e7ois Watteau, les enfants r\u00e9alisent, en atelier et en volume, un tableau relief, en papier, en collage et en couleurs (pastels secs et pointes fines).<br \/><img decoding=\"async\" loading=\"lazy\" class=\"size-full wp-image-45 tie-appear\" src=\"https:\/\/www.europesays.com\/fr\/wp-content\/uploads\/2025\/04\/arrow.png\" alt=\"\" width=\"9\" height=\"9\"\/> <strong>Tarif :<\/strong> 5\u20ac<br \/><strong><img decoding=\"async\" loading=\"lazy\" class=\"size-full wp-image-45 tie-appear\" src=\"https:\/\/www.europesays.com\/fr\/wp-content\/uploads\/2025\/04\/arrow.png\" alt=\"\" width=\"9\" height=\"9\"\/> R\u00e9servation &gt;&gt;<\/strong><strong>&gt; <\/strong><a href=\"https:\/\/billetterie-musees.lille.fr\/fr-FR\/accueil\" target=\"_blank\" rel=\"noopener\">cliquez ici !!!<\/a><\/p>\n<p><strong><img decoding=\"async\" loading=\"lazy\" class=\"size-full wp-image-45 tie-appear\" src=\"https:\/\/www.europesays.com\/fr\/wp-content\/uploads\/2025\/04\/arrow.png\" alt=\"\" width=\"9\" height=\"9\"\/> Mus\u00e9e de l\u2019Hospice Comtesse<\/strong><br \/>32, rue de la Monnaie<br \/><img decoding=\"async\" loading=\"lazy\" class=\"size-full wp-image-45 tie-appear\" src=\"https:\/\/www.europesays.com\/fr\/wp-content\/uploads\/2025\/04\/arrow.png\" alt=\"\" width=\"9\" height=\"9\"\/> <a href=\"https:\/\/mhc.lille.fr\/\" target=\"_blank\" rel=\"noopener\">Site internet du Mus\u00e9e de l\u2019Hospice Comtesse<\/a><\/p>\n<p class=\"has-text-align-center\">La Vieille Bourse Lille Tango<\/p>\n<p><img decoding=\"async\" loading=\"lazy\" width=\"660\" height=\"244\" src=\"https:\/\/www.europesays.com\/fr\/wp-content\/uploads\/2025\/07\/tango_plein_air_2022.jpg\" alt=\"\" class=\"wp-image-64013\"  \/><\/p>\n<p>A partir du<strong> 13 juillet 2025,<\/strong> les associations <strong>Tango ? Tango ! <\/strong>et <strong>Le 8 Renvers\u00e9 <\/strong>investissent<strong> la Vieille Bourse de Lille <\/strong>pour vous proposer<strong> des soir\u00e9es tango<\/strong> les <strong>dimanches soir de l\u2019\u00e9t\u00e9<\/strong> <strong>de 19h30 \u00e0 23h <\/strong>(du 13 juillet au 28 septembre 2025)<strong>. <\/strong>A noter : <strong>pas de soir\u00e9e le dimanche 07 septembre 2025<\/strong> (Braderie de Lille).<\/p>\n<p><img decoding=\"async\" loading=\"lazy\" width=\"9\" height=\"9\" class=\"wp-image-45 tie-appear\" src=\"https:\/\/www.europesays.com\/fr\/wp-content\/uploads\/2025\/07\/1751482769_597_arrow.png\" alt=\"\"\/> <strong>Vieille Bourse<\/strong><br \/>Place du G\u00e9n\u00e9ral de Gaulle \/ Grand\u2019Place<br \/><img decoding=\"async\" loading=\"lazy\" width=\"9\" height=\"9\" class=\"wp-image-45 tie-appear\" src=\"https:\/\/www.europesays.com\/fr\/wp-content\/uploads\/2025\/07\/1751482769_597_arrow.png\" alt=\"\"\/> <strong>Horaires : <\/strong>certains dimanches de l\u2019\u00e9t\u00e9 de 19h30 \u00e0 23h<\/p>\n<p class=\"has-text-align-center\">Festival Clef de Soleil<\/p>\n<p><a href=\"https:\/\/www.europesays.com\/fr\/wp-content\/uploads\/2025\/07\/festival_clef_de_soleil_2025.jpg\" target=\"_blank\" rel=\"noreferrer noopener\"><img decoding=\"async\" loading=\"lazy\" width=\"595\" height=\"842\" src=\"https:\/\/www.europesays.com\/fr\/wp-content\/uploads\/2025\/07\/festival_clef_de_soleil_2025.jpg\" alt=\"\" class=\"wp-image-86029\" style=\"aspect-ratio:0.7172413793103448;width:350px;height:auto\"  \/><\/a><\/p>\n<p style=\"text-align: justify;\"><strong>Du 10 juillet au 14 ao\u00fbt 2025, <\/strong>le <strong>Festival Clef de Soleil <\/strong>vous propose un<strong> concert de musique classique<\/strong> dans un<strong> lieu <\/strong>de la ville, par des <strong>artistes<\/strong> de <strong>renomm\u00e9e internationale<\/strong>.<\/p>\n<p><strong><img decoding=\"async\" loading=\"lazy\" data-lazy-src=\"https:\/\/www.europesays.com\/fr\/wp-content\/uploads\/2025\/04\/arrow.png\" width=\"9\" height=\"9\" class=\" size-full wp-image-45 lazyloaded\" src=\"https:\/\/www.europesays.com\/fr\/wp-content\/uploads\/2025\/04\/arrow.png\" alt=\"\"\/> Tarifs : <\/strong>18\u20ac \/gratuit pour les enfants de moins de 12 ans<br \/><img decoding=\"async\" loading=\"lazy\" width=\"9\" height=\"9\" class=\" wp-image-45\" src=\"https:\/\/www.europesays.com\/fr\/wp-content\/uploads\/2025\/04\/arrow.png\" alt=\"\"\/>\u00a0<a href=\"http:\/\/www.clefdesoleil.com\/\" target=\"_blank\" rel=\"noopener noreferrer\">Site internet du Festival Clef de Soleil<\/a><\/p>\n<p class=\"has-text-align-center\">Foire aux Man\u00e8ges 2025<\/p>\n<p><img decoding=\"async\" loading=\"lazy\" width=\"1024\" height=\"678\" src=\"https:\/\/www.europesays.com\/fr\/wp-content\/uploads\/2025\/07\/foire_maneges_ete_2019_14-1024x678.jpg\" alt=\"\" class=\"wp-image-78017\" style=\"aspect-ratio:1.5103244837758112;object-fit:cover;width:450px\"  \/><\/p>\n<p style=\"text-align: justify;\"><strong>Du 30 ao\u00fbt au 28 septembre 2025, <\/strong>retrouvez <strong>la Foire aux Man\u00e8ges.<\/strong> Cette ann\u00e9e plus de<strong> 180 attractions<\/strong>, la foire se place au tout premier rang des F\u00eates Foraines de France. Vous aimez les <strong>sensations fortes,<\/strong> les <strong>man\u00e8ges pour enfants, <\/strong>les <strong>barbes \u00e0 papa<\/strong> et autres <strong>pommes d\u2019amour<\/strong>\u2026 vous \u00eates fait pour la foire aux man\u00e8ges de Lille.<\/p>\n<p><strong><img decoding=\"async\" loading=\"lazy\" class=\"size-full wp-image-45 lazyloaded tie-appear\" src=\"https:\/\/www.europesays.com\/fr\/wp-content\/uploads\/2025\/04\/1743937991_452_arrow.png\" alt=\"\" width=\"9\" height=\"9\" data-lazy-src=\"https:\/\/www.europesays.com\/fr\/wp-content\/uploads\/2025\/04\/1743937991_452_arrow.png\"\/> Foire aux Man\u00e8ges de Lille<\/strong><br \/>Champ de Mars<br \/><img decoding=\"async\" loading=\"lazy\" class=\"size-full wp-image-45 tie-appear\" src=\"https:\/\/www.europesays.com\/fr\/wp-content\/uploads\/2025\/04\/arrow.png\" alt=\"\" width=\"9\" height=\"9\"\/> <a href=\"https:\/\/www.facebook.com\/FoireAuxManegesDeLilleOfficiel\" target=\"_blank\" rel=\"noopener\">Facebook de la Foire aux Man\u00e8ges de Lille<\/a><\/p>\n<p class=\"has-text-align-center\">Tradi\u2019Balade<\/p>\n<p><a href=\"https:\/\/www.zoomsurlille.fr\/wp-content\/uploads\/2021\/04\/tradi_balade_2021_02.jpg\" target=\"_blank\" rel=\"noopener\"><img decoding=\"async\" loading=\"lazy\" width=\"400\" height=\"400\" src=\"https:\/\/www.europesays.com\/fr\/wp-content\/uploads\/2025\/07\/tradi_balade_2021_02-400x400.jpg\" alt=\"\" class=\"wp-image-51254\" style=\"aspect-ratio:1;width:350px\" title=\"Copyright : DR - Tradi'Balade \/ Visite insolite de Lille\"  \/><\/a><\/p>\n<p style=\"text-align: justify;\">Depuis 2010, <strong>Tradi\u2019Balade<\/strong> propose des <strong>visites de Lille\u2026 <\/strong>en<strong> 2CV.<\/strong> Ces <strong>visites<\/strong> sont anim\u00e9es par des<strong> chauffeurs-guides,<\/strong> qui retracent<strong> l\u2019histoire de la ville<\/strong> \u00e0 travers des<strong> anecdotes culturelles<\/strong> et <strong>humoristiques. <\/strong>A la fois <strong>sympathiques, culturelles <\/strong>et<strong> ludiques,<\/strong> les visites en <strong>2CV<\/strong> permettent de <strong>vivre <\/strong>et de<strong> partager une exp\u00e9rience inoubliable<\/strong> dans une<strong> ambiance conviviale <\/strong>et<strong> chaleureuse. <\/strong>Une <strong>visite de Lille<\/strong> au cours de laquelle les participants d\u00e9couvriront toutes les<strong> anecdotes des monuments<\/strong> et <strong>rues incontournables de Lille,<\/strong> <strong>l\u2019histoire<\/strong> et <strong>l\u2019architecture<\/strong> de la ville.<\/p>\n<p><strong><img decoding=\"async\" loading=\"lazy\" data-lazy-src=\"https:\/\/www.europesays.com\/fr\/wp-content\/uploads\/2025\/04\/1743937991_452_arrow.png\" width=\"9\" height=\"9\" class=\"size-full wp-image-45 lazyloaded tie-appear\" src=\"https:\/\/www.europesays.com\/fr\/wp-content\/uploads\/2025\/04\/1743937991_452_arrow.png\" alt=\"\"\/> Tradi\u2019Balade<\/strong><br \/><img decoding=\"async\" loading=\"lazy\" width=\"9\" height=\"9\" class=\"size-full wp-image-45 tie-appear\" src=\"https:\/\/www.europesays.com\/fr\/wp-content\/uploads\/2025\/04\/arrow.png\" alt=\"\"\/> Tarif : <strong>A partir de 33\u20ac \/ personne<\/strong><br \/><img decoding=\"async\" loading=\"lazy\" width=\"9\" height=\"9\" class=\"size-full wp-image-45 tie-appear\" src=\"https:\/\/www.europesays.com\/fr\/wp-content\/uploads\/2025\/04\/arrow.png\" alt=\"\"\/> Location de 2CV : <strong>189\u20ac \/ la journ\u00e9e<\/strong><br \/><img decoding=\"async\" loading=\"lazy\" width=\"9\" height=\"9\" class=\"size-full wp-image-45 tie-appear\" src=\"https:\/\/www.europesays.com\/fr\/wp-content\/uploads\/2025\/04\/arrow.png\" alt=\"\"\/> Informations &amp; r\u00e9servation au <strong>03 20 51 10 29<\/strong> ou sur <a href=\"https:\/\/www.tradibalade.com\/\" target=\"_blank\" rel=\"noopener noreferrer\">le site de Tradi\u2019Balade<\/a><\/p>\n<p class=\"has-text-align-center\">Visite libre du Beffroi de l\u2019H\u00f4tel de Ville de Lille<\/p>\n<p><a href=\"https:\/\/www.europesays.com\/fr\/wp-content\/uploads\/2025\/07\/monument_2020_beffroi_mairie_02.jpg\" target=\"_blank\" rel=\"noreferrer noopener\"><img decoding=\"async\" loading=\"lazy\" width=\"720\" height=\"960\" src=\"https:\/\/www.europesays.com\/fr\/wp-content\/uploads\/2025\/07\/monument_2020_beffroi_mairie_02.jpg\" alt=\"\" class=\"wp-image-48958\" style=\"aspect-ratio:0.75;width:350px;height:auto\"  \/><\/a><\/p>\n<p style=\"text-align: justify;\">Inscrit au <strong>patrimoine mondial de l\u2019Unesco,<\/strong> le <strong>Beffroi de l\u2019H\u00f4tel de Ville<\/strong> domine <strong>Lille<\/strong> du haut de ses <strong>104 m\u00e8tres !<\/strong><\/p>\n<p style=\"text-align: justify;\">Une fois les <strong>100 premi\u00e8res marches gravies,<\/strong> montez <strong>en ascenseur<\/strong> (ou \u00e0 pied pour les plus courageux) jusqu\u2019au<strong> sommet du beffroi\u2026<\/strong> et <strong>d\u00e9couvrez en un tour \u00e0 360\u00b0 Lille et ses environs,<\/strong> la <strong>vall\u00e9e de la Lys<\/strong> et m\u00eame les <strong>Monts des Flandres<\/strong> par temps clair. Le <strong>belv\u00e9d\u00e8re<\/strong> r\u00e9am\u00e9nag\u00e9 vous donnera<strong> toutes les cl\u00e9s de lecture pour comprendre le d\u00e9veloppement de la ville,<\/strong> de ses<strong> origines<\/strong> aux <strong>m\u00e9tamorphoses urbaines contemporaines.<\/strong><\/p>\n<p><strong><img decoding=\"async\" loading=\"lazy\" width=\"9\" height=\"9\" class=\" size-full wp-image-45\" src=\"https:\/\/www.europesays.com\/fr\/wp-content\/uploads\/2025\/04\/1744100656_185_arrow.png\" alt=\"\"\/> Beffroi de l\u2019H\u00f4tel de Ville de Lille<\/strong><br \/>Rue Roger Salengro<br \/><strong><img decoding=\"async\" loading=\"lazy\" width=\"9\" height=\"9\" class=\" size-full wp-image-45\" src=\"https:\/\/www.europesays.com\/fr\/wp-content\/uploads\/2025\/07\/arrow.png\" alt=\"\"\/> <\/strong><b>Horaires d\u2019ouverture : <\/b>du mardi au dimanche de 10h \u00e0 13h et de 14h \u00e0 17h30 (derni\u00e8res mont\u00e9es \u00e0 12h15 et 16h45)<br \/><strong><img decoding=\"async\" loading=\"lazy\" width=\"9\" height=\"9\" class=\" size-full wp-image-45\" src=\"https:\/\/www.europesays.com\/fr\/wp-content\/uploads\/2025\/04\/arrow.png\" alt=\"\"\/> Tarifs :<\/strong><br \/>\u2013 tarif r\u00e9duit en ligne : 6\u20ac &gt;&gt;&gt; <a href=\"https:\/\/www.lilletourism.com\/visite-libre-du-beffroi-de-l-hotel-de-ville-1-1.html\" target=\"_blank\" rel=\"noopener\">cliquez ici !!!<\/a><br \/>\u2013 plein tarif : 7,50\u20ac<br \/>\u2013 gratuit pour les enfants de moins de 6 ans<br \/><img decoding=\"async\" loading=\"lazy\" width=\"9\" height=\"9\" class=\" size-full wp-image-45\" src=\"https:\/\/www.europesays.com\/fr\/wp-content\/uploads\/2025\/04\/arrow.png\" alt=\"\"\/> <a href=\"https:\/\/www.lilletourism.com\/visite-libre-du-beffroi-de-l-hotel-de-ville.html\" target=\"_blank\" rel=\"noopener noreferrer\">Site internet de l\u2019Office de Tourisme de Lille<\/a><\/p>\n<p class=\"has-text-align-right\">Sources : Ville de Lille \/ M\u00e9tropole Europ\u00e9enne de Lille \/ Cita Parc \/ Accro Lille \/ Th\u00e9\u00e2tre de Marionnettes Le P\u2019tit Jacques \/ Marin d\u2019Eau Douce \/ Tango ? Tango ! &amp; Le 8 Renvers\u00e9  \/ Clef de Soleil \/ Foire aux Man\u00e8ges de Lille \/ Tradi\u2019Balade \/ Office de Tourisme de Lille \u2013 Photos et images : DR \/ \u00a9 Ville de Lille \/ \u00a9 Accro Lille \/ \u00a9 Tango ? Tango ! et Le 8 Renvers\u00e9  \/ \u00a9 Clef de Soleil \/ \u00a9 Tradi\u2019Balade \/ \u00a9 Zoom Sur Lille<\/p>\n","protected":false},"excerpt":{"rendered":"Zoom Sur Lille vous propose quelques id\u00e9es sorties pour ces vacances d\u2019\u00e9t\u00e9 2025 !!! Grand D\u00e9part du Tour&hellip;\n","protected":false},"author":2,"featured_media":221343,"comment_status":"","ping_status":"","sticky":false,"template":"","format":"standard","meta":{"footnotes":""},"categories":[2815],"tags":[10915,36016,1111,11,1063,36017,5160,36018,36019,5972,1777,674,9095,16701,8260,1011,27,811,1307,12,7795,25,36020,6031],"class_list":{"0":"post-221342","1":"post","2":"type-post","3":"status-publish","4":"format-standard","5":"has-post-thumbnail","7":"category-lille","8":"tag-14-juillet","9":"tag-accrobranches","10":"tag-actu","11":"tag-actualites","12":"tag-animations","13":"tag-bals","14":"tag-bateau","15":"tag-bateaux-electriques","16":"tag-beffroi","17":"tag-danse","18":"tag-eu","19":"tag-europe","20":"tag-ferme","21":"tag-feu-dartifice","22":"tag-foire-aux-maneges","23":"tag-fr","24":"tag-france","25":"tag-hauts-de-france","26":"tag-lille","27":"tag-news","28":"tag-parc-dattractions","29":"tag-republique-francaise","30":"tag-tango","31":"tag-zoo"},"share_on_mastodon":{"url":"https:\/\/pubeurope.com\/@fr\/114785185953616345","error":""},"_links":{"self":[{"href":"https:\/\/www.europesays.com\/fr\/wp-json\/wp\/v2\/posts\/221342","targetHints":{"allow":["GET"]}}],"collection":[{"href":"https:\/\/www.europesays.com\/fr\/wp-json\/wp\/v2\/posts"}],"about":[{"href":"https:\/\/www.europesays.com\/fr\/wp-json\/wp\/v2\/types\/post"}],"author":[{"embeddable":true,"href":"https:\/\/www.europesays.com\/fr\/wp-json\/wp\/v2\/users\/2"}],"replies":[{"embeddable":true,"href":"https:\/\/www.europesays.com\/fr\/wp-json\/wp\/v2\/comments?post=221342"}],"version-history":[{"count":0,"href":"https:\/\/www.europesays.com\/fr\/wp-json\/wp\/v2\/posts\/221342\/revisions"}],"wp:featuredmedia":[{"embeddable":true,"href":"https:\/\/www.europesays.com\/fr\/wp-json\/wp\/v2\/media\/221343"}],"wp:attachment":[{"href":"https:\/\/www.europesays.com\/fr\/wp-json\/wp\/v2\/media?parent=221342"}],"wp:term":[{"taxonomy":"category","embeddable":true,"href":"https:\/\/www.europesays.com\/fr\/wp-json\/wp\/v2\/categories?post=221342"},{"taxonomy":"post_tag","embeddable":true,"href":"https:\/\/www.europesays.com\/fr\/wp-json\/wp\/v2\/tags?post=221342"}],"curies":[{"name":"wp","href":"https:\/\/api.w.org\/{rel}","templated":true}]}}