{"id":221348,"date":"2025-07-02T19:02:10","date_gmt":"2025-07-02T19:02:10","guid":{"rendered":"https:\/\/www.europesays.com\/fr\/221348\/"},"modified":"2025-07-02T19:02:10","modified_gmt":"2025-07-02T19:02:10","slug":"les-agents-de-la-surete-de-la-rtm-en-greve-ce-lundi-7-juillet","status":"publish","type":"post","link":"https:\/\/www.europesays.com\/fr\/221348\/","title":{"rendered":"Les agents de la suret\u00e9 de la RTM en gr\u00e8ve ce lundi 7 juillet"},"content":{"rendered":"<p>Quand le bruit a commenc\u00e9 \u00e0 tourner, le sang des usagers \u00e9chaud\u00e9s par <a href=\"https:\/\/www.laprovence.com\/article\/region\/64765374623814\/greve-a-la-rtm-apres-trois-jours-de-galere-les-metros-marseillais-reprennent-du-service-des-ce-mercredi-matin\" target=\"_blank\" rel=\"noopener\">la gr\u00e8ve de trois jours du m\u00e9tro il y a dix jours<\/a>, n\u2019a fait qu\u2019un tour\u00a0: le syndicat FO de la RTM a d\u00e9pos\u00e9 un pr\u00e9avis de gr\u00e8ve reconductible pour ce lundi 7\u00a0juillet. Qu\u2019ils se rassurent, la circulation des bus, tramways et m\u00e9tros ne devrait pas en p\u00e2tir, et s\u2019ils constatent un changement, c\u2019est sans doute parce que depuis le 1er\u00a0juillet, le r\u00e9seau a bascul\u00e9 en horaires de vacances scolaires.<\/p>\n<p>Le mouvement ne concerne en effet que les agents de la s\u00fbret\u00e9, qui repr\u00e9sentent tout de m\u00eame 300, voire 400\u00a0personnels en comptant <a href=\"https:\/\/www.laprovence.com\/article\/region\/2736399782404815\/a-marseille-la-rtm-veut-armer-ses-agents-de-securite\" target=\"_blank\" rel=\"noopener\">les 100\u00a0membres du GAP (Groupe d\u2019assistance et de pr\u00e9vention)<\/a>.<\/p>\n<p>Si \u00e0 cette heure, on ignore combien d\u2019entre eux seront en gr\u00e8ve, leurs revendications sont tr\u00e8s clairement affich\u00e9es\u00a0: ils demandent \u00ab\u00a0l\u2019application de l\u2019accord d\u2019entreprise sur le remplacement des absents par des CDD non asserment\u00e9s, le respect des grilles de roulement et les suppressions des tours, une am\u00e9lioration des conditions de travail et la non-obligation du port de gilet pare-lame\u00a0\u00bb, d\u00e9crivent-ils dans leur pr\u00e9avis.<\/p>\n","protected":false},"excerpt":{"rendered":"Quand le bruit a commenc\u00e9 \u00e0 tourner, le sang des usagers \u00e9chaud\u00e9s par la gr\u00e8ve de trois jours&hellip;\n","protected":false},"author":2,"featured_media":221349,"comment_status":"","ping_status":"","sticky":false,"template":"","format":"standard","meta":{"footnotes":""},"categories":[2814],"tags":[17,1111,11,6891,1777,674,1011,27,6151,151,9865,884,12,882,16,25,10783,36022],"class_list":{"0":"post-221348","1":"post","2":"type-post","3":"status-publish","4":"format-standard","5":"has-post-thumbnail","7":"category-marseille","8":"tag-17","9":"tag-actu","10":"tag-actualites","11":"tag-agents","12":"tag-eu","13":"tag-europe","14":"tag-fr","15":"tag-france","16":"tag-greve","17":"tag-les","18":"tag-lundi","19":"tag-marseille","20":"tag-news","21":"tag-provence-alpes-cote-dazur","22":"tag-region","23":"tag-republique-francaise","24":"tag-rtm","25":"tag-surete"},"share_on_mastodon":{"url":"https:\/\/pubeurope.com\/@fr\/114785192721823708","error":""},"_links":{"self":[{"href":"https:\/\/www.europesays.com\/fr\/wp-json\/wp\/v2\/posts\/221348","targetHints":{"allow":["GET"]}}],"collection":[{"href":"https:\/\/www.europesays.com\/fr\/wp-json\/wp\/v2\/posts"}],"about":[{"href":"https:\/\/www.europesays.com\/fr\/wp-json\/wp\/v2\/types\/post"}],"author":[{"embeddable":true,"href":"https:\/\/www.europesays.com\/fr\/wp-json\/wp\/v2\/users\/2"}],"replies":[{"embeddable":true,"href":"https:\/\/www.europesays.com\/fr\/wp-json\/wp\/v2\/comments?post=221348"}],"version-history":[{"count":0,"href":"https:\/\/www.europesays.com\/fr\/wp-json\/wp\/v2\/posts\/221348\/revisions"}],"wp:featuredmedia":[{"embeddable":true,"href":"https:\/\/www.europesays.com\/fr\/wp-json\/wp\/v2\/media\/221349"}],"wp:attachment":[{"href":"https:\/\/www.europesays.com\/fr\/wp-json\/wp\/v2\/media?parent=221348"}],"wp:term":[{"taxonomy":"category","embeddable":true,"href":"https:\/\/www.europesays.com\/fr\/wp-json\/wp\/v2\/categories?post=221348"},{"taxonomy":"post_tag","embeddable":true,"href":"https:\/\/www.europesays.com\/fr\/wp-json\/wp\/v2\/tags?post=221348"}],"curies":[{"name":"wp","href":"https:\/\/api.w.org\/{rel}","templated":true}]}}