{"id":221352,"date":"2025-07-02T19:04:11","date_gmt":"2025-07-02T19:04:11","guid":{"rendered":"https:\/\/www.europesays.com\/fr\/221352\/"},"modified":"2025-07-02T19:04:11","modified_gmt":"2025-07-02T19:04:11","slug":"hausse-des-recours-aux-soins-dans-la-region","status":"publish","type":"post","link":"https:\/\/www.europesays.com\/fr\/221352\/","title":{"rendered":"hausse des recours aux soins dans la r\u00e9gion"},"content":{"rendered":"<p>Dans son bulletin Canicule et sant\u00e9 en date du 1er \u00a0juillet, Sant\u00e9 publique France rel\u00e8ve une hausse des recours aux soins li\u00e9s \u00e0 la canicule (hyperthermies, d\u00e9shydratations et hyponatr\u00e9mies) en Auvergne-Rh\u00f4ne-Alpes depuis le premier \u00e9pisode de canicule. Ce premier \u00e9pisode s\u2019est d\u00e9roul\u00e9 du 20 au 26\u00a0juin et a concern\u00e9 les d\u00e9partements de l\u2019Is\u00e8re et du Rh\u00f4ne. Un deuxi\u00e8me \u00e9pisode a \u00e9t\u00e9 d\u00e9clench\u00e9 par M\u00e9t\u00e9o France le 28\u00a0juin. Toujours en cours, il concerne l\u2019ensemble des d\u00e9partements de la r\u00e9gion.<\/p>\n<p>  \u00ab Ces deux premiers \u00e9pisodes sont pr\u00e9coces \u00bb <\/p>\n<p>L\u2019augmentation d\u2019activit\u00e9 concerne les actes de SOS m\u00e9decins dont le pourcentage d\u2019actes en lien avec la canicule est pass\u00e9 de 1,4\u00a0% le 24\u00a0juin \u00e0 3,4\u00a0% le 30\u00a0juin ainsi que les passages aux urgences. Les hospitalisations post-urgences restent pour l\u2019instant stables.<\/p>\n<p>\u00ab\u00a0Bien que les fluctuations observ\u00e9es se situent dans des valeurs attendues pour le contexte m\u00e9t\u00e9orologique actuel, la vigilance doit \u00eatre renforc\u00e9e du fait que ces deux premiers \u00e9pisodes sont pr\u00e9coces et cette situation s\u2019inscrit dans la dur\u00e9e\u00a0\u00bb, souligne Sant\u00e9 publique France.<\/p>\n","protected":false},"excerpt":{"rendered":"Dans son bulletin Canicule et sant\u00e9 en date du 1er \u00a0juillet, Sant\u00e9 publique France rel\u00e8ve une hausse des&hellip;\n","protected":false},"author":2,"featured_media":221353,"comment_status":"","ping_status":"","sticky":false,"template":"","format":"standard","meta":{"footnotes":""},"categories":[1889],"tags":[1111,11,2430,2757,1777,674,1011,27,2428,2756,12,25,2429,71],"class_list":{"0":"post-221352","1":"post","2":"type-post","3":"status-publish","4":"format-standard","5":"has-post-thumbnail","7":"category-lyon","8":"tag-actu","9":"tag-actualites","10":"tag-auvergne-rhone-alpes","11":"tag-edition-lyon-villeurbanne","12":"tag-eu","13":"tag-europe","14":"tag-fr","15":"tag-france","16":"tag-lyon","17":"tag-lyon-bassin","18":"tag-news","19":"tag-republique-francaise","20":"tag-rhone","21":"tag-sante"},"share_on_mastodon":{"url":"https:\/\/pubeurope.com\/@fr\/114785200632078587","error":""},"_links":{"self":[{"href":"https:\/\/www.europesays.com\/fr\/wp-json\/wp\/v2\/posts\/221352","targetHints":{"allow":["GET"]}}],"collection":[{"href":"https:\/\/www.europesays.com\/fr\/wp-json\/wp\/v2\/posts"}],"about":[{"href":"https:\/\/www.europesays.com\/fr\/wp-json\/wp\/v2\/types\/post"}],"author":[{"embeddable":true,"href":"https:\/\/www.europesays.com\/fr\/wp-json\/wp\/v2\/users\/2"}],"replies":[{"embeddable":true,"href":"https:\/\/www.europesays.com\/fr\/wp-json\/wp\/v2\/comments?post=221352"}],"version-history":[{"count":0,"href":"https:\/\/www.europesays.com\/fr\/wp-json\/wp\/v2\/posts\/221352\/revisions"}],"wp:featuredmedia":[{"embeddable":true,"href":"https:\/\/www.europesays.com\/fr\/wp-json\/wp\/v2\/media\/221353"}],"wp:attachment":[{"href":"https:\/\/www.europesays.com\/fr\/wp-json\/wp\/v2\/media?parent=221352"}],"wp:term":[{"taxonomy":"category","embeddable":true,"href":"https:\/\/www.europesays.com\/fr\/wp-json\/wp\/v2\/categories?post=221352"},{"taxonomy":"post_tag","embeddable":true,"href":"https:\/\/www.europesays.com\/fr\/wp-json\/wp\/v2\/tags?post=221352"}],"curies":[{"name":"wp","href":"https:\/\/api.w.org\/{rel}","templated":true}]}}