{"id":221354,"date":"2025-07-02T19:05:13","date_gmt":"2025-07-02T19:05:13","guid":{"rendered":"https:\/\/www.europesays.com\/fr\/221354\/"},"modified":"2025-07-02T19:05:13","modified_gmt":"2025-07-02T19:05:13","slug":"lile-de-france-appelle-les-elus-locaux-a-laide-pour-sauver-le-bouclier-de-securite","status":"publish","type":"post","link":"https:\/\/www.europesays.com\/fr\/221354\/","title":{"rendered":"L&rsquo;\u00cele-de-France appelle les \u00e9lus locaux \u00e0 l&rsquo;aide pour sauver le bouclier de s\u00e9curit\u00e9"},"content":{"rendered":"\n<p lang=\"fr-FR\" style=\"margin-bottom: 0cm;\">Branle-bas de combat au conseil r\u00e9gional\u00a0: la pr\u00e9sidente Val\u00e9rie P\u00e9cresse va r\u00e9unir les pr\u00e9sidents de d\u00e9partement et les maires qui b\u00e9n\u00e9ficient du bouclier de s\u00e9curit\u00e9. La r\u00e9union de crise aura lieu mercredi matin au si\u00e8ge de la R\u00e9gion. Val\u00e9rie P\u00e9cresse craint que les mesures (vid\u00e9o-protection, \u00e9quipement des policiers&#8230;) ne soient annul\u00e9es \u00e0 cause d&rsquo;un recours devant un tribunal administratif. \u00ab\u00a0Cette comp\u00e9tence r\u00e9gionale est indispensable pour les communes et leurs habitants\u00a0\u00bb, assure Val\u00e9rie P\u00e9cresse.<\/p>\n<p lang=\"fr-FR\" style=\"margin-bottom: 0cm;\">\u00a0<\/p>\n<p lang=\"fr-FR\" style=\"margin-bottom: 0cm;\">Nicolas Chacun<\/p>\n<p>!function(f,b,e,v,n,t,s){if(f.fbq)return;n=f.fbq=function(){n.callMethod?<br \/>\nn.callMethod.apply(n,arguments):n.queue.push(arguments)};if(!f._fbq)f._fbq=n;<br \/>\nn.push=n;n.loaded=!0;n.version=&rsquo;2.0&prime;;n.queue=[];t=b.createElement(e);t.async=!0;<br \/>\nt.src=v;s=b.getElementsByTagName(e)[0];s.parentNode.insertBefore(t,s)}(window,<br \/>\ndocument,&rsquo;script&rsquo;,&rsquo;https:\/\/connect.facebook.net\/en_US\/fbevents.js&rsquo;);<br \/>\nfbq(&lsquo;init&rsquo;, &lsquo;278974969201861&rsquo;); \/\/ Insert your pixel ID here.<br \/>\nfbq(&lsquo;track&rsquo;, &lsquo;PageView&rsquo;);<\/p>\n","protected":false},"excerpt":{"rendered":"Branle-bas de combat au conseil r\u00e9gional\u00a0: la pr\u00e9sidente Val\u00e9rie P\u00e9cresse va r\u00e9unir les pr\u00e9sidents de d\u00e9partement et les&hellip;\n","protected":false},"author":2,"featured_media":221355,"comment_status":"","ping_status":"","sticky":false,"template":"","format":"standard","meta":{"footnotes":""},"categories":[1592],"tags":[1111,11,1933,1936,1777,1939,674,1011,27,662,1934,12,1940,626,1935,25,1937,1941,1938],"class_list":{"0":"post-221354","1":"post","2":"type-post","3":"status-publish","4":"format-standard","5":"has-post-thumbnail","7":"category-ile-de-france","8":"tag-actu","9":"tag-actualites","10":"tag-actualites-locales","11":"tag-essonne","12":"tag-eu","13":"tag-eure-et-loir","14":"tag-europe","15":"tag-fr","16":"tag-france","17":"tag-ile-de-france","18":"tag-infos-locales","19":"tag-news","20":"tag-oise","21":"tag-paris","22":"tag-pres-de-chez-vous","23":"tag-republique-francaise","24":"tag-seine-et-marne","25":"tag-somme","26":"tag-yvelines"},"share_on_mastodon":{"url":"https:\/\/pubeurope.com\/@fr\/114785204556743602","error":""},"_links":{"self":[{"href":"https:\/\/www.europesays.com\/fr\/wp-json\/wp\/v2\/posts\/221354","targetHints":{"allow":["GET"]}}],"collection":[{"href":"https:\/\/www.europesays.com\/fr\/wp-json\/wp\/v2\/posts"}],"about":[{"href":"https:\/\/www.europesays.com\/fr\/wp-json\/wp\/v2\/types\/post"}],"author":[{"embeddable":true,"href":"https:\/\/www.europesays.com\/fr\/wp-json\/wp\/v2\/users\/2"}],"replies":[{"embeddable":true,"href":"https:\/\/www.europesays.com\/fr\/wp-json\/wp\/v2\/comments?post=221354"}],"version-history":[{"count":0,"href":"https:\/\/www.europesays.com\/fr\/wp-json\/wp\/v2\/posts\/221354\/revisions"}],"wp:featuredmedia":[{"embeddable":true,"href":"https:\/\/www.europesays.com\/fr\/wp-json\/wp\/v2\/media\/221355"}],"wp:attachment":[{"href":"https:\/\/www.europesays.com\/fr\/wp-json\/wp\/v2\/media?parent=221354"}],"wp:term":[{"taxonomy":"category","embeddable":true,"href":"https:\/\/www.europesays.com\/fr\/wp-json\/wp\/v2\/categories?post=221354"},{"taxonomy":"post_tag","embeddable":true,"href":"https:\/\/www.europesays.com\/fr\/wp-json\/wp\/v2\/tags?post=221354"}],"curies":[{"name":"wp","href":"https:\/\/api.w.org\/{rel}","templated":true}]}}