{"id":221364,"date":"2025-07-02T19:10:12","date_gmt":"2025-07-02T19:10:12","guid":{"rendered":"https:\/\/www.europesays.com\/fr\/221364\/"},"modified":"2025-07-02T19:10:12","modified_gmt":"2025-07-02T19:10:12","slug":"quatre-hommes-en-garde-a-vue-pour-une-agression-brutale","status":"publish","type":"post","link":"https:\/\/www.europesays.com\/fr\/221364\/","title":{"rendered":"quatre hommes en garde \u00e0 vue pour une agression brutale"},"content":{"rendered":"<p>L\u2019agression d\u2019une femme, frapp\u00e9e d\u2019un coup de pied alors qu\u2019elle se trouvait \u00e0 terre, a \u00e9t\u00e9 film\u00e9e et largement diffus\u00e9e sur les r\u00e9seaux sociaux.<\/p>\n<p class=\"fig-paragraph\">Quatre hommes ont \u00e9t\u00e9 interpell\u00e9s et plac\u00e9s en garde \u00e0 vue mercredi dans l&rsquo;enqu\u00eate sur l&rsquo;agression de trois personnes, dont une femme, qui avait \u00e9t\u00e9 film\u00e9e et diffus\u00e9e sur les r\u00e9seaux sociaux,\u00a0<a href=\"http:\/\/www.lefigaro.fr\/actualite-france\/vols-avec-violences-rixes-piqures-le-bilan-amer-de-la-fete-de-la-musique-20250622\" target=\"_blank\" data-fig-type=\"NewsFlash\" rel=\"noopener\" data-gtm-custom-categorie=\"navigation\" data-gtm-custom-action=\"crossclick\" data-gtm-custom-label=\"Contextuel\" data-gtm-event=\"customEventSPE\" data-fig-domain=\"LEFIGARO\">lors de la F\u00eate de la musique<\/a>, a indiqu\u00e9 le parquet de Paris. Dans un message post\u00e9 sur X, le pr\u00e9fet de police de Paris\u00a0<a href=\"http:\/\/www.lefigaro.fr\/flash-actu\/la-delinquance-a-paris-reste-structurellement-elevee-malgre-des-chiffres-a-la-baisse-concede-laurent-nunez-20250207\" target=\"_blank\" data-fig-type=\"NewsFlash\" rel=\"noopener\" data-gtm-custom-categorie=\"navigation\" data-gtm-custom-action=\"crossclick\" data-gtm-custom-label=\"Contextuel\" data-gtm-event=\"customEventSPE\" data-fig-domain=\"LEFIGARO\">Laurent Nu\u00f1ez\u00a0<\/a>a \u00abf\u00e9licit\u00e9 les enqu\u00eateurs de la S\u00fbret\u00e9 territoriale 75 qui, gr\u00e2ce \u00e0 leurs investigations, ont permis l&rsquo;interpellation de 4 individus suspect\u00e9s d&rsquo;\u00eatre les auteurs de ces faits de violences inadmissibles commis lors de la f\u00eate de la Musique\u00bb. Il a pr\u00e9cis\u00e9 que \u00abl&rsquo;enqu\u00eate se (poursuivait)\u00bb.<\/p>\n<p class=\"fig-paragraph\">\u00abAvis\u00e9s d&rsquo;une vid\u00e9o tournant sur les r\u00e9seaux sociaux, montrant un homme en t-shirt bleu frapper violemment une femme au sol lors de la F\u00eate de la musique, les enqu\u00eateurs de la S\u00fbret\u00e9 Territoriale de Paris ont ouvert une enqu\u00eate\u00bb, a expliqu\u00e9 pour sa part le parquet. \u00abL&rsquo;exploitation de la vid\u00e9o a r\u00e9v\u00e9l\u00e9 que l&rsquo;homme au t-shirt bleu avait port\u00e9 un coup \u00e0 un homme d\u00e9j\u00e0 au sol\u00bb, a poursuivi la m\u00eame source.<\/p>\n<p>                                    <a class=\"fig-a11y-skip a11y-hidden\" href=\"#fig-a11y-skip-main-inarticle\"><br \/>\n        Passer la publicit\u00e9<br \/>\n    <\/a><\/p>\n<p>Cinq jours d\u2019ITT pour une femme<\/p>\n<p class=\"fig-paragraph\">Une femme \u00abavait \u00e9t\u00e9 violemment jet\u00e9e au sol par un deuxi\u00e8me homme porteur d&rsquo;un t-shirt (du club de football) PSG et un troisi\u00e8me homme au t-shirt bariol\u00e9\u00bb, alors qu&rsquo;elle tentait de s&rsquo;interposer, a d\u00e9crit le parquet. Elle avait re\u00e7u \u00abun coup de pied au visage\u00bb par l&rsquo;un et son sac lui avait \u00e9t\u00e9 arrach\u00e9. \u00abPendant ce temps, l&rsquo;homme au t-shirt bleu s&rsquo;en \u00e9tait pris \u00e0 une troisi\u00e8me victime en lui portant un coup de poing puis en chutant au sol avec elle\u00bb, a d\u00e9crit le parquet.<\/p>\n<p class=\"fig-paragraph\">Les trois victimes, identifi\u00e9es, avaient port\u00e9 plainte. Deux d&rsquo;entre elles, dont la femme, \u00abse sont vu reconna\u00eetre cinq jours d&rsquo;incapacit\u00e9 de travail (ITT) par l&rsquo;unit\u00e9 m\u00e9dico-judiciaire\u00bb, a pr\u00e9cis\u00e9 le minist\u00e8re public. Peu de temps apr\u00e8s les faits, \u00abdeux des suspects \u00e9taient revenus sur les lieux indiquant avoir fait tomber leur t\u00e9l\u00e9phone\u00bb, ramass\u00e9 par les policiers. Contr\u00f4l\u00e9s, \u00abils avaient \u00e9t\u00e9 laiss\u00e9s libres faute d&rsquo;\u00e9l\u00e9ments \u00e0 ce moment-l\u00e0\u00bb, selon le parquet. Les deux autres suspects ont \u00e9t\u00e9 identifi\u00e9s notamment \u00abgr\u00e2ce \u00e0 l&rsquo;exploitation des lignes t\u00e9l\u00e9phoniques\u00bb, a-t-on ajout\u00e9. Selon une source polici\u00e8re, ils sont tous n\u00e9s en \u00cele-de-France entre 1997 et 2003.<\/p>\n","protected":false},"excerpt":{"rendered":"L\u2019agression d\u2019une femme, frapp\u00e9e d\u2019un coup de pied alors qu\u2019elle se trouvait \u00e0 terre, a \u00e9t\u00e9 film\u00e9e et&hellip;\n","protected":false},"author":2,"featured_media":221365,"comment_status":"","ping_status":"","sticky":false,"template":"","format":"standard","meta":{"footnotes":""},"categories":[1888],"tags":[11,1120,1777,674,25885,1011,27,12,626,25],"class_list":{"0":"post-221364","1":"post","2":"type-post","3":"status-publish","4":"format-standard","5":"has-post-thumbnail","7":"category-paris","8":"tag-actualites","9":"tag-agression","10":"tag-eu","11":"tag-europe","12":"tag-fete-de-la-musique","13":"tag-fr","14":"tag-france","15":"tag-news","16":"tag-paris","17":"tag-republique-francaise"},"share_on_mastodon":{"url":"https:\/\/pubeurope.com\/@fr\/114785224336489846","error":""},"_links":{"self":[{"href":"https:\/\/www.europesays.com\/fr\/wp-json\/wp\/v2\/posts\/221364","targetHints":{"allow":["GET"]}}],"collection":[{"href":"https:\/\/www.europesays.com\/fr\/wp-json\/wp\/v2\/posts"}],"about":[{"href":"https:\/\/www.europesays.com\/fr\/wp-json\/wp\/v2\/types\/post"}],"author":[{"embeddable":true,"href":"https:\/\/www.europesays.com\/fr\/wp-json\/wp\/v2\/users\/2"}],"replies":[{"embeddable":true,"href":"https:\/\/www.europesays.com\/fr\/wp-json\/wp\/v2\/comments?post=221364"}],"version-history":[{"count":0,"href":"https:\/\/www.europesays.com\/fr\/wp-json\/wp\/v2\/posts\/221364\/revisions"}],"wp:featuredmedia":[{"embeddable":true,"href":"https:\/\/www.europesays.com\/fr\/wp-json\/wp\/v2\/media\/221365"}],"wp:attachment":[{"href":"https:\/\/www.europesays.com\/fr\/wp-json\/wp\/v2\/media?parent=221364"}],"wp:term":[{"taxonomy":"category","embeddable":true,"href":"https:\/\/www.europesays.com\/fr\/wp-json\/wp\/v2\/categories?post=221364"},{"taxonomy":"post_tag","embeddable":true,"href":"https:\/\/www.europesays.com\/fr\/wp-json\/wp\/v2\/tags?post=221364"}],"curies":[{"name":"wp","href":"https:\/\/api.w.org\/{rel}","templated":true}]}}