{"id":221371,"date":"2025-07-02T19:14:16","date_gmt":"2025-07-02T19:14:16","guid":{"rendered":"https:\/\/www.europesays.com\/fr\/221371\/"},"modified":"2025-07-02T19:14:16","modified_gmt":"2025-07-02T19:14:16","slug":"la-ministre-des-finances-britannique-fond-en-larmes-au-parlement-2","status":"publish","type":"post","link":"https:\/\/www.europesays.com\/fr\/221371\/","title":{"rendered":"La ministre des Finances britannique fond en larmes au Parlement"},"content":{"rendered":"<p>Une larme virale au Royaume-Uni. Rachel Reeves, la chanceli\u00e8re de l\u2019\u00c9chiquier \u2013 l\u2019\u00e9quivalent britannique du ministre des Finances \u2013 a craqu\u00e9 mercredi 2 juillet, en pleine s\u00e9ance \u00e0 <a href=\"https:\/\/www.parismatch.com\/Actu\/International\/Accuse-d-avoir-regarde-du-porno-au-Parlement-un-depute-britannique-avoue-et-demissionne-1802825\" rel=\"nofollow noopener\" target=\"_blank\" data-ylk=\"slk:la Chambre des communes;elm:context_link;itc:0;sec:content-canvas\" class=\"link \">la Chambre des communes<\/a>. Le geste, furtif mais visible, a surpris jusqu\u2019\u00e0 ses adversaires. Essuyant une larme au banc gouvernemental, cet instant de vuln\u00e9rabilit\u00e9 a imm\u00e9diatement fait le buzz de l\u2019autre c\u00f4t\u00e9 de la Manche. <\/p>\n<p>A 46 ans, elle est devenue l\u2019ann\u00e9e derni\u00e8re, la premi\u00e8re femme \u00e0 occuper ce prestigieux poste au Royaume-Uni. Cette ancienne \u00e9conomiste \u00e0 la <a href=\"https:\/\/www.parismatch.com\/Actu\/Economie\/La-Banque-d-Angleterre-alerte-sur-les-risques-du-Brexit-no-deal-1640198\" rel=\"nofollow noopener\" target=\"_blank\" data-ylk=\"slk:Banque d\u2019Angleterre;elm:context_link;itc:0;sec:content-canvas\" class=\"link \">Banque d\u2019Angleterre<\/a> d\u00e9fend une politique de rigueur en mati\u00e8re fiscale et affiche comme objectif de ramener le budget du Royaume \u00e0 l\u2019\u00e9quilibre dans les prochaines ann\u00e9es. Mais cette volont\u00e9 suscite de vives tensions au sein de son propre camp, certains jugeant qu\u2019elle sacrifie le volet social. <\/p>\n<p>Ce mercredi, alors que les parlementaires s\u2019\u00e9charpaient autour d\u2019une r\u00e9forme des aides sociales, son gouvernement a d\u00fb retirer certaines mesures d\u2019\u00e9conomies qu\u2019elle d\u00e9fendait apr\u00e8s la fronde de 49 d\u00e9put\u00e9s travaillistes. Ce recul a co\u00fbt\u00e9 environ 5 milliards de livres sterling au budget, for\u00e7ant Reeves \u00e0 envisager de nouvelles \u00e9conomies ou de possibles hausses d\u2019imp\u00f4ts.<\/p>\n<blockquote placeholder=\"\" data-theme=\"light\" class=\"twitter-tweet\">\n<p>Labour is destroying the country and Rachel Reeves visibly can&rsquo;t cope with the mess she&rsquo;s created.<\/p>\n<p>This gov&rsquo;t is falling apart.<\/p>\n<p>She&rsquo;s finished.<br \/>No sympathy at all.<br \/>Not fit for office. <a href=\"https:\/\/t.co\/c8BRZmkZ2k\" rel=\"nofollow noopener\" target=\"_blank\" data-ylk=\"slk:pic.twitter.com\/c8BRZmkZ2k;elm:context_link;itc:0;sec:content-canvas\" class=\"link \">pic.twitter.com\/c8BRZmkZ2k<\/a><\/p>\n<p>\u2014 Lee Harris (@addicted2newz) <a href=\"https:\/\/twitter.com\/addicted2newz\/status\/1940390894613692469?ref_src=twsrc%5Etfw\" rel=\"nofollow noopener\" target=\"_blank\" data-ylk=\"slk:July 2, 2025;elm:context_link;itc:0;sec:content-canvas\" class=\"link \">July 2, 2025<\/a><\/p>\n<\/blockquote>\n<p>Durant la s\u00e9ance, la di&#8230;<\/p>\n<p><a href=\"https:\/\/www.parismatch.com\/actu\/international\/la-ministre-des-finances-britannique-fond-en-larmes-au-parlement-253664?at_medium=affiliate&amp;at_campaign=Yahoo\" rel=\"nofollow noopener\" target=\"_blank\" data-ylk=\"slk:Lire la suite sur ParisMatch;elm:context_link;itc:0;sec:content-canvas\" class=\"link \">Lire la suite sur ParisMatch<\/a><\/p>\n<p><script async src=\"https:\/\/platform.twitter.com\/widgets.js\" charset=\"utf-8\"><\/script><\/p>\n","protected":false},"excerpt":{"rendered":"Une larme virale au Royaume-Uni. Rachel Reeves, la chanceli\u00e8re de l\u2019\u00c9chiquier \u2013 l\u2019\u00e9quivalent britannique du ministre des Finances&hellip;\n","protected":false},"author":2,"featured_media":221372,"comment_status":"","ping_status":"","sticky":false,"template":"","format":"standard","meta":{"footnotes":""},"categories":[1588],"tags":[11,1777,674,12,36023,11113,473,1853,1851,1850,1852],"class_list":{"0":"post-221371","1":"post","2":"type-post","3":"status-publish","4":"format-standard","5":"has-post-thumbnail","7":"category-royaume-uni","8":"tag-actualites","9":"tag-eu","10":"tag-europe","11":"tag-news","12":"tag-politique-de-rigueur","13":"tag-rachel-reeves","14":"tag-royaume-uni","15":"tag-royaume-uni-de-grande-bretagne-et-dirlande-du-nord","16":"tag-uk","17":"tag-united-kingdom","18":"tag-united-kingdom-of-great-britain-and-northern-ireland"},"share_on_mastodon":{"url":"https:\/\/pubeurope.com\/@fr\/114785240036258303","error":""},"_links":{"self":[{"href":"https:\/\/www.europesays.com\/fr\/wp-json\/wp\/v2\/posts\/221371","targetHints":{"allow":["GET"]}}],"collection":[{"href":"https:\/\/www.europesays.com\/fr\/wp-json\/wp\/v2\/posts"}],"about":[{"href":"https:\/\/www.europesays.com\/fr\/wp-json\/wp\/v2\/types\/post"}],"author":[{"embeddable":true,"href":"https:\/\/www.europesays.com\/fr\/wp-json\/wp\/v2\/users\/2"}],"replies":[{"embeddable":true,"href":"https:\/\/www.europesays.com\/fr\/wp-json\/wp\/v2\/comments?post=221371"}],"version-history":[{"count":0,"href":"https:\/\/www.europesays.com\/fr\/wp-json\/wp\/v2\/posts\/221371\/revisions"}],"wp:featuredmedia":[{"embeddable":true,"href":"https:\/\/www.europesays.com\/fr\/wp-json\/wp\/v2\/media\/221372"}],"wp:attachment":[{"href":"https:\/\/www.europesays.com\/fr\/wp-json\/wp\/v2\/media?parent=221371"}],"wp:term":[{"taxonomy":"category","embeddable":true,"href":"https:\/\/www.europesays.com\/fr\/wp-json\/wp\/v2\/categories?post=221371"},{"taxonomy":"post_tag","embeddable":true,"href":"https:\/\/www.europesays.com\/fr\/wp-json\/wp\/v2\/tags?post=221371"}],"curies":[{"name":"wp","href":"https:\/\/api.w.org\/{rel}","templated":true}]}}