{"id":221373,"date":"2025-07-02T19:15:12","date_gmt":"2025-07-02T19:15:12","guid":{"rendered":"https:\/\/www.europesays.com\/fr\/221373\/"},"modified":"2025-07-02T19:15:12","modified_gmt":"2025-07-02T19:15:12","slug":"en-allemagne-la-phrase-du-chancelier-friedrich-merz-sur-le-drapeau-lgbt-ne-passe-pas","status":"publish","type":"post","link":"https:\/\/www.europesays.com\/fr\/221373\/","title":{"rendered":"En Allemagne, la phrase du chancelier Friedrich\u00a0Merz\u00a0sur le drapeau LGBT+ ne passe pas"},"content":{"rendered":"<p>        <img decoding=\"async\" loading=\"lazy\" src=\"https:\/\/www.europesays.com\/fr\/wp-content\/uploads\/2025\/07\/1d3264c_upload-1-lo3bryqjphz1-000-64hh6qb.jpg\"  width=\"728\" height=\"409\" alt=\"Le chancelier allemand Friedrich Merz, \u00e0 Berlin, le 2\u00a0juillet 2025.\"\/>  <\/p>\n<p>TOBIAS SCHWARZ \/ AFP<\/p>\n<p>Le chancelier allemand Friedrich Merz, \u00e0 Berlin, le 2\u00a0juillet 2025.<\/p>\n<p class=\"asset asset-text\">INTERNATIONAL &#8211; Fureur au sein de l\u2019opposition et des <a href=\"https:\/\/www.huffingtonpost.fr\/international\/article\/ces-deputes-allemands-ont-trouve-l-astuce-parfaite-pour-afficher-leur-soutien-aux-droits-lgbt_251868.html\" target=\"_blank\" rel=\"noopener\">associations LGBT+<\/a>. Le chancelier <a href=\"https:\/\/www.huffingtonpost.fr\/international\/article\/friedrich-merz-une-voix-dissonante-au-sein-de-la-diplomatie-europeenne-interview_251851.html\" target=\"_blank\" rel=\"noopener\">Friedrich\u00a0Merz<\/a>\u00a0est sous le feu des critiques ce mercredi 2\u00a0juillet pour avoir soutenu le refus de hisser le\u00a0drapeau arc-en-ciel\u00a0sur le Bundestag lors de la <a href=\"https:\/\/www.huffingtonpost.fr\/international\/article\/a-la-pride-interdite-de-budapest-ces-elues-francaises-veulent-envoyer-un-message-a-orban-et-a-l-ue_251873.html\" target=\"_blank\" rel=\"noopener\">marche des fiert\u00e9s<\/a> \u00e0 Berlin, en expliquant que le parlement n\u2019est \u00ab\u00a0pas un chapiteau de cirque\u00a0\u00bb.<\/p>\n<p class=\"asset asset-text\">Dans un entretien mardi \u00e0 la t\u00e9l\u00e9vision publique ARD, Friedrich\u00a0Merz\u00a0avait d\u00e9fendu la d\u00e9cision de la pr\u00e9sidente du Bundestag, d\u00e9mocrate-chr\u00e9tienne comme lui, de ne pas hisser le\u00a0drapeau arc-en-ciel\u00a0au fronton du parlement, le 26 juillet, contrairement aux autres ann\u00e9es. \u00ab\u00a0C\u2019est la bonne d\u00e9cision (&#8230;) Le Bundestag n\u2019est pas un chapiteau de cirque, o\u00f9 l\u2019on peut hisser des drapeaux comme bon nous semble\u00a0\u00bb, avait alors affirm\u00e9 Friedrich\u00a0Merz.<\/p>\n<p class=\"asset asset-text\">La principale association\u00a0LGBT+, la charg\u00e9e des questions homosexuelles au sein du gouvernement allemand, ainsi des \u00e9lus du centre et de la gauche, y compris dans la majorit\u00e9, ont condamn\u00e9 les propos du dirigeant conservateur.<\/p>\n<p>    Un \u00ab\u00a0groupe pers\u00e9cut\u00e9 sous le national-socialisme\u00a0\u00bb    <\/p>\n<p class=\"asset asset-text\">Pour justifier son refus, la pr\u00e9sidente du Bundestag, Julia Kl\u00f6ckner, a, elle, d\u00e9clar\u00e9 avoir d\u00e9j\u00e0 hiss\u00e9 le\u00a0drapeau arc-en-ciel\u00a0le 17 mai, journ\u00e9e internationale contre l\u2019homophobie.<\/p>\n<p class=\"asset asset-text\">Les personnes queer font \u00ab\u00a0partie int\u00e9grante de notre soci\u00e9t\u00e9\u00a0\u00bb et le\u00a0drapeau arc-en-ciel\u00a0sur le Bundestag aurait \u00e9t\u00e9 \u00ab\u00a0un engagement puissant de l\u2019Etat\u00a0\u00bb pour leur protection, a regrett\u00e9 la charg\u00e9e des questions homosexuelles au gouvernement, Sophie Koch.<\/p>\n<p class=\"asset asset-text\">Reprochant \u00e0 Friedrich\u00a0Merz\u00a0un \u00ab\u00a0d\u00e9rapage\u00a0\u00bb, la principale association\u00a0LGBT+\u00a0a soulign\u00e9 que le\u00a0drapeau arc-en-ciel\u00a0\u00e9tait \u00ab\u00a0un symbole universel de la diversit\u00e9 et des droits de l\u2019Homme\u00a0\u00bb. \u00ab\u00a0Je rappelle au chancelier qu\u2019il parle d\u2019un groupe pers\u00e9cut\u00e9 sous le national-socialisme et qui a \u00e9t\u00e9 longtemps r\u00e9prim\u00e9 et criminalis\u00e9\u00a0\u00bb y compris du temps de la RFA (1949-1990) a ajout\u00e9 sur ZDF Andre Lehman, pr\u00e9sident de la f\u00e9d\u00e9ration LSVD.<\/p>\n<p class=\"asset asset-text\">Au sein de l\u2019opposition de gauche, m\u00eame fureur. Friedrich\u00a0Merz\u00a0a \u00ab\u00a0le talent de faire gaffe sur gaffe et de heurter les gens\u00a0\u00bb, a ass\u00e9n\u00e9 la cheffe du groupe parlementaire des Verts, Britta Hasselmann, sur le r\u00e9seau social X.<\/p>\n<p class=\"asset asset-text\">Un porte-parole du gouvernement allemand, Sebastian Hille, a r\u00e9pondu mercredi que le chancelier \u00ab\u00a0avait clairement soulign\u00e9 l\u2019importance de la marche des fiert\u00e9s\u00a0\u00bb. C\u2019est un \u00ab\u00a0\u00e9v\u00e9nement important pour la diversit\u00e9\u00a0\u00bb et les droits des personnes gays, lesbiennes et queer, a-t-il dit, lors d\u2019un point presse r\u00e9gulier, \u00ab\u00a0Ce sont pr\u00e9cis\u00e9ment ces objectifs que le gouvernement soutient\u00a0\u00bb.<\/p>\n<p class=\"asset asset-text\">Cr\u00e9\u00e9es \u00e0 la suite des\u00a0 \u00e9meutes de Stonewall\u00a0aux\u00a0\u00c9tats-Unis\u00a0en 1969, des marches des fiert\u00e9s sont g\u00e9n\u00e9ralement organis\u00e9es chaque ann\u00e9e autour du mois de juin, le\u00a0mois des fiert\u00e9s\u00a0LGBT+, un peu partout dans le monde.<\/p>\n","protected":false},"excerpt":{"rendered":"TOBIAS SCHWARZ \/ AFP Le chancelier allemand Friedrich Merz, \u00e0 Berlin, le 2\u00a0juillet 2025. INTERNATIONAL &#8211; Fureur au&hellip;\n","protected":false},"author":2,"featured_media":221374,"comment_status":"","ping_status":"","sticky":false,"template":"","format":"standard","meta":{"footnotes":""},"categories":[1587],"tags":[11,672,1804,1805,1803,1777,674,1801,14,9087,24310,12,1802],"class_list":{"0":"post-221373","1":"post","2":"type-post","3":"status-publish","4":"format-standard","5":"has-post-thumbnail","7":"category-allemagne","8":"tag-actualites","9":"tag-allemagne","10":"tag-bundesrepublik-deutschland","11":"tag-de","12":"tag-deutschland","13":"tag-eu","14":"tag-europe","15":"tag-germany","16":"tag-international","17":"tag-lgbt","18":"tag-marche-des-fiertes","19":"tag-news","20":"tag-republique-federale-dallemagne"},"share_on_mastodon":{"url":"https:\/\/pubeurope.com\/@fr\/114785244034121019","error":""},"_links":{"self":[{"href":"https:\/\/www.europesays.com\/fr\/wp-json\/wp\/v2\/posts\/221373","targetHints":{"allow":["GET"]}}],"collection":[{"href":"https:\/\/www.europesays.com\/fr\/wp-json\/wp\/v2\/posts"}],"about":[{"href":"https:\/\/www.europesays.com\/fr\/wp-json\/wp\/v2\/types\/post"}],"author":[{"embeddable":true,"href":"https:\/\/www.europesays.com\/fr\/wp-json\/wp\/v2\/users\/2"}],"replies":[{"embeddable":true,"href":"https:\/\/www.europesays.com\/fr\/wp-json\/wp\/v2\/comments?post=221373"}],"version-history":[{"count":0,"href":"https:\/\/www.europesays.com\/fr\/wp-json\/wp\/v2\/posts\/221373\/revisions"}],"wp:featuredmedia":[{"embeddable":true,"href":"https:\/\/www.europesays.com\/fr\/wp-json\/wp\/v2\/media\/221374"}],"wp:attachment":[{"href":"https:\/\/www.europesays.com\/fr\/wp-json\/wp\/v2\/media?parent=221373"}],"wp:term":[{"taxonomy":"category","embeddable":true,"href":"https:\/\/www.europesays.com\/fr\/wp-json\/wp\/v2\/categories?post=221373"},{"taxonomy":"post_tag","embeddable":true,"href":"https:\/\/www.europesays.com\/fr\/wp-json\/wp\/v2\/tags?post=221373"}],"curies":[{"name":"wp","href":"https:\/\/api.w.org\/{rel}","templated":true}]}}