{"id":221380,"date":"2025-07-02T19:19:23","date_gmt":"2025-07-02T19:19:23","guid":{"rendered":"https:\/\/www.europesays.com\/fr\/221380\/"},"modified":"2025-07-02T19:19:23","modified_gmt":"2025-07-02T19:19:23","slug":"les-urgences-en-surchauffe-face-a-une-canicule-generalisee","status":"publish","type":"post","link":"https:\/\/www.europesays.com\/fr\/221380\/","title":{"rendered":"les urgences en surchauffe face \u00e0 une canicule g\u00e9n\u00e9ralis\u00e9e"},"content":{"rendered":"<p>             <a href=\"https:\/\/ma-sante.news\/wp-content\/uploads\/2025\/07\/alerte-canicule-France-chaleur-extreme-vigilance-orange-rouge-Ma-Sante.jpg\" data-caption=\"M\u00eame si les temp\u00e9ratures sont \u00e9prouvantes, la situation actuelle ne s\u2019apparente pas \u00e0 la crise sanitaire de l\u2019\u00e9t\u00e9 2003. \u00a9 Freepik\" target=\"_blank\" rel=\"noopener\"><img loading=\"lazy\" decoding=\"async\" width=\"696\" height=\"464\" class=\"entry-thumb td-modal-image\" src=\"data:image\/svg+xml,%3Csvg%20xmlns=\" http:=\"\" data-lazy- data-lazy- alt=\"Une femme qui subit la canicule en ville en France en vigilance rouge.\" title=\"alerte canicule France chaleur extreme vigilance orange rouge Ma Sante\u0301\" data-lazy-src=\"https:\/\/www.europesays.com\/fr\/wp-content\/uploads\/2025\/07\/alerte-canicule-France-chaleur-extreme-vigilance-orange-rouge-Ma-Sante-696x464.jpg\"\/><\/a>M\u00eame si les temp\u00e9ratures sont \u00e9prouvantes, la situation actuelle ne s\u2019apparente pas \u00e0 la crise sanitaire de l\u2019\u00e9t\u00e9 2003. \u00a9 Freepik                                    \t\t\t             <a class=\"gofollow\" data-track=\"MjgsMCwxLDYw\" href=\"https:\/\/ma-sante.news\/inscrivez-vous-a-notre-newsletter\/\" target=\"_blank\" rel=\"noopener\"><img loading=\"lazy\" decoding=\"async\" width=\"1068\" height=\"131\" src=\"data:image\/svg+xml,%3Csvg%20xmlns=\" http:=\"\" data-lazy-src=\"https:\/\/www.europesays.com\/fr\/wp-content\/uploads\/2025\/03\/banniere-newsletter.png\"\/><\/a> <\/p>\n<p>Canicule exceptionnelle, la majorit\u00e9 des d\u00e9partements touch\u00e9s en vigilance orange, un air chaud et lourd qui colle \u00e0 la peau, des pics d\u2019ozone \u00e0 n\u2019en plus finir\u2026 Joyeux \u00e9t\u00e9 2025. <\/p>\n<p>Selon le bulletin hebdomadaire de Sant\u00e9 Publique France du 2 juillet,<a href=\"https:\/\/ma-sante.news\/conseils-comment-se-proteger-de-la-canicule-626784\/\" target=\"_blank\" rel=\"noopener\"> la vigilance orange a \u00e9t\u00e9 d\u00e9clench\u00e9e<\/a> d\u00e8s le 20 juin, avant de s\u2019\u00e9tendre sur tout le territoire hexagonal en l\u2019espace d\u2019une semaine. Depuis hier, mardi 1er juillet, 16 d\u00e9partement ont \u00e9t\u00e9 plac\u00e9s<a href=\"https:\/\/ma-sante.news\/canicule-le-rhone-la-drome-lardeche-et-la-haute-loire-en-vigilance-rouge\/\" target=\"_blank\" rel=\"noopener\"> en vigilance rouge <\/a>: l\u2019Aube, le Cher, l\u2019Essonne, les Hauts-de-Seine, l\u2019Indre, l\u2019Indre-et-Loire, le Loir-et-Cher, le Loiret, Paris, la Seine-et-Marne, la Seine-Saint-Denis, le Val-d\u2019Oise, le Val-de-Marne, la Vienne, l\u2019Yonne et les Yvelines.<\/p>\n<p>\u201cC\u2019est un \u00e9pisode in\u00e9dit car particuli\u00e8rement pr\u00e9coce et g\u00e9n\u00e9ralis\u00e9\u201d, d\u00e9plore la Dr Caroline Semaille, directrice g\u00e9n\u00e9rale de Sant\u00e9 publique France. Mais Robin Lagarrigue, charg\u00e9 d\u2019\u00e9tudes scientifiques \u00e0 Sant\u00e9 Publique France pr\u00e9cise que\u00a0 \u201cce que nous vivons n\u2019a rien \u00e0 voir avec 2003. \u00c0 l\u2019\u00e9poque, on avait eu 15 000 d\u00e9c\u00e8s en trois semaines. Aujourd\u2019hui, c\u2019est diff\u00e9rent, plus diffus, mais tout aussi dangereux.\u201d\u00a0<\/p>\n<p>        Un \u00e9t\u00e9 qui d\u00e9marre en alerte rouge    <strong>Des passages aux urgences en hausse\u00a0<\/strong>    <\/p>\n<p>Depuis fin juin, les donn\u00e9es de Sant\u00e9 Publique France montrent <a href=\"https:\/\/ma-sante.news\/canicule-comme-en-2023-un-ete-brulant-aux-urgences\/\" target=\"_blank\" rel=\"noopener\">une forte hausse des passages aux urgences pour des pathologies li\u00e9es \u00e0 la chaleur<\/a> (l\u2019indicateur iCanicule). Notamment hyperthermies et d\u00e9shydratations chez les moins de 15 ans et 15-44 ans. Le 30, les indicateurs ont bondi, avec un pic de 240 consultations SOS M\u00e9decins li\u00e9es \u00e0 la chaleur.<\/p>\n<p>\u201cLes arriv\u00e9es aux urgences sont g\u00e9n\u00e9ralis\u00e9es \u00e0 toutes les tranches d\u2019\u00e2ge mais on se concentre majoritairement sur les seniors. <a href=\"https:\/\/ma-sante.news\/seniors-comment-se-proteger-de-la-canicule\/\" target=\"_blank\" rel=\"noopener\">Chez les 75 ans et plus, les effets sont plus marqu\u00e9s<\/a>.\u201d pr\u00e9cise Robin Lagarrigue, charg\u00e9 d\u2019\u00e9tudes scientifiques \u00e0 Sant\u00e9 Publique France.<\/p>\n<p>La moiti\u00e9 des urgences pour iCanicule (coup de chaleur, hyponatr\u00e9mie, <a href=\"https:\/\/ma-sante.news\/les-dangers-de-la-deshydratation-quels-impacts-sur-la-sante\/\" target=\"_blank\" rel=\"noopener\">d\u00e9shydratation<\/a>) concernent cette classe d\u2019\u00e2ge et les deux tiers de ces cas finissent \u00e0 l\u2019h\u00f4pital. Pour ne rien arranger, les effets de la chaleur peuvent appara\u00eetre plusieurs jours apr\u00e8s l\u2019exposition. Probl\u00e8mes cardiovasculaires, atteintes respiratoires ou psychiatrie \u2026 Le danger ne s\u2019arr\u00eate pas quand le mercure redescend.<\/p>\n<p>        <strong>Un air de moins en moins respirable\u00a0<\/strong>    <\/p>\n<p>Comme ci cela ne suffisait pas, <a href=\"https:\/\/ma-sante.news\/chaleur-et-pollution-un-ete-dans-lozone\/\" target=\"_blank\" rel=\"noopener\">des pics de pollution \u00e0 l\u2019ozone<\/a> viennent en prime aggraver la situation dans plusieurs r\u00e9gions, notamment en Auvergne-Rh\u00f4ne-Alpes. Ce gaz irritant, form\u00e9 par la chaleur et la pollution automobile, est un vrai probl\u00e8me de sant\u00e9 publique qui prend de l\u2019ampleur ann\u00e9e apr\u00e8s ann\u00e9e.\u00a0<\/p>\n<p>Canicule apr\u00e8s canicule, il augmente les risques d\u2019asthme, de d\u00e9tresse respiratoires et d\u2019hospitalisations cardiovasculaires, rappelle Sant\u00e9 Publique France dans ses rapports hebdomadaires.<\/p>\n<p>        Pr\u00e9vention : savez-vous quoi faire face aux \u00e9pisodes de chaleur ?\u00a0    <strong>Conseils canicule : oui\u2026 mais non !<\/strong>    <\/p>\n<p>Boire r\u00e9guli\u00e8rement, \u00e9viter les efforts physiques aux heures chaudes, fermer les volets la journ\u00e9e, les ouvrir la nuit\u2026<a href=\"https:\/\/ma-sante.news\/canicule-metropole-lyon-vitesse-reduite-1316\/\" target=\"_blank\" rel=\"noopener\"> Ces conseils sont d\u00e9sormais bien ancr\u00e9s dans les esprits<\/a>. 90% des fran\u00e7ais d\u00e9clarent les conna\u00eetre, selon Sant\u00e9 Publique France. Mais quand il s\u2019agit de les appliquer, c\u2019est une autre histoire. Seulement cinq sur dix affirment les respecter r\u00e9ellement, souligne Agn\u00e8s Verrier, charg\u00e9e de pr\u00e9vention sant\u00e9-environnement \u00e0 Sant\u00e9 Publique France.\u00a0<\/p>\n<p>Un rel\u00e2chement, voire une ignorance volontaire qui pourrait co\u00fbter cher aux plus fragiles. \u201cLes bons r\u00e9flexes ne doivent pas devenir une routine de second plan pendant la canicule\u201d rappelle la Dr Semaille.\u00a0<\/p>\n<p>        <strong>Pr\u00e9vention : une surveillance sanitaire permanente\u2026 mais invisible<\/strong>    <\/p>\n<p>En coulisses, les autorit\u00e9s sanitaires ne restent pas les bras crois\u00e9s sous la clim. Le centre des crises sanitaires de Sant\u00e9 Publique France est en alerte continue. Marie Baville, qui le dirige, coordonne les actions avec les Agences R\u00e9gionales de Sant\u00e9 (ARS) sur le terrain.\u00a0<\/p>\n<p>\u201cCe travail s\u2019inscrit dans le cadre du dispositif ORSAN, un outil du minist\u00e8re de la Sant\u00e9 qui permet aux ARS de g\u00e9rer les situations sanitaires exceptionnelles. Que ce soit une canicule, une pand\u00e9mie ou un afflux de patients \u00e0 l\u2019h\u00f4pital, ORSAN sert \u00e0 organiser la riposte et \u00e0 faire monter en puissance le syst\u00e8me de sant\u00e9 quand \u00e7a chauffe\u201d , explique-t-elle.<\/p>\n<p>Bien s\u00fbr, le suivi ne s\u2019arr\u00eate pas aux urgences. Sant\u00e9 Publique France observe aussi les donn\u00e9es de SOS M\u00e9decins, les hospitalisations, et d\u2019ici quelques semaines, les donn\u00e9es de mortalit\u00e9 et de morbidit\u00e9. Car il faudra attendre au moins un mois pour estimer l\u2019impact r\u00e9el de cette canicule sur la mortalit\u00e9 en France.<\/p>\n<blockquote class=\"wp-block-quote is-layout-flow wp-block-quote-is-layout-flow\">\n<p><strong>\u00c0 SAVOIR<\/strong><\/p>\n<p>37 000 d\u00e9c\u00e8s attribu\u00e9s \u00e0 la chaleur entre 2014 et 2023, selon Sant\u00e9 publique France. Un fardeau sanitaire en constante augmentation \u00e0 mesure que le climat se r\u00e9chauffe. Les experts insistent : ce n\u2019est pas une exception, mais une tendance lourde.<\/p>\n<\/blockquote>\n<p>  <a class=\"gofollow\" data-track=\"MTIsMCwxLDYw\" href=\"https:\/\/ma-sante.news\/annonceurs\/\" target=\"_blank\" rel=\"noopener\"><img loading=\"lazy\" decoding=\"async\" width=\"2560\" height=\"2133\" src=\"data:image\/svg+xml,%3Csvg%20xmlns=\" http:=\"\" data-lazy-src=\"https:\/\/www.europesays.com\/fr\/wp-content\/uploads\/2025\/03\/pub-annonceurs-4-scaled.jpg\"\/><\/a>    <img loading=\"lazy\" decoding=\"async\" width=\"755\" height=\"495\" src=\"data:image\/svg+xml,%3Csvg%20xmlns=\" http:=\"\" data-lazy-src=\"https:\/\/www.europesays.com\/fr\/wp-content\/uploads\/2025\/03\/Image1.jpg\"\/>Inscrivez-vous \u00e0 notre newsletter <br \/>Ma Sant\u00e9                      <\/p>\n","protected":false},"excerpt":{"rendered":"M\u00eame si les temp\u00e9ratures sont \u00e9prouvantes, la situation actuelle ne s\u2019apparente pas \u00e0 la crise sanitaire de l\u2019\u00e9t\u00e9&hellip;\n","protected":false},"author":2,"featured_media":221381,"comment_status":"","ping_status":"","sticky":false,"template":"","format":"standard","meta":{"footnotes":""},"categories":[2],"tags":[11,6698,30561,1011,27,12,1800,25],"class_list":{"0":"post-221380","1":"post","2":"type-post","3":"status-publish","4":"format-standard","5":"has-post-thumbnail","7":"category-actualites","8":"tag-actualites","9":"tag-canicule","10":"tag-danger-chaleur","11":"tag-fr","12":"tag-france","13":"tag-news","14":"tag-pollution","15":"tag-republique-francaise"},"share_on_mastodon":{"url":"https:\/\/pubeurope.com\/@fr\/114785259847205867","error":""},"_links":{"self":[{"href":"https:\/\/www.europesays.com\/fr\/wp-json\/wp\/v2\/posts\/221380","targetHints":{"allow":["GET"]}}],"collection":[{"href":"https:\/\/www.europesays.com\/fr\/wp-json\/wp\/v2\/posts"}],"about":[{"href":"https:\/\/www.europesays.com\/fr\/wp-json\/wp\/v2\/types\/post"}],"author":[{"embeddable":true,"href":"https:\/\/www.europesays.com\/fr\/wp-json\/wp\/v2\/users\/2"}],"replies":[{"embeddable":true,"href":"https:\/\/www.europesays.com\/fr\/wp-json\/wp\/v2\/comments?post=221380"}],"version-history":[{"count":0,"href":"https:\/\/www.europesays.com\/fr\/wp-json\/wp\/v2\/posts\/221380\/revisions"}],"wp:featuredmedia":[{"embeddable":true,"href":"https:\/\/www.europesays.com\/fr\/wp-json\/wp\/v2\/media\/221381"}],"wp:attachment":[{"href":"https:\/\/www.europesays.com\/fr\/wp-json\/wp\/v2\/media?parent=221380"}],"wp:term":[{"taxonomy":"category","embeddable":true,"href":"https:\/\/www.europesays.com\/fr\/wp-json\/wp\/v2\/categories?post=221380"},{"taxonomy":"post_tag","embeddable":true,"href":"https:\/\/www.europesays.com\/fr\/wp-json\/wp\/v2\/tags?post=221380"}],"curies":[{"name":"wp","href":"https:\/\/api.w.org\/{rel}","templated":true}]}}