{"id":221384,"date":"2025-07-02T19:21:17","date_gmt":"2025-07-02T19:21:17","guid":{"rendered":"https:\/\/www.europesays.com\/fr\/221384\/"},"modified":"2025-07-02T19:21:17","modified_gmt":"2025-07-02T19:21:17","slug":"gary-woodland-5e-vice-capitaine-de-ryder-cup-pour-les-etats-unis","status":"publish","type":"post","link":"https:\/\/www.europesays.com\/fr\/221384\/","title":{"rendered":"Gary Woodland, 5e vice-capitaine de Ryder Cup pour les Etats-Unis"},"content":{"rendered":"<p>\t\t\t\t\t\t<img width=\"770\" height=\"556\" src=\"https:\/\/www.europesays.com\/fr\/wp-content\/uploads\/2025\/07\/gary-woodland-770x556.jpg\" class=\"img-responsive wp-post-image\" alt=\"Gary Woodland Photo by Kevin C. Cox \/ GETTY IMAGES NORTH AMERICA \/ Getty Images via AFP\" decoding=\"async\" fetchpriority=\"high\"  \/>\t\t\t\t\t<\/p>\n<p>\t\t\t\t\t\t Partager cet article <\/p>\n<p class=\"screen-reader-text juiz_sps_maybe_hidden_text\">Partager la publication \u00ab\u00a0Gary Woodland, 5e vice-capitaine de Ryder Cup pour les Etats-Unis\u00a0\u00bb<\/p>\n<p><strong>Apr\u00e8s Jim Furyk, Kevin Kisner, Webb Simpson et Brandt Snedeker, Keegan Bradley nomme \u00e0 son tour Gary Woodland en tant que vice-capitaine de l\u2019\u00e9quipe am\u00e9ricaine de Ryder Cup qui d\u00e9fiera sur ses terres \u00e0 Bethpage Black (New York) les tenants du titre europ\u00e9ens.\u00a0<\/strong><\/p>\n<p>\u00a0<\/p>\n<p><strong>Keegan Bradley<\/strong>, le capitaine de l\u2019\u00e9quipe am\u00e9ricaine de <strong>Ryder Cup<\/strong>, a nomm\u00e9 ce mercredi 2 juillet 2025 <strong>Gary Woodland<\/strong> comme cinqui\u00e8me et dernier vice-capitaine pour la 45e \u00e9dition qui se jouera du 26 au 28 septembre prochain \u00e0 <strong>Bethpage Black<\/strong> (New York). Il rejoint dans le staff <strong>Jim Furyk<\/strong>, <strong>Kevin Kisner<\/strong>, <strong>Webb Simpson<\/strong> et <strong>Brandt Snedeker<\/strong>.<\/p>\n<p>\u00a0<\/p>\n<blockquote class=\"twitter-tweet\">\n<p dir=\"ltr\" lang=\"en\">Welcome to the team room, <a href=\"https:\/\/twitter.com\/GaryWoodland?ref_src=twsrc%5Etfw\" rel=\"nofollow noopener\" target=\"_blank\">@GaryWoodland<\/a>! \ud83c\uddfa\ud83c\uddf8<\/p>\n<p>Woodland has been named the fifth U.S. Ryder Cup Team Vice Captain by <a href=\"https:\/\/twitter.com\/Keegan_Bradley?ref_src=twsrc%5Etfw\" rel=\"nofollow noopener\" target=\"_blank\">@Keegan_Bradley<\/a> \ud83c\udfc6<a href=\"https:\/\/twitter.com\/hashtag\/GoUSA?src=hash&amp;ref_src=twsrc%5Etfw\" rel=\"nofollow noopener\" target=\"_blank\">#GoUSA<\/a> <a href=\"https:\/\/t.co\/7Qu8Kwvyyv\" rel=\"nofollow\">pic.twitter.com\/7Qu8Kwvyyv<\/a><\/p>\n<p>\u2014 Ryder Cup USA (@RyderCupUSA) <a href=\"https:\/\/twitter.com\/RyderCupUSA\/status\/1940424440438980875?ref_src=twsrc%5Etfw\" rel=\"nofollow noopener\" target=\"_blank\">July 2, 2025<\/a><\/p>\n<\/blockquote>\n<p>\u00a0<\/p>\n<p>\u00ab J\u2019\u00e9prouve un immense respect et une immense admiration pour Gary et pour tout ce qu\u2019il a accompli dans ce sport, a d\u00e9clar\u00e9 Bradley. En tant que vainqueur en Majeur et joueur de haut niveau, il est parfaitement conscient des exigences de la performance sur les plus grandes sc\u00e8nes du golf. Il sera un leader pr\u00e9cieux pour nous au cours des prochains mois et tout au long de la Ryder Cup 2025 \u00e0 Bethpage Black. \u00bb<\/p>\n<blockquote><p>\nLa passion de Keegan pour cet \u00e9v\u00e9nement est contagieuse et je suis ravi d\u2019y participer.<\/p>\n<p>Gary Woodland<\/p>\n<\/blockquote>\n<p>Gary Woodland participera ici \u00e0 sa premi\u00e8re Ryder Cup en tant que vice-capitaine. \u00c2g\u00e9 de 41 ans, il a repr\u00e9sent\u00e9 les \u00c9tats-Unis en tant que joueur lors de la <strong>Presidents Cup 2019<\/strong> au <strong>Royal Melbourne Golf Club<\/strong> (Australie) o\u00f9 il avait inscrit 1,5 point lors de la victoire am\u00e9ricaine 16-14.<\/p>\n<p>\t\t\t\t\t<a id=\"177170\" href=\"https:\/\/www.golfplanete.com\/actualites\/gary-woodland-5e-vice-capitaine-de-ryder-cup-pour-les-etats-unis\/mailto:h6660@accor.com\" target=\"_blank\" rel=\"sponsorised nofollow noopener\"><img decoding=\"async\" src=\"data:image\/svg+xml,%3Csvg%20xmlns=\" http:=\"\" class=\"img-responsive\" alt=\"\" data-lazy-src=\"https:\/\/www.europesays.com\/fr\/wp-content\/uploads\/2025\/06\/cabot-e03-offre-speciale-ete-1170x275-1.gif\"\/><\/a><\/p>\n<p>\u00ab Je suis extr\u00eamement heureux et reconnaissant envers Keegan de m\u2019avoir donn\u00e9 l\u2019opportunit\u00e9 de soutenir l\u2019\u00e9quipe am\u00e9ricaine \u00e0 la Ryder Cup 2025, a soulign\u00e9 Woodland. La passion de Keegan pour cet \u00e9v\u00e9nement est contagieuse et je suis ravi d\u2019y participer. \u00c0 un peu plus de deux mois de notre arriv\u00e9e \u00e0 Bethpage, je suis pleinement d\u00e9termin\u00e9 \u00e0 faire tout mon possible pour aider Keegan, ainsi que notre \u00e9quipe de vice-capitaines et de joueurs. \u00bb<\/p>\n<p>Originaire de Topeka (Kansas), Woodland a remport\u00e9 quatre titres sur le <strong>PGA Tour<\/strong>, totalisant 56 top 10 en 383 d\u00e9parts. Il a surtout gagn\u00e9 l\u2019<strong>U.S. Open 2019<\/strong> \u00e0 <strong>Pebble Beach<\/strong>, avec un score de 271 (-13) et une avance de trois coups. Op\u00e9r\u00e9 d\u2019une tumeur au cerveau en septembre 2023 et revenu \u00e0 la comp\u00e9tition en janvier 2024, Woodland a re\u00e7u le <strong>Prix du Courage du PGA Tour<\/strong> 2025.\u00a0<\/p>\n<p>\u00a0<\/p>\n<p>Photo : Kevin C. Cox \/ GETTY IMAGES NORTH AMERICA \/ Getty Images via AFP<\/p>\n<p>\u00a0<\/p>\n<p>\t\t\t\t\t<a id=\"178017\" href=\"https:\/\/www.formigolf.fr\/voyage-pays~jardin-de-tecina-4etoiles-la-gomera~75~canaries\" target=\"_blank\" rel=\"sponsorised nofollow noopener\"><img decoding=\"async\" src=\"data:image\/svg+xml,%3Csvg%20xmlns=\" http:=\"\" class=\"img-responsive\" alt=\"\" data-lazy-src=\"https:\/\/www.europesays.com\/fr\/wp-content\/uploads\/2025\/07\/formigolf-e07-canaries-gomera-1170x275-1.gif\"\/><\/a><\/p>\n<p>\t\t\t<script async src=\"https:\/\/platform.twitter.com\/widgets.js\" charset=\"utf-8\"><\/script><\/p>\n","protected":false},"excerpt":{"rendered":"Partager cet article Partager la publication \u00ab\u00a0Gary Woodland, 5e vice-capitaine de Ryder Cup pour les Etats-Unis\u00a0\u00bb Apr\u00e8s Jim&hellip;\n","protected":false},"author":2,"featured_media":221385,"comment_status":"","ping_status":"","sticky":false,"template":"","format":"standard","meta":{"footnotes":""},"categories":[1418],"tags":[1011,27,1472,60],"class_list":{"0":"post-221384","1":"post","2":"type-post","3":"status-publish","4":"format-standard","5":"has-post-thumbnail","7":"category-golf","8":"tag-fr","9":"tag-france","10":"tag-golf","11":"tag-sports"},"share_on_mastodon":{"url":"https:\/\/pubeurope.com\/@fr\/114785267739653420","error":""},"_links":{"self":[{"href":"https:\/\/www.europesays.com\/fr\/wp-json\/wp\/v2\/posts\/221384","targetHints":{"allow":["GET"]}}],"collection":[{"href":"https:\/\/www.europesays.com\/fr\/wp-json\/wp\/v2\/posts"}],"about":[{"href":"https:\/\/www.europesays.com\/fr\/wp-json\/wp\/v2\/types\/post"}],"author":[{"embeddable":true,"href":"https:\/\/www.europesays.com\/fr\/wp-json\/wp\/v2\/users\/2"}],"replies":[{"embeddable":true,"href":"https:\/\/www.europesays.com\/fr\/wp-json\/wp\/v2\/comments?post=221384"}],"version-history":[{"count":0,"href":"https:\/\/www.europesays.com\/fr\/wp-json\/wp\/v2\/posts\/221384\/revisions"}],"wp:featuredmedia":[{"embeddable":true,"href":"https:\/\/www.europesays.com\/fr\/wp-json\/wp\/v2\/media\/221385"}],"wp:attachment":[{"href":"https:\/\/www.europesays.com\/fr\/wp-json\/wp\/v2\/media?parent=221384"}],"wp:term":[{"taxonomy":"category","embeddable":true,"href":"https:\/\/www.europesays.com\/fr\/wp-json\/wp\/v2\/categories?post=221384"},{"taxonomy":"post_tag","embeddable":true,"href":"https:\/\/www.europesays.com\/fr\/wp-json\/wp\/v2\/tags?post=221384"}],"curies":[{"name":"wp","href":"https:\/\/api.w.org\/{rel}","templated":true}]}}