{"id":221386,"date":"2025-07-02T19:22:30","date_gmt":"2025-07-02T19:22:30","guid":{"rendered":"https:\/\/www.europesays.com\/fr\/221386\/"},"modified":"2025-07-02T19:22:30","modified_gmt":"2025-07-02T19:22:30","slug":"les-cagous-dans-la-place-avant-la-ceremonie-douverture-a-palau","status":"publish","type":"post","link":"https:\/\/www.europesays.com\/fr\/221386\/","title":{"rendered":"les Cagous dans la place avant la c\u00e9r\u00e9monie d\u2019ouverture \u00e0 Palau"},"content":{"rendered":"<p>D\u00e9but imminent des Mini-jeux du Pacifique 2025\u00a0! Le pays h\u00f4te, \u00e0 savoir Palau, a r\u00e9serv\u00e9 un accueil chaleureux aux premiers repr\u00e9sentants de la Nouvelle-Cal\u00e9donie, descendus de l&rsquo;avion samedi apr\u00e8s-midi. H\u00e9berg\u00e9s dans une \u00e9cole, ils participent ce dimanche soir \u00e0 la c\u00e9r\u00e9monie d&rsquo;ouverture.<\/p>\n<p>Avant d\u2019atteindre l\u2019a\u00e9roport international de Palau, sur l\u2019\u00eele de Babeldaob, les Cagous se sont arr\u00eat\u00e9s en Australie \u00e0 Sydney, puis sur Taiwan \u00e0 Taipei\u2026 Tout un p\u00e9riple, avant que <a href=\"https:\/\/la1ere.franceinfo.fr\/nouvellecaledonie\/mini-jeux-du-pacifique-2025-la-delegation-caledonienne-s-envole-pour-palau-1599423.html\" target=\"_blank\" rel=\"noopener nofollow\">la premi\u00e8re partie de la d\u00e9l\u00e9gation<\/a> n\u2019arrive \u00e0 bon port, samedi apr\u00e8s-midi.\u00a0<\/p>\n<p>                                    <img class=\"a-article__image lazy libre\" width=\"0\" height=\"0\" data-src=\"https:\/\/www.europesays.com\/fr\/wp-content\/uploads\/2025\/07\/capture-d-ecran-2025-06-23-a-23-54-25-6859b6922b229193095790.png\" style=\"--img-placeholder: url('\/assets\/img\/placeholders\/article-800-450.svg');\" alt=\"Palau se situe au Nord-Ouest de la Cal\u00e9donie, pr\u00e8s des Philippines.\" aria-hidden=\"true\"\/><\/p>\n<p>                Palau se situe au Nord-Ouest de la Cal\u00e9donie, pr\u00e8s des Philippines.<br \/>\n                     \u2022<br \/>\n                            \u00a9Google earth<\/p>\n<p>\u201cOui, vraiment long, on a eu deux escales et beaucoup d\u2019attente\u201d, confirme Metty Laualiki. Le jeune homme est \u00e0 la fois capitaine des volleyeurs, cadre et l\u2019un des trois porte-drapeaux. NC la 1\u00e8re a recueilli ses impressions \u00e0 l\u2019arriv\u00e9e.<\/p>\n<\/p>\n<p>Autre porte-drapeau, le sprinter ambulant Tom Lulait s\u2019avouait \u201cun peu nerveux&#8230; Mais sinon \u00e7a va, le vol s\u2019est bien pass\u00e9 et c\u2019\u00e9tait tr\u00e8s bien, l\u2019accueil, on se croirait chez nous\u00a0!\u201d\u00a0<\/p>\n<\/p>\n<p>Un accueil chaleureux, riche en colliers traditionnels de coquillage. Les Cagous ont ensuite ralli\u00e9 leur pied \u00e0 terre. Comme l\u2019a\u00e9roport, il se situe sur les terres d\u2019Airai, l\u2019un des seize micro-\u00e9tats de Palau, dont le gouverneur s&rsquo;est montr\u00e9 enthousiaste.\u00a0<\/p>\n<p><a href=\"https:\/\/la1ere.franceinfo.fr\/nouvellecaledonie\/mini-jeux-du-pacifique-2025-huit-choses-a-savoir-sur-palau-1598247.html\" target=\"_blank\" rel=\"noopener nofollow\"><strong>&gt;&gt;<\/strong><\/a>\u00a0<a href=\"https:\/\/la1ere.franceinfo.fr\/nouvellecaledonie\/mini-jeux-du-pacifique-2025-huit-choses-a-savoir-sur-palau-1598247.html\" target=\"_blank\" rel=\"noopener nofollow\"><strong>\u00c0 LIRE AUSSI<\/strong><\/a>\u00a0<a href=\"https:\/\/la1ere.franceinfo.fr\/nouvellecaledonie\/mini-jeux-du-pacifique-2025-huit-choses-a-savoir-sur-palau-1598247.html\" target=\"_blank\" rel=\"noopener nofollow\"><strong>: Mini-jeux du Pacifique 2025, huit choses \u00e0 savoir sur Palau\u00a0<\/strong><\/a><\/p>\n<p>\u00ab\u00a0Cela veut dire beaucoup pour nous\u00a0\u00bb, explique \u00e0 NC la 1\u00e8re Norman Ngiratecheboet. \u00ab\u00a0C\u2019est tr\u00e8s important parce qu\u2019au del\u00e0 des Mini-jeux, nous faisons tous partie de la famille du Pacifique. C\u2019est pour cela que nous sommes l\u00e0 pour accueillir nos invit\u00e9s et leur donner toutes les informations ou les aides dont ils ont besoin. Organiser pour la seconde fois de notre histoire ces Mini-jeux, c\u2019est un symbole d\u2019unit\u00e9, de camaraderie.\u00a0\u00bb<br \/><strong>Le gouverneur d&rsquo;Airai interrog\u00e9 par Martin Charmasson, sur fond d&rsquo;images r\u00e9alis\u00e9es \u00e0 l&rsquo;arriv\u00e9e des Cagous par Christian Favennec.<\/strong><\/p>\n<p>Notre (petite) d\u00e9l\u00e9gation est h\u00e9berg\u00e9e dans une \u00e9cole d&rsquo;Airai\u00a0: la George B. Harris elementary school.<\/p>\n<p>                                    <img class=\"a-article__image lazy libre\" width=\"0\" height=\"0\" data-src=\"https:\/\/www.europesays.com\/fr\/wp-content\/uploads\/2025\/07\/whatsapp-image-2025-06-29-at-13-36-17-6860d1a0a4ae8885994719.jpg\" style=\"--img-placeholder: url('\/assets\/img\/placeholders\/article-800-450.svg');\" alt=\"C'est cet \u00e9tablissement scolaire qui abrite la d\u00e9l\u00e9gation cal\u00e9donienne aux Mini-jeux de Palau.\" aria-hidden=\"true\"\/><\/p>\n<p>                C&rsquo;est cet \u00e9tablissement scolaire qui abrite la d\u00e9l\u00e9gation cal\u00e9donienne aux Mini-jeux de Palau.<br \/>\n                     \u2022<br \/>\n                            \u00a9Martin Charmasson \/ NC la 1\u00e8re<\/p>\n<p>Elle a aussi commenc\u00e9 \u00e0 d\u00e9couvrir les infrastructures de ces Mini-jeux. Comme le Palau national gymnasium, qui accueillera \u00e0 partir de lundi la comp\u00e9tition de volley-ball indoor \u00e0 Koror.<\/p>\n<p>                                    <img class=\"a-article__image lazy libre\" width=\"0\" height=\"0\" data-src=\"https:\/\/www.europesays.com\/fr\/wp-content\/uploads\/2025\/07\/whatsapp-image-2025-06-29-at-13-36-16-6860d144298f1185377072.jpg\" style=\"--img-placeholder: url('\/assets\/img\/placeholders\/article-800-450.svg');\" alt=\"La salle pour le volley vue de l'ext\u00e9rieur. Palau 2025\" aria-hidden=\"true\"\/><\/p>\n<p>                La salle pour le volley vue de l&rsquo;ext\u00e9rieur.<br \/>\n                     \u2022<br \/>\n                            \u00a9Martin Charmasson \/ NC la 1\u00e8re<\/p>\n<p>Ou la Palau national swimming pool, o\u00f9 vont \u00e9voluer les nageurs, d\u00e8s lundi aussi.<\/p>\n<p>Avant \u00e7a, les Cal\u00e9doniens ont rendez-vous avec un grand moment\u00a0: la traditionnelle c\u00e9r\u00e9monie d&rsquo;ouverture est pr\u00e9vue au stade national ce dimanche 29 juin, \u00e0 partir de 20 heures horaire de Noum\u00e9a. Elle peut \u00eatre suivie en direct sur la <a href=\"https:\/\/www.youtube.com\/@pacificminigames2025\/featured\" target=\"_blank\" rel=\"noopener nofollow\">cha\u00eene YouTube officielle des Mini-jeux<\/a>, dont le <a href=\"https:\/\/www.palau2025pmg.com\/\" target=\"_blank\" rel=\"noopener nofollow\">site officie<\/a>l est accessible ici.\u00a0<\/p>\n<p>                                    <img class=\"a-article__image lazy libre\" width=\"0\" height=\"0\" data-src=\"https:\/\/www.europesays.com\/fr\/wp-content\/uploads\/2025\/07\/511983070-1293299469438312-6850200448464515775-n-6860cfeee8e75999055537.jpg\" style=\"--img-placeholder: url('\/assets\/img\/placeholders\/article-800-450.svg');\" alt=\"Le Comit\u00e9 territorial olympique et sportif a diffus\u00e9 les visages des Cagous sur le d\u00e9part pour Palau, le 27 juin 2025.\" aria-hidden=\"true\"\/><\/p>\n<p>                Le Comit\u00e9 territorial olympique et sportif a diffus\u00e9 les visages des Cagous sur le d\u00e9part pour Palau, le 27 juin 2025.<br \/>\n                     \u2022<br \/>\n                            \u00a9CTOS-NC<\/p>\n<p>Pour l&rsquo;instant, le Caillou est repr\u00e9sent\u00e9 par les participants aux \u00e9preuves de volley indoor et beach-volley, natation, athl\u00e9tisme handisport et tennis de table.\u00a0Les Pacific mini games 2025 s&rsquo;ach\u00e8vent le 9 juillet.<\/p>\n<p><strong>Le reportage de Martin Charmasson et Christian Favennec \u00e0 retrouver au journal t\u00e9l\u00e9vis\u00e9, \u00e0 19h30.<\/strong><\/p>\n<p>                                    <img class=\"a-article__image lazy libre\" width=\"0\" height=\"0\" data-src=\"https:\/\/www.europesays.com\/fr\/wp-content\/uploads\/2025\/07\/whatsapp-image-2025-06-29-at-13-36-18-6860d16a04f4f864480133.jpg\" style=\"--img-placeholder: url('\/assets\/img\/placeholders\/article-800-450.svg');\" alt=\"A l'\u00e9cole qui accueille les Cagous aux Palau, un message qui a de quoi inspirer aussi les sportifs.\" aria-hidden=\"true\"\/><\/p>\n<p>                A l&rsquo;\u00e9cole qui accueille les Cagous aux Palau, un message qui a de quoi inspirer aussi les sportifs.<br \/>\n                     \u2022<br \/>\n                            \u00a9Martin Charmasson \/ NC la 1\u00e8re<\/p>\n","protected":false},"excerpt":{"rendered":"D\u00e9but imminent des Mini-jeux du Pacifique 2025\u00a0! Le pays h\u00f4te, \u00e0 savoir Palau, a r\u00e9serv\u00e9 un accueil chaleureux&hellip;\n","protected":false},"author":2,"featured_media":221387,"comment_status":"","ping_status":"","sticky":false,"template":"","format":"standard","meta":{"footnotes":""},"categories":[1417],"tags":[1011,27,60,1470,1469],"class_list":{"0":"post-221386","1":"post","2":"type-post","3":"status-publish","4":"format-standard","5":"has-post-thumbnail","7":"category-volley","8":"tag-fr","9":"tag-france","10":"tag-sports","11":"tag-volley","12":"tag-volleyball"},"share_on_mastodon":{"url":"https:\/\/pubeurope.com\/@fr\/114785271463178666","error":""},"_links":{"self":[{"href":"https:\/\/www.europesays.com\/fr\/wp-json\/wp\/v2\/posts\/221386","targetHints":{"allow":["GET"]}}],"collection":[{"href":"https:\/\/www.europesays.com\/fr\/wp-json\/wp\/v2\/posts"}],"about":[{"href":"https:\/\/www.europesays.com\/fr\/wp-json\/wp\/v2\/types\/post"}],"author":[{"embeddable":true,"href":"https:\/\/www.europesays.com\/fr\/wp-json\/wp\/v2\/users\/2"}],"replies":[{"embeddable":true,"href":"https:\/\/www.europesays.com\/fr\/wp-json\/wp\/v2\/comments?post=221386"}],"version-history":[{"count":0,"href":"https:\/\/www.europesays.com\/fr\/wp-json\/wp\/v2\/posts\/221386\/revisions"}],"wp:featuredmedia":[{"embeddable":true,"href":"https:\/\/www.europesays.com\/fr\/wp-json\/wp\/v2\/media\/221387"}],"wp:attachment":[{"href":"https:\/\/www.europesays.com\/fr\/wp-json\/wp\/v2\/media?parent=221386"}],"wp:term":[{"taxonomy":"category","embeddable":true,"href":"https:\/\/www.europesays.com\/fr\/wp-json\/wp\/v2\/categories?post=221386"},{"taxonomy":"post_tag","embeddable":true,"href":"https:\/\/www.europesays.com\/fr\/wp-json\/wp\/v2\/tags?post=221386"}],"curies":[{"name":"wp","href":"https:\/\/api.w.org\/{rel}","templated":true}]}}