{"id":221388,"date":"2025-07-02T19:23:10","date_gmt":"2025-07-02T19:23:10","guid":{"rendered":"https:\/\/www.europesays.com\/fr\/221388\/"},"modified":"2025-07-02T19:23:10","modified_gmt":"2025-07-02T19:23:10","slug":"un-toulonnais-dans-la-composition-type-de-la-saison-2024-2025-du-top-14","status":"publish","type":"post","link":"https:\/\/www.europesays.com\/fr\/221388\/","title":{"rendered":"Un Toulonnais dans la composition type de la saison 2024 \/ 2025 du Top 14 !"},"content":{"rendered":"<p>Ce mercredi, <a href=\"https:\/\/www.rugbyrama.fr\/2025\/07\/02\/top-14-champions-cup-matthieu-jalibert-injouable-thomas-ramos-incontournable-notre-xv-de-lannee-12801202.php\" rel=\"nofollow noopener\" target=\"_blank\">Midi Olympique<\/a> d\u00e9voile sa composition type de la saison 2024 \/ 2025 du Top 14.<\/p>\n<p>A noter qu\u2019un joueur du Rugby Club Toulonnais appara\u00eet dans cette composition, \u00e0 savoir le pilier gauche Jean-Baptiste Gros.<\/p>\n<p><strong>Voici ce qui est dit sur Jean-Baptiste Gros :\u00a0<\/strong><\/p>\n<p>\u00ab\u00a0Le gaucher toulonnais n\u2019a jamais d\u00e9\u00e7u cette saison. Jamais. \u00c9tincelant sur les terrains, que ce soit avec le maillot du RCT sur les \u00e9paules ou celui des Bleus, Jean-Baptiste Gros a franchi un cap. Il a \u00e9t\u00e9 un des grands artisans du beau parcours de Toulon, qui a retrouv\u00e9 les demi-finales du Top 14 pour la premi\u00e8re fois depuis huit ans.\u00a0\u00bb<\/p>\n<p>5 Toulousains sont \u00e9galement, mais surtout, ce sont les Bordelais qui dominent cette \u00e9quipe avec 7 Girondins au total.<\/p>\n<p><strong>Voici la composition type de la saison selon Midi Olympique :<\/strong><\/p>\n<p>1. Jean-Baptiste GROS (Toulon)<br \/>2. Julien MARCHAND (Toulouse)<br \/>3. Ben TAMEIFUNA (UBB)<br \/>4. Thibaud FLAMENT (Toulouse)<br \/>5. Cyril CAZEAUX (UBB)<br \/>6. Fran\u00e7ois CROS (Toulouse)<br \/>7. Jack WILLIS (Toulouse)<br \/>8. Abraham\u00a0PAPALI\u2019I (Castres)<br \/>9. Maxime LUCU (UBB)<br \/>10. Matthieu JALIBERT (UBB)<br \/>11. Louis BIELLE-BIARREY (UBB)<br \/>12. Yoram MOEFANA (UBB)<br \/>13. Sireli MAQALA (Bayonne)<br \/>14. Damian PENAUD (UBB)<br \/>15. Thomas RAMOS (Toulouse)<\/p>\n","protected":false},"excerpt":{"rendered":"Ce mercredi, Midi Olympique d\u00e9voile sa composition type de la saison 2024 \/ 2025 du Top 14. A&hellip;\n","protected":false},"author":2,"featured_media":221389,"comment_status":"","ping_status":"","sticky":false,"template":"","format":"standard","meta":{"footnotes":""},"categories":[1416],"tags":[1011,27,479,1468,60],"class_list":{"0":"post-221388","1":"post","2":"type-post","3":"status-publish","4":"format-standard","5":"has-post-thumbnail","7":"category-rugby","8":"tag-fr","9":"tag-france","10":"tag-rugby","11":"tag-rugby-football","12":"tag-sports"},"share_on_mastodon":{"url":"https:\/\/pubeurope.com\/@fr\/114785275332731340","error":""},"_links":{"self":[{"href":"https:\/\/www.europesays.com\/fr\/wp-json\/wp\/v2\/posts\/221388","targetHints":{"allow":["GET"]}}],"collection":[{"href":"https:\/\/www.europesays.com\/fr\/wp-json\/wp\/v2\/posts"}],"about":[{"href":"https:\/\/www.europesays.com\/fr\/wp-json\/wp\/v2\/types\/post"}],"author":[{"embeddable":true,"href":"https:\/\/www.europesays.com\/fr\/wp-json\/wp\/v2\/users\/2"}],"replies":[{"embeddable":true,"href":"https:\/\/www.europesays.com\/fr\/wp-json\/wp\/v2\/comments?post=221388"}],"version-history":[{"count":0,"href":"https:\/\/www.europesays.com\/fr\/wp-json\/wp\/v2\/posts\/221388\/revisions"}],"wp:featuredmedia":[{"embeddable":true,"href":"https:\/\/www.europesays.com\/fr\/wp-json\/wp\/v2\/media\/221389"}],"wp:attachment":[{"href":"https:\/\/www.europesays.com\/fr\/wp-json\/wp\/v2\/media?parent=221388"}],"wp:term":[{"taxonomy":"category","embeddable":true,"href":"https:\/\/www.europesays.com\/fr\/wp-json\/wp\/v2\/categories?post=221388"},{"taxonomy":"post_tag","embeddable":true,"href":"https:\/\/www.europesays.com\/fr\/wp-json\/wp\/v2\/tags?post=221388"}],"curies":[{"name":"wp","href":"https:\/\/api.w.org\/{rel}","templated":true}]}}