{"id":221400,"date":"2025-07-02T19:30:13","date_gmt":"2025-07-02T19:30:13","guid":{"rendered":"https:\/\/www.europesays.com\/fr\/221400\/"},"modified":"2025-07-02T19:30:13","modified_gmt":"2025-07-02T19:30:13","slug":"kate-middleton-a-wimbledon-grosse-surprise-pour-son-fils-louis-de-quoi-rendre-george-et-charlotte-jaloux","status":"publish","type":"post","link":"https:\/\/www.europesays.com\/fr\/221400\/","title":{"rendered":"Kate Middleton \u00e0 Wimbledon : grosse surprise pour son fils Louis, de quoi rendre George et Charlotte jaloux"},"content":{"rendered":"<p>Chaque \u00e9t\u00e9, <a href=\"https:\/\/www.closermag.fr\/royautes\/sarah-ferguson-fait-son-grand-retour-a-wimbledon-et-tout-le-monde-dit-la-meme-chose-3560267\" rel=\"nofollow noopener\" target=\"_blank\"><br \/>\nle tournoi de Wimbledon<\/a> est le th\u00e9\u00e2tre de moments d\u2019exception<br \/>\npour la famille royale britannique. Fid\u00e8le spectatrice, <a href=\"https:\/\/www.closermag.fr\/royautes\/kate-middleton-ce-moment-mortifiant-a-wimbledon-impliquant-son-pere-3559971\" rel=\"nofollow noopener\" target=\"_blank\"><br \/>\nKate Middleton<\/a> a l&rsquo;habitude de se rendre \u00e0 ce grand \u00e9v\u00e8nement.<br \/>\nSi le prince George et <a href=\"https:\/\/www.closermag.fr\/royautes\/kate-middleton-a-wimbledon-ce-tendre-moment-avec-sa-fille-charlotte-nest-pas-passe-inapercu-3560322\" rel=\"nofollow noopener\" target=\"_blank\"><br \/>\nla princesse Charlotte<\/a>, ont d\u00e9j\u00e0 eu la chance<br \/>\n<strong>d\u2019assister au prestigieux tournoi<\/strong> londonien,<br \/>\nLouis, lui, a re\u00e7u un pr\u00e9sent qui fait d\u00e9j\u00e0 figure de l\u00e9gende<br \/>\nfamiliale.<\/p>\n<p>En 2019, alors que le prince Louis n\u2019avait qu\u2019un an, Kate<br \/>\nMiddleton, a \u00e9t\u00e9 approch\u00e9e lors de la finale masculine de Wimbledon<br \/>\npar Stan Smith. Il est <strong>le vainqueur du tournoi en<br \/>\n1972<\/strong> et v\u00e9ritable ic\u00f4ne du sport.<\/p>\n<p>L&rsquo;enfant de Kate Middleton re\u00e7oit un beau cadeau<\/p>\n<p>Le champion am\u00e9ricain a remis \u00e0 la duchesse une paire miniature<br \/>\nde <strong>la c\u00e9l\u00e8bre basket Adidas Stan Smith,<\/strong><br \/>\nsp\u00e9cialement d\u00e9dicac\u00e9e pour le jeune prince. Sur la chaussure, la<br \/>\nsignature dor\u00e9e de Stan Smith accompagn\u00e9e de la mention \u00ab\u00a0To Louis\u00a0\u00bb<br \/>\nen fait un objet unique. Il s&rsquo;agit donc d&rsquo;un clin d\u2019\u0153il \u00e0 la mode<br \/>\net hommage \u00e0 la tradition tennistique britannique.<\/p>\n<p>Ce geste n\u2019a rien d\u2019anodin. En effet, la Stan Smith, lanc\u00e9e en<br \/>\n1971, est l\u2019un des mod\u00e8les les plus embl\u00e9matiques d\u2019Adidas et<br \/>\ndemeure indissociable de l\u2019histoire du tennis. Stan Smith lui-m\u00eame<br \/>\na confi\u00e9 avoir \u00e9t\u00e9 inspir\u00e9 par les photos de Kate Middleton portant<br \/>\nce mod\u00e8le, ce qui l\u2019a incit\u00e9 \u00e0 offrir <strong>une version<br \/>\nminiature<\/strong>. Mais celle de Louis, remise en main propre \u00e0<br \/>\nWimbledon, rev\u00eat une dimension toute particuli\u00e8re.<\/p>\n<p><img loading=\"lazy\" decoding=\"async\" aria-describedby=\"caption-attachment-3560335\" itemprop=\"thumbnailUrl\" class=\"wp-image-3560335 img-responsive size-full\" src=\"https:\/\/www.europesays.com\/fr\/wp-content\/uploads\/2025\/07\/kate-middleton-et-le-prine-louis-e1751465555628.jpg\" alt=\"Kate Middleton et son fils Louis\" width=\"1200\" height=\"820\"\/> \u00a9 Bestimage<\/p>\n<p id=\"caption-attachment-3560335\" class=\"wp-caption-text\">Kate<br \/>\nMiddleton et Louis, le benjamin de la fratrie.<\/p>\n<p>Louis, bient\u00f4t sur les traces de ses<br \/>\na\u00een\u00e9s \u00e0 Wimbledon ?<\/p>\n<p>Si ce cadeau a une valeur sentimentale, le prince Louis n\u2019a<br \/>\nencore <strong>jamais assist\u00e9 \u00e0 Wimbledon.<\/strong> Selon plusieurs<br \/>\nsources proches de la famille royale, le petite gar\u00e7on aurait m\u00eame<br \/>\nexprim\u00e9 sa frustration de ne pas encore avoir pu vivre l\u2019ambiance<br \/>\ndu tournoi. Mais tout porte \u00e0 croire que l\u2019\u00e9dition 2025 pourrait<br \/>\n\u00eatre la bonne. En effet, le benjamin de la fratrie pourrait faire<br \/>\nune premi\u00e8re apparition officielle.<\/p>\n<p>En attendant de fouler les pelouses de Wimbledon, le prince<br \/>\nLouis conserve pr\u00e9cieusement <strong>sa paire de baskets<br \/>\nd\u00e9dicac\u00e9e.<\/strong> Selon les commentateurs royaux, il est peu<br \/>\nprobable que Louis ait port\u00e9 ces chaussures, tant leur valeur<br \/>\nsymbolique est grande : \u00ab\u00a0Il ne sera sans doute conscient de<br \/>\nleur importance que lorsqu\u2019il sera adolescent, mais il les ch\u00e9rira<br \/>\ncertainement toute sa vie\u00a0\u00bb, a estim\u00e9 l\u2019un d\u2019eux.<\/p>\n","protected":false},"excerpt":{"rendered":"Chaque \u00e9t\u00e9, le tournoi de Wimbledon est le th\u00e9\u00e2tre de moments d\u2019exception pour la famille royale britannique. Fid\u00e8le&hellip;\n","protected":false},"author":2,"featured_media":221401,"comment_status":"","ping_status":"","sticky":false,"template":"","format":"standard","meta":{"footnotes":""},"categories":[1359],"tags":[548,58,59,1011,27,5858,973],"class_list":{"0":"post-221400","1":"post","2":"type-post","3":"status-publish","4":"format-standard","5":"has-post-thumbnail","7":"category-people","8":"tag-article-simple","9":"tag-divertissement","10":"tag-entertainment","11":"tag-fr","12":"tag-france","13":"tag-kate-middleton","14":"tag-people"},"share_on_mastodon":{"url":"https:\/\/pubeurope.com\/@fr\/114785302878667029","error":""},"_links":{"self":[{"href":"https:\/\/www.europesays.com\/fr\/wp-json\/wp\/v2\/posts\/221400","targetHints":{"allow":["GET"]}}],"collection":[{"href":"https:\/\/www.europesays.com\/fr\/wp-json\/wp\/v2\/posts"}],"about":[{"href":"https:\/\/www.europesays.com\/fr\/wp-json\/wp\/v2\/types\/post"}],"author":[{"embeddable":true,"href":"https:\/\/www.europesays.com\/fr\/wp-json\/wp\/v2\/users\/2"}],"replies":[{"embeddable":true,"href":"https:\/\/www.europesays.com\/fr\/wp-json\/wp\/v2\/comments?post=221400"}],"version-history":[{"count":0,"href":"https:\/\/www.europesays.com\/fr\/wp-json\/wp\/v2\/posts\/221400\/revisions"}],"wp:featuredmedia":[{"embeddable":true,"href":"https:\/\/www.europesays.com\/fr\/wp-json\/wp\/v2\/media\/221401"}],"wp:attachment":[{"href":"https:\/\/www.europesays.com\/fr\/wp-json\/wp\/v2\/media?parent=221400"}],"wp:term":[{"taxonomy":"category","embeddable":true,"href":"https:\/\/www.europesays.com\/fr\/wp-json\/wp\/v2\/categories?post=221400"},{"taxonomy":"post_tag","embeddable":true,"href":"https:\/\/www.europesays.com\/fr\/wp-json\/wp\/v2\/tags?post=221400"}],"curies":[{"name":"wp","href":"https:\/\/api.w.org\/{rel}","templated":true}]}}