{"id":221404,"date":"2025-07-02T19:33:10","date_gmt":"2025-07-02T19:33:10","guid":{"rendered":"https:\/\/www.europesays.com\/fr\/221404\/"},"modified":"2025-07-02T19:33:10","modified_gmt":"2025-07-02T19:33:10","slug":"constance-et-marianne-nommees-apres-les-accusations-de-racisme-a-leur-encontre","status":"publish","type":"post","link":"https:\/\/www.europesays.com\/fr\/221404\/","title":{"rendered":"Constance et Marianne nomm\u00e9es apr\u00e8s les accusations de racisme \u00e0 leur encontre"},"content":{"rendered":"<p>                             Par Marine Cassan<\/p>\n<p>                Le 2 juillet 2025 \u00e0 20h21<\/p>\n<p>    Logo \u00abSecret Story\u00bb<br \/>\n                ENDEMOL \/ TF1<\/p>\n<p>L\u2019\u00e9mission pr\u00e9sent\u00e9e par Christophe Beaugrand sur TFX conna\u00eet une p\u00e9riode trouble depuis quelques jours. Les nomm\u00e9s du prime de ce jeudi 3 juillet ont \u00e9t\u00e9 d\u00e9j\u00e0 \u00e9t\u00e9 annonc\u00e9s dans la quotidienne.<\/p>\n<p class=\"fig-paragraph\">La nomination de <strong>Constance<\/strong> est d\u00e9j\u00e0 connue depuis le dernier prime de \u00ab<strong>Secret Story<\/strong>\u00bb jeudi 26 juin. Une d\u00e9cision arbitraire, qui intervient alors que la jeune femme est accus\u00e9e de racisme envers les candidates Romy et Anita sur les r\u00e9seaux sociaux.<\/p>\n<p class=\"fig-paragraph\">En effet, alors que Damien, qui partageait un secret commun avec Constance, a d\u00e9finitivement quitt\u00e9 la maison des secrets la semaine derni\u00e8re, la Voix a demand\u00e9 \u00e0 Constance au t\u00e9l\u00e9phone rouge\u00a0: \u00abVeux-tu savoir ce que le public pense de toi\u00a0?\u00bb Une question \u00e0 laquelle la jeune femme a r\u00e9pondu par l\u2019affirmative. La candidate a par la suite \u00e9t\u00e9 nomm\u00e9e d\u2019office pour cette r\u00e9ponse. Il s\u2019agissait en r\u00e9alit\u00e9 d\u2019une d\u00e9cision de la production arbitraire, compte tenu des affaires de harc\u00e8lement qui sont ressorties depuis.<\/p>\n<p>                                    <a class=\"fig-a11y-skip a11y-hidden\" href=\"#fig-a11y-skip-main-inarticle\"><br \/>\n        Passer la publicit\u00e9<br \/>\n    <\/a><\/p>\n<p class=\"fig-paragraph\">Deuxi\u00e8me nomm\u00e9e de la semaine\u00a0: <strong>Marianne<\/strong>. Dans la quotidienne de ce lundi 30 juin, Mayer a \u00e9t\u00e9 invit\u00e9 par la Voix \u00e0 se rendre dans la jungle des d\u00e9cisions (une pi\u00e8ce o\u00f9 les candidats sont confront\u00e9s \u00e0 des images ou des dilemmes). Le candidat a d\u00fb choisir entre nommer Marianne ou Romy, alors qu\u2019il partage avec cette derni\u00e8re une complicit\u00e9 ind\u00e9niable.<\/p>\n<p>Une \u00absaison de la transparence\u00bb\u00a0?<\/p>\n<p class=\"fig-paragraph\">Son choix s\u2019est donc port\u00e9 sur Marianne, deuxi\u00e8me nomm\u00e9e de la semaine, elle aussi sous le feu des critiques concernant son comportement \u00e0 l\u2019\u00e9gard de Romy et Anita. Une manipulation de la production\u00a0? Certains internautes en sont persuad\u00e9s et le d\u00e9noncent sur les r\u00e9seaux sociaux, rappelant que cette saison est celle \u00abde la transparence\u00bb.<\/p>\n<p class=\"fig-paragraph\">Puis, Ethan s\u2019est retrouv\u00e9 dans la jungle des d\u00e9cisions lors de la quotidienne de ce mardi 1er juillet. Le fr\u00e8re d\u2019Eden Hazard a pu acqu\u00e9rir un pouvoir de protection\u00a0: en faisant perdre 2000 euros \u00e0 chaque habitant, le jeune homme a obtenu la possibilit\u00e9 de sauver le nomm\u00e9 de son choix cette semaine.<\/p>\n<p class=\"fig-body-link\">\n            \u00c0 lire aussi<br \/>\n        <a class=\"fig-body-link__link\" href=\"http:\/\/tvmag.lefigaro.fr\/programme-tv\/tele-realite\/harcelement-dans-secret-story-la-production-intervient-pour-calmer-les-candidats-et-les-internautes-20250629\" target=\"_blank\" data-fig-type=\"Article\" rel=\"noopener\" data-gtm-custom-categorie=\"navigation\" data-gtm-custom-action=\"crossclick\" data-gtm-custom-label=\"Contextuel\" data-gtm-event=\"customEventSPE\" data-fig-domain=\"TVMAG\">Harc\u00e8lement dans \u00abSecret Story\u00bb\u00a0: la production intervient pour calmer les candidats et les internautes<br \/>\n    <\/a>\n<\/p>\n<p class=\"fig-paragraph\">Toujours lors de la quotidienne de ce mardi 1er juillet, les t\u00e9l\u00e9spectateurs, tout comme les candidats, ont eu la surprise d\u2019apprendre que les habitants devaient \u00e9lire sur-le-champ les prochains candidats qui seront soumis au vote du public. Ce sont <strong>Mayer<\/strong> et <strong>Ethan<\/strong> qui se sont retrouv\u00e9s pris pour cible.<\/p>\n<p class=\"fig-paragraph\">Mais coup de th\u00e9\u00e2tre\u00a0! Le candidat belge qui poss\u00e9dait un pouvoir de protection a finalement d\u00e9cid\u00e9 de l\u2019utiliser pour mettre en s\u00e9curit\u00e9&#8230; Mayer. Un choix noble pour sauver son ami de l\u2019aventure, qui pourrait bien se retourner contre lui si le public ne vote pas pour lui. Les trois candidats en danger cette semaine sont donc Constance, Marianne et Ehan.<\/p>\n","protected":false},"excerpt":{"rendered":"Par Marine Cassan Le 2 juillet 2025 \u00e0 20h21 Logo \u00abSecret Story\u00bb ENDEMOL \/ TF1 L\u2019\u00e9mission pr\u00e9sent\u00e9e par&hellip;\n","protected":false},"author":2,"featured_media":221405,"comment_status":"","ping_status":"","sticky":false,"template":"","format":"standard","meta":{"footnotes":""},"categories":[1356],"tags":[5410,58,59,1011,27,29901,252,199,1364],"class_list":{"0":"post-221404","1":"post","2":"type-post","3":"status-publish","4":"format-standard","5":"has-post-thumbnail","7":"category-television","8":"tag-christophe-beaugrand","9":"tag-divertissement","10":"tag-entertainment","11":"tag-fr","12":"tag-france","13":"tag-secret-story","14":"tag-television","15":"tag-tf1","16":"tag-tv"},"share_on_mastodon":{"url":"https:\/\/pubeurope.com\/@fr\/114785314708016345","error":""},"_links":{"self":[{"href":"https:\/\/www.europesays.com\/fr\/wp-json\/wp\/v2\/posts\/221404","targetHints":{"allow":["GET"]}}],"collection":[{"href":"https:\/\/www.europesays.com\/fr\/wp-json\/wp\/v2\/posts"}],"about":[{"href":"https:\/\/www.europesays.com\/fr\/wp-json\/wp\/v2\/types\/post"}],"author":[{"embeddable":true,"href":"https:\/\/www.europesays.com\/fr\/wp-json\/wp\/v2\/users\/2"}],"replies":[{"embeddable":true,"href":"https:\/\/www.europesays.com\/fr\/wp-json\/wp\/v2\/comments?post=221404"}],"version-history":[{"count":0,"href":"https:\/\/www.europesays.com\/fr\/wp-json\/wp\/v2\/posts\/221404\/revisions"}],"wp:featuredmedia":[{"embeddable":true,"href":"https:\/\/www.europesays.com\/fr\/wp-json\/wp\/v2\/media\/221405"}],"wp:attachment":[{"href":"https:\/\/www.europesays.com\/fr\/wp-json\/wp\/v2\/media?parent=221404"}],"wp:term":[{"taxonomy":"category","embeddable":true,"href":"https:\/\/www.europesays.com\/fr\/wp-json\/wp\/v2\/categories?post=221404"},{"taxonomy":"post_tag","embeddable":true,"href":"https:\/\/www.europesays.com\/fr\/wp-json\/wp\/v2\/tags?post=221404"}],"curies":[{"name":"wp","href":"https:\/\/api.w.org\/{rel}","templated":true}]}}