{"id":221408,"date":"2025-07-02T19:35:24","date_gmt":"2025-07-02T19:35:24","guid":{"rendered":"https:\/\/www.europesays.com\/fr\/221408\/"},"modified":"2025-07-02T19:35:24","modified_gmt":"2025-07-02T19:35:24","slug":"notre-avis-sur-la-suite-du-film-avec-charlize-theron","status":"publish","type":"post","link":"https:\/\/www.europesays.com\/fr\/221408\/","title":{"rendered":"notre avis sur la suite du film avec Charlize Theron"},"content":{"rendered":"<p>\u00c7a y est, c\u2019est le retour de <b>The Old Guard<\/b> ! <a href=\"https:\/\/www.programme-tv.net\/news\/cinema\/370422-attendue-depuis-5-ans-la-suite-de-cet-enorme-film-daction-de-netflix-est-enfin-annoncee\/\" data-api-deeplink=\"teleloisirs:\/\/news\/370422\" target=\"_blank\" rel=\"noopener\">Cinq ans apr\u00e8s la sortie du premier volet<\/a>, <b>The Old Guard 2<\/b> est disponible depuis ce 2 juillet 2025 sur la plateforme am\u00e9ricaine Netflix. Cette fois, ce n\u2019est pas Gina Prince-Bythewood qui a r\u00e9alis\u00e9 la suite, mais Victoria Mahoney (\u00e0 qui l\u2019on doit, par exemple, Dans la peau d\u2019une blonde ou encore Yelling to the Sky). C\u00f4t\u00e9 casting, Charlize Theron (connue pour son r\u00f4le dans Mad Max: Fury Road), KiKi Layne, Marwan Kenzari, Luca Marinelli, <a href=\"https:\/\/www.programme-tv.net\/biographie\/100473-schoenaerts-matthias\/\" data-link-people=\"122be1ae-02fa-4d7b-a624-084b281ad2e8\" target=\"_blank\" rel=\"noopener\">Matthias Schoenaerts<\/a>, V\u00e2n Veronica Ng\u00f4 et <a href=\"https:\/\/www.programme-tv.net\/biographie\/7244-ejiofor-chiwetel\/\" data-link-people=\"e6fc0fdf-100a-40d6-a89e-f0559c45451f\" target=\"_blank\" rel=\"noopener\">Chiwetel Ejiofor<\/a> reprennent leurs r\u00f4les respectifs du premier film. Mais, ce qui suscite l\u2019engouement autour de cette suite, c\u2019est <a href=\"https:\/\/www.programme-tv.net\/news\/cinema\/359062-ca-ma-brise-le-coeur-quand-uma-thurman-racontait-son-ivg-a-15-ans\/\" data-api-deeplink=\"teleloisirs:\/\/news\/359062\" target=\"_blank\" rel=\"noopener\">l\u2019arriv\u00e9e d\u2019Uma Thurman<\/a> dans un r\u00f4le important celui de Discord. Un autre acteur fait \u00e9galement son apparition : <a href=\"https:\/\/www.programme-tv.net\/biographie\/408290-golding-henry\/\" data-link-people=\"087905a8-be00-471b-ab54-921722566e85\" target=\"_blank\" rel=\"noopener\">Henry Golding<\/a> (notamment connu pour son r\u00f4le dans L\u2019Ombre d\u2019Emily), qui incarne le personnage de Tuah.<\/p>\n<p>                        The Old Guard 2 : Est-ce que l&rsquo;histoire change par rapport au premier film ?<\/p>\n<p>La volont\u00e9 de la Vieille Garde reste inchang\u00e9e : prot\u00e9ger le monde et l\u2019humanit\u00e9. Andromaque de Scythie (alias Andy) et son \u00e9quipe de guerriers immortels doivent faire face \u00e0 plusieurs rebondissements. Tout d\u2019abord, le retour d\u2019exil de Booker, mais aussi celui de Quynh, qui a r\u00e9ussi \u00e0 s\u2019\u00e9vader d\u2019une prison sous-marine et qui nourrit une soif de vengeance. C\u2019est \u00e9galement l\u2019apparition de sa \u00ab vieille amie \u00bb, la premi\u00e8re immortelle : Discord, qui va faire alliance avec Quynh. Cette derni\u00e8re a pour objectif de capturer tous les membres de la Garde, et de r\u00e9gner seule sur un monde d\u00e9pourvu de ses protecteurs. De plus, elle sait que Nile, \u00e9tant la derni\u00e8re immortelle, d\u00e9tient un grand pouvoir capable de r\u00e9aliser ses volont\u00e9s. Autre particularit\u00e9 : Andy d\u00e9couvre qu\u2019elle est devenue mortelle et devra alors combattre ses ennemis au p\u00e9ril de sa vie.<\/p>\n<p>            The Old Guard 2 est-il une suite r\u00e9ussie ?<\/p>\n<p>En termes de sc\u00e8nes d&rsquo;action, assez nombreuses, le film est tr\u00e8s bien r\u00e9alis\u00e9. De plus, le jeu des acteurs est bon. <a href=\"https:\/\/www.programme-tv.net\/news\/cinema\/257497-charlize-theron-blessee-sur-le-tournage-de-the-old-guard-netflix-jai-du-subir-plusieurs-interventions-chirurgicales\/\" data-api-deeplink=\"teleloisirs:\/\/news\/257497\" target=\"_blank\" rel=\"noopener\">Charlize Theron reprend son r\u00f4le \u00e0 merveille<\/a>, et la pr\u00e9sence d&rsquo;une actrice aussi embl\u00e9matique qu&rsquo;Uma Thurman, dans le r\u00f4le de la m\u00e9chante, est toujours agr\u00e9able \u00e0 voir. D\u2019ailleurs, une des sc\u00e8nes de fin rappelle les combats \u00e0 l&rsquo;\u00e9p\u00e9e dans <a href=\"https:\/\/www.programme-tv.net\/news\/cinema\/381778-kill-bill-pourquoi-un-troisieme-volet-ne-verra-finalement-jamais-le-jour\/\" data-api-deeplink=\"teleloisirs:\/\/news\/381778\" target=\"_blank\" rel=\"noopener\">Kill Bill<\/a>. Cependant, le spectateur peut se sentir lass\u00e9 lors des sc\u00e8nes de dialogues, notamment au d\u00e9but. N\u00e9anmoins, cela reste un bon film qui peut combler un manque d\u2019inspiration pour une soir\u00e9e ou un dimanche.<\/p>\n<p>The Old Guard 2 : que signifie la sc\u00e8ne finale du film ?<\/p>\n<p><b>ATTENTION SPOILERS : <\/b>au vu de la sc\u00e8ne finale, qui montre une retrouvaille amicale entre Andy et Quynh (ennemies dans le film), on peut tr\u00e8s probablement s\u2019attendre \u00e0 une suite o\u00f9 elles devront sauver le reste de La Vieille Garde.<\/p>\n","protected":false},"excerpt":{"rendered":"\u00c7a y est, c\u2019est le retour de The Old Guard ! Cinq ans apr\u00e8s la sortie du premier&hellip;\n","protected":false},"author":2,"featured_media":221409,"comment_status":"","ping_status":"","sticky":false,"template":"","format":"standard","meta":{"footnotes":""},"categories":[1354],"tags":[2083,36026,244,58,59,6214,1346,1011,27,1360,127,1722,129,36028,36027,36025],"class_list":{"0":"post-221408","1":"post","2":"type-post","3":"status-publish","4":"format-standard","5":"has-post-thumbnail","7":"category-films","8":"tag-bandes-annonces","9":"tag-charlize-theron","10":"tag-commentaire","11":"tag-divertissement","12":"tag-entertainment","13":"tag-film-netflix","14":"tag-films","15":"tag-fr","16":"tag-france","17":"tag-movies","18":"tag-netflix","19":"tag-pub-streaming-netflix","20":"tag-svod","21":"tag-the-old-guard-2","22":"tag-the-old-guard-2-1565271554","23":"tag-uma-thurman"},"share_on_mastodon":{"url":"https:\/\/pubeurope.com\/@fr\/114785322507129901","error":""},"_links":{"self":[{"href":"https:\/\/www.europesays.com\/fr\/wp-json\/wp\/v2\/posts\/221408","targetHints":{"allow":["GET"]}}],"collection":[{"href":"https:\/\/www.europesays.com\/fr\/wp-json\/wp\/v2\/posts"}],"about":[{"href":"https:\/\/www.europesays.com\/fr\/wp-json\/wp\/v2\/types\/post"}],"author":[{"embeddable":true,"href":"https:\/\/www.europesays.com\/fr\/wp-json\/wp\/v2\/users\/2"}],"replies":[{"embeddable":true,"href":"https:\/\/www.europesays.com\/fr\/wp-json\/wp\/v2\/comments?post=221408"}],"version-history":[{"count":0,"href":"https:\/\/www.europesays.com\/fr\/wp-json\/wp\/v2\/posts\/221408\/revisions"}],"wp:featuredmedia":[{"embeddable":true,"href":"https:\/\/www.europesays.com\/fr\/wp-json\/wp\/v2\/media\/221409"}],"wp:attachment":[{"href":"https:\/\/www.europesays.com\/fr\/wp-json\/wp\/v2\/media?parent=221408"}],"wp:term":[{"taxonomy":"category","embeddable":true,"href":"https:\/\/www.europesays.com\/fr\/wp-json\/wp\/v2\/categories?post=221408"},{"taxonomy":"post_tag","embeddable":true,"href":"https:\/\/www.europesays.com\/fr\/wp-json\/wp\/v2\/tags?post=221408"}],"curies":[{"name":"wp","href":"https:\/\/api.w.org\/{rel}","templated":true}]}}