{"id":221410,"date":"2025-07-02T19:36:11","date_gmt":"2025-07-02T19:36:11","guid":{"rendered":"https:\/\/www.europesays.com\/fr\/221410\/"},"modified":"2025-07-02T19:36:11","modified_gmt":"2025-07-02T19:36:11","slug":"enfant-infecte-en-gironde-ce-que-lon-sait-du-premier-cas-autochtone-en-nouvelle-aquitaine","status":"publish","type":"post","link":"https:\/\/www.europesays.com\/fr\/221410\/","title":{"rendered":"enfant infect\u00e9 en Gironde, ce que l\u2019on sait du premier cas autochtone en Nouvelle-Aquitaine"},"content":{"rendered":"<p>Une forte fi\u00e8vre et des douleurs diffuses dans tout le corps. Les sympt\u00f4mes du petit gar\u00e7on de 5\u00a0ans, vivant \u00e0 Illats en Gironde, ont \u00e9t\u00e9 suffisamment inqui\u00e9tants pour conduire ses parents \u00e0 l\u2019h\u00f4pital le plus proche dans la journ\u00e9e du 1er\u00a0juillet. C\u2019est l\u00e0 que les m\u00e9decins soup\u00e7onnent une possibilit\u00e9 qu\u2019il puisse souffrir d\u2019une infection au chikungunya. Son analyse de sang est aussit\u00f4t envoy\u00e9e au centre national de r\u00e9f\u00e9rence afin de d\u00e9tecter la pr\u00e9sence du virus.\u00a0Le r\u00e9sultat tombe ce 2\u00a0juillet au matin\u00a0: le petit gar\u00e7on souffre du chikungunya. La maladie, aussit\u00f4t d\u00e9clar\u00e9e \u00e0 l\u2019Agence r\u00e9gionale de sant\u00e9 (ARS) de Bordeaux, met en branle tout un processus de mesures urgentes, afin d\u2019\u00e9viter la propagation du chikungunya.<\/p>\n<p>        <img decoding=\"async\" id=\"24133694\" src=\"https:\/\/www.europesays.com\/fr\/wp-content\/uploads\/2025\/07\/20250422152512-539612.jpg\" alt=\"Comme ici \u00e0 La R\u00e9union, o\u00f9 s\u00e9vit une \u00e9pid\u00e9mie de chikungunya, la d\u00e9moustication est une arme essentielle pour lutter contre la propagation des moustiques-tigres.\" itemprop=\"contentURL\"\/><\/p>\n<p>    Comme ici \u00e0 La R\u00e9union, o\u00f9 s\u00e9vit une \u00e9pid\u00e9mie de chikungunya, la d\u00e9moustication est une arme essentielle pour lutter contre la propagation des moustiques-tigres.<\/p>\n<p>Ludovic Marin\/AFP<\/p>\n<p>\u00ab\u00a0Il s\u2019agit du premier cas autochtone, d\u00e9clare la directrice adjointe de l\u2019ARS Nouvelle-Aquitaine, C\u00e9cile Tagliana, lors d\u2019une conf\u00e9rence de presse organis\u00e9e dans la foul\u00e9e. Apr\u00e8s une premi\u00e8re enqu\u00eate familiale, nous avons eu confirmation que l\u2019enfant a contract\u00e9 la maladie ici, \u00e0 Illats. Il n\u2019a pas voyag\u00e9 en zone contamin\u00e9e. Ce premier cas survient dans un contexte particulier. En effet, la Nouvelle-Aquitaine compte depuis janvier dernier 115 cas import\u00e9s, du jamais-vu, sachant que la Gironde est le d\u00e9partement le plus concern\u00e9.\u00a0\u00bb<\/p>\n<p>Le docteur Karim Tararbit, m\u00e9decin \u00e0 la cellule de veille, d\u2019alerte et de gestion sanitaire de l\u2019ARS, explique ensuite qu\u2019une enqu\u00eate \u00e9pid\u00e9miologique est lanc\u00e9e, dont la mission sera d\u2019identifier tous les lieux o\u00f9 l\u2019enfant a circul\u00e9, et o\u00f9 il aurait pu \u00eatre contamin\u00e9\u00a0: \u00e9cole, maison, aires de jeux, etc. \u00ab\u00a0Il faut aussi tenter de croiser la pr\u00e9sence de l\u2019enfant avec des cas de personnes infect\u00e9es apr\u00e8s un s\u00e9jour \u00e0 La R\u00e9union par exemple, annonce-t-il, car il s\u2019agit de trouver le cas source, celui qui, le premier, a \u00e9t\u00e9 piqu\u00e9 par un moustique-tigre, l\u2019a contamin\u00e9, avant que ce moustique ne pique l\u2019enfant \u00e0 son tour. Nous allons faire le tour de l\u2019\u00e9ventualit\u00e9 d\u2019autres cas non d\u00e9clar\u00e9s sur les lieux de vie de l\u2019enfant, en faisant\u2026 du porte-\u00e0-porte.\u00a0\u00bb<\/p>\n<blockquote><p>\u00ab\u00a0On y est\u00a0: le moustique-tigre vit avec nous, il est d\u00e9sormais ici chez lui et les d\u00f4mes de chaleur, les pluies agressives, les chaos climatiques favorisent son int\u00e9gration\u00a0\u00bb<\/p><\/blockquote>\n<p>Pulv\u00e9risations d\u2019insecticides<\/p>\n<p>Ainsi, d\u00e8s jeudi matin les habitants de la commune d\u2019Illats vont voir d\u00e9barquer des enqu\u00eateurs de l\u2019ARS d\u2019une part, mais aussi des techniciens de la soci\u00e9t\u00e9 Altopictus, agence missionn\u00e9e par l\u2019ARS dans la lutte antivectorielle. Ces derniers vont analyser le terrain, observer o\u00f9 se situent les nids de moustiques-tigres, se rendre sur les sites fr\u00e9quent\u00e9s par l\u2019enfant et pr\u00e9parer des pulv\u00e9risations d\u2019insecticides afin d\u2019\u00e9liminer les moustiques adultes vecteurs du chikungunya, afin d\u2019\u00e9viter d\u2019autres contaminations.<\/p>\n<p>Delphine Binet, responsable de l\u2019agence, explique\u00a0: \u00ab\u00a0Nous devons agir tr\u00e8s vite. Outre les actions de d\u00e9moustication, nous allons aussi d\u00e9nicher les sites larvaires, y compris chez des particuliers, supprimer tous les contenants artificiels, m\u00eame minuscules, comme des jouets d\u2019enfant. Les habitants seront tous inform\u00e9s de nos actions, par des flyers distribu\u00e9s dans les bo\u00eetes aux lettres, afin qu\u2019ils ferment leurs fen\u00eatres durant les pulv\u00e9risations.\u00a0\u00bb<\/p>\n<p>\u00c9viter la propagation est le ma\u00eetre-mot de l\u2019ARS \u00e0 ce stade. Le professeur Denis Malvy, infectiologue au CHU de Bordeaux, et son \u00e9quipe sont sur les starting-blocks depuis le d\u00e9but de l\u2019\u00e9t\u00e9\u00a0: \u00ab\u00a0Nous savions que le risque \u00e9tait imminent, d\u00e9clare-t-il, mais l\u00e0, c\u2019est clair, on y est. Le moustique vit avec nous, il est d\u00e9sormais ici chez lui et les d\u00f4mes de chaleur, les pluies agressives, les chaos climatiques favorisent son int\u00e9gration. C\u2019est un urbain comme nous. L\u2019an dernier, nous n\u2019avons connu que deux cas import\u00e9s de <a href=\"https:\/\/www.santepubliquefrance.fr\/maladies-et-traumatismes\/maladies-a-transmission-vectorielle\/chikungunya\/documents\/bulletin-national\/chikungunya-dengue-et-zika-en-france-hexagonale.-bulletin-de-la-surveillance-renforcee-du-2-juillet-2025\" target=\"_blank\" rel=\"nofollow noopener\">chikungunya en Nouvelle-Aquitaine, et nous en sommes d\u00e9j\u00e0 \u00e0 115<\/a> \u00e0 ce jour, dont un cas autochtone. Il va falloir adapter nos comportements, apprendre \u00e0 vivre avec ce risque. Se prot\u00e9ger des piq\u00fbres, poser des moustiquaires aux fen\u00eatres, au-dessus des lits, se frotter avec des produits r\u00e9pulsifs. Nous sommes assez d\u00e9munis face aux moustiques\u2026\u00a0\u00bb<\/p>\n<p>L\u2019\u00e9cole ne fermera pas<\/p>\n<p>\u00c0 Illats, pas de fermeture d\u2019\u00e9cole annonc\u00e9e, ni de branle-bas. Des recommandations sont d\u00e9j\u00e0 transmises aux enseignants, aux familles, avec le rappel des bonnes pratiques. Selon les experts de l\u2019ARS, l\u2019enqu\u00eate ne d\u00e9terminera peut-\u00eatre jamais qui a \u00e9t\u00e9 le cas index ou patient z\u00e9ro. \u00ab\u00a0Il faut savoir, reprend le professeur Malvy, que seule une personne atteinte du chikungunya et pr\u00e9sentant des sympt\u00f4mes, notamment la fi\u00e8vre, peut \u00eatre le transmetteur. Sans sympt\u00f4me, pas de transmission. En revanche, tout le monde est capable de basculer de l\u2019infection \u00e0 la maladie, avec des signes parfois agressifs\u00a0: fi\u00e8vre, douleurs musculaires, articulaires et \u00e9ruptions cutan\u00e9es. Chikungunya signifie \u00ab\u00a0marcher courb\u00e9\u00a0\u00bb, la maladie peut \u00eatre invalidante plusieurs jours et pour 20\u00a0% des cas, avoir des manifestations douloureuses \u00e0 long terme.\u00a0\u00bb<\/p>\n","protected":false},"excerpt":{"rendered":"Une forte fi\u00e8vre et des douleurs diffuses dans tout le corps. Les sympt\u00f4mes du petit gar\u00e7on de 5\u00a0ans,&hellip;\n","protected":false},"author":2,"featured_media":221411,"comment_status":"","ping_status":"","sticky":false,"template":"","format":"standard","meta":{"footnotes":""},"categories":[10],"tags":[1011,27,72,71],"class_list":{"0":"post-221410","1":"post","2":"type-post","3":"status-publish","4":"format-standard","5":"has-post-thumbnail","7":"category-sante","8":"tag-fr","9":"tag-france","10":"tag-health","11":"tag-sante"},"share_on_mastodon":{"url":"https:\/\/pubeurope.com\/@fr\/114785326504222228","error":""},"_links":{"self":[{"href":"https:\/\/www.europesays.com\/fr\/wp-json\/wp\/v2\/posts\/221410","targetHints":{"allow":["GET"]}}],"collection":[{"href":"https:\/\/www.europesays.com\/fr\/wp-json\/wp\/v2\/posts"}],"about":[{"href":"https:\/\/www.europesays.com\/fr\/wp-json\/wp\/v2\/types\/post"}],"author":[{"embeddable":true,"href":"https:\/\/www.europesays.com\/fr\/wp-json\/wp\/v2\/users\/2"}],"replies":[{"embeddable":true,"href":"https:\/\/www.europesays.com\/fr\/wp-json\/wp\/v2\/comments?post=221410"}],"version-history":[{"count":0,"href":"https:\/\/www.europesays.com\/fr\/wp-json\/wp\/v2\/posts\/221410\/revisions"}],"wp:featuredmedia":[{"embeddable":true,"href":"https:\/\/www.europesays.com\/fr\/wp-json\/wp\/v2\/media\/221411"}],"wp:attachment":[{"href":"https:\/\/www.europesays.com\/fr\/wp-json\/wp\/v2\/media?parent=221410"}],"wp:term":[{"taxonomy":"category","embeddable":true,"href":"https:\/\/www.europesays.com\/fr\/wp-json\/wp\/v2\/categories?post=221410"},{"taxonomy":"post_tag","embeddable":true,"href":"https:\/\/www.europesays.com\/fr\/wp-json\/wp\/v2\/tags?post=221410"}],"curies":[{"name":"wp","href":"https:\/\/api.w.org\/{rel}","templated":true}]}}