{"id":221413,"date":"2025-07-02T19:38:18","date_gmt":"2025-07-02T19:38:18","guid":{"rendered":"https:\/\/www.europesays.com\/fr\/221413\/"},"modified":"2025-07-02T19:38:18","modified_gmt":"2025-07-02T19:38:18","slug":"en-baskets-veja-et-tailleur-cafe-creme-lapparition-rassurante-de-kate-middleton-dans-le-comte-dessex","status":"publish","type":"post","link":"https:\/\/www.europesays.com\/fr\/221413\/","title":{"rendered":"En baskets Veja et tailleur caf\u00e9 cr\u00e8me, l\u2019apparition rassurante de Kate Middleton dans le comt\u00e9 d\u2019Essex"},"content":{"rendered":"<p>    Kate Middleton lors d\u2019une visite \u00e0 l\u2019h\u00f4pital de Colchester. (Angleterre, le 2 juillet 2025.)<br \/>\n                Rousseau Stefan\/PA Photos\/ABACA<\/p>\n<p>Ce 2 juillet, la princesse de Galles a rendu visite aux patients de l\u2019h\u00f4pital de Colchester, v\u00eatue pour l\u2019occasion d\u2019un look \u00abr\u00e9confortant\u00bb.<\/p>\n<p class=\"fig-paragraph\">Ses admirateurs britanniques peuvent respirer de nouveau. Deux semaines tout pile apr\u00e8s avoir annul\u00e9 sa venue au\u00a0<a href=\"http:\/\/madame.lefigaro.fr\/celebrites\/actu-people\/alors-que-l-inquietude-monte-kate-middleton-justifie-son-absence-au-royal-ascot-20250621\" target=\"_blank\" data-fig-type=\"Article\" rel=\"noopener\" data-gtm-custom-categorie=\"navigation\" data-gtm-custom-action=\"crossclick\" data-gtm-custom-label=\"Contextuel\" data-gtm-event=\"customEventSPE\" data-fig-domain=\"MADAME\">Royal Ascot<\/a>\u00a0en compagnie du prince William &#8211; et avoir laiss\u00e9 de nouveau planer le doute sur son \u00e9tat de sant\u00e9 -,\u00a0<a href=\"http:\/\/madame.lefigaro.fr\/celebrites\/actu-people\/l-escroquerie-d-une-milliardaire-qui-a-propose-des-rendez-vous-avec-kate-middleton-et-le-prince-william-pour-20-000-livres-20250630\" target=\"_blank\" data-fig-type=\"Article\" rel=\"noopener\" data-gtm-custom-categorie=\"navigation\" data-gtm-custom-action=\"crossclick\" data-gtm-custom-label=\"Contextuel\" data-gtm-event=\"customEventSPE\" data-fig-domain=\"MADAME\">Kate Middleton<\/a>\u00a0a sign\u00e9 une nouvelle apparition publique radieuse. Ce 2 juillet, la princesse de Galles, habill\u00e9e d\u2019une tenue confortable et r\u00e9confortante, a \u00e9t\u00e9 accueillie sous la pluie du comt\u00e9 d\u2019Essex, en Angleterre, lors d\u2019une visite aux patients atteints de cancer \u00e0 l\u2019h\u00f4pital de Colchester.<\/p>\n<p>    Kate Middleton lors d\u2019une visite \u00e0 l\u2019h\u00f4pital de Colchester. (Angleterre, le 2 juillet 2025.)<br \/>\n                Rousseau Stefan\/PA Photos\/ABACA<\/p>\n<p class=\"fig-paragraph\">Coiff\u00e9e de son brushing long et ch\u00e2tain signature, la m\u00e8re de Louis, George et Charlotte de Galles a jet\u00e9 son d\u00e9volu sur un tailleur aux nuances chocolat\u00e9es\u00a0: blazer ray\u00e9 en lin caf\u00e9 au lait sign\u00e9 Blaz\u00e9 Milano, chemisier ray\u00e9 et fluide blanc et camel\u00a0<a href=\"http:\/\/madame.lefigaro.fr\/celebrites\/de-l-argent-bien-depense-apres-le-defile-ralph-lauren-les-internautes-suspectent-anne-hathaway-d-avoir-eu-recours-a-la-chirurgie-20250418\" target=\"_blank\" data-fig-type=\"Article\" rel=\"noopener\" data-gtm-custom-categorie=\"navigation\" data-gtm-custom-action=\"crossclick\" data-gtm-custom-label=\"Contextuel\" data-gtm-event=\"customEventSPE\" data-fig-domain=\"MADAME\">Ralph Lauren<\/a>\u00a0et pantalon de costume slim acajou. Du c\u00f4t\u00e9 des chaussures, elle a renou\u00e9 avec sa marque de baskets f\u00e9tiche en optant pour une paire de\u00a0<a href=\"http:\/\/madame.lefigaro.fr\/style\/news\/une-collection-balenciaga-et-britney-spears-la-premiere-paire-de-sandales-veja-un-cabas-solidaire-chez-balzac-l-imperatif-madame-20250606\" target=\"_blank\" data-fig-type=\"Article\" rel=\"noopener\" data-gtm-custom-categorie=\"navigation\" data-gtm-custom-action=\"crossclick\" data-gtm-custom-label=\"Contextuel\" data-gtm-event=\"customEventSPE\" data-fig-domain=\"MADAME\">Veja<\/a>, le label fran\u00e7ais \u00e9coresponsable. Si les d\u00e9grad\u00e9s de beiges et de marron\u00a0<a href=\"http:\/\/madame.lefigaro.fr\/style\/news\/pourquoi-les-ultrariches-ne-portent-que-des-vetements-couleur-cafe-20231121\" target=\"_blank\" data-fig-type=\"Article\" rel=\"noopener\" data-gtm-custom-categorie=\"navigation\" data-gtm-custom-action=\"crossclick\" data-gtm-custom-label=\"Contextuel\" data-gtm-event=\"customEventSPE\" data-fig-domain=\"MADAME\">ont plut\u00f4t tendance \u00e0 incarner les nouveaux codes du chic chez les ultrariches depuis 2023<\/a>\u00a0&#8211; notamment depuis l\u2019effervescence autour du \u00abquiet luxury\u00bb &#8211; , Kate Middleton, elle, semble plut\u00f4t capitaliser sur le c\u00f4t\u00e9 \u00abrassurant\u00bb de cette palette souvent associ\u00e9e \u00e0 l\u2019automne et ses journ\u00e9es cosy.<\/p>\n<p>    Kate Middleton lors d\u2019une visite \u00e0 l\u2019h\u00f4pital de Colchester. (Angleterre, le 2 juillet 2025.)<br \/>\n                Rousseau Stefan\/PA Photos\/ABACA<\/p>\n<p>                                    <a class=\"fig-a11y-skip a11y-hidden\" href=\"#fig-a11y-skip-main-inarticle\"><br \/>\n        Passer la publicit\u00e9<br \/>\n    <\/a><\/p>\n<p>\u00abCe n\u2019est pas aussi tranquille que ce qu\u2019on pense\u00bb<\/p>\n<p class=\"fig-paragraph\">Une d\u00e9gaine \u00e9galement en parfaite ad\u00e9quation avec les activit\u00e9s auxquelles elle s\u2019est adonn\u00e9e ce jour-l\u00e0. Lors de sa visite, elle a \u00e9t\u00e9 photographi\u00e9e en pleine plantation d\u2019un buisson de roses, avant de partir \u00e0 la rencontre du personnel soignant et des malades. \u00abCe sont les montagnes russes\u00bb, a-t-elle confi\u00e9 aux patients autour d\u2019un caf\u00e9 au sujet de sa sant\u00e9, presque six mois apr\u00e8s\u00a0<a href=\"http:\/\/madame.lefigaro.fr\/celebrites\/actu-people\/kate-middleton-annonce-pour-la-premiere-fois-etre-en-remission-de-son-cancer-20250114\" target=\"_blank\" data-fig-type=\"Article\" rel=\"noopener\" data-gtm-custom-categorie=\"navigation\" data-gtm-custom-action=\"crossclick\" data-gtm-custom-label=\"Contextuel\" data-gtm-event=\"customEventSPE\" data-fig-domain=\"MADAME\">avoir annonc\u00e9 \u00ab\u00eatre en r\u00e9mission\u00bb de son cancer<\/a>. Et de poursuivre\u00a0: \u00abCe n\u2019est pas aussi tranquille que ce que l\u2019on pense. Vous traversez des moments difficiles. [&#8230;] Vous n\u2019\u00eates plus n\u00e9cessairement entour\u00e9e d\u2019une \u00e9quipe m\u00e9dicale mais vous \u00eates incapable d\u2019agir de fa\u00e7on normale comme c\u2019\u00e9tait le cas auparavant.\u00bb<\/p>\n<p class=\"fig-paragraph\">Un discours pour le moins honn\u00eate, qui met un terme aux nombreuses suspicions qui courraient depuis son absence \u00e0\u00a0<a href=\"http:\/\/madame.lefigaro.fr\/celebrites\/actu-people\/alors-que-l-inquietude-monte-kate-middleton-justifie-son-absence-au-royal-ascot-20250621\" data-fig-type=\"Article\" data-gtm-custom-categorie=\"navigation\" data-gtm-custom-action=\"crossclick\" data-gtm-custom-label=\"Contextuel\" data-gtm-event=\"customEventSPE\" data-fig-domain=\"MADAME\" target=\"_blank\" rel=\"noopener\">Ascot<\/a>, et passe un message clair\u00a0: \u00eatre en r\u00e9mission d\u2019un cancer, c\u2019est aussi avoir besoin de temps pour soi et de repos loin des cam\u00e9ras. Malgr\u00e9 tout, Kate Middleton a gard\u00e9 son sourire radieux tout au long de sa visite, offrant quelques selfies et poign\u00e9es de main chaleureuses. En accord, une fois de plus, avec son look automnal.<\/p>\n","protected":false},"excerpt":{"rendered":"Kate Middleton lors d\u2019une visite \u00e0 l\u2019h\u00f4pital de Colchester. (Angleterre, le 2 juillet 2025.) Rousseau Stefan\/PA Photos\/ABACA Ce&hellip;\n","protected":false},"author":2,"featured_media":221414,"comment_status":"","ping_status":"","sticky":false,"template":"","format":"standard","meta":{"footnotes":""},"categories":[8],"tags":[4708,58,59,1011,27,5858],"class_list":{"0":"post-221413","1":"post","2":"type-post","3":"status-publish","4":"format-standard","5":"has-post-thumbnail","7":"category-divertissement","8":"tag-angleterre","9":"tag-divertissement","10":"tag-entertainment","11":"tag-fr","12":"tag-france","13":"tag-kate-middleton"},"share_on_mastodon":{"url":"https:\/\/pubeurope.com\/@fr\/114785334379326726","error":""},"_links":{"self":[{"href":"https:\/\/www.europesays.com\/fr\/wp-json\/wp\/v2\/posts\/221413","targetHints":{"allow":["GET"]}}],"collection":[{"href":"https:\/\/www.europesays.com\/fr\/wp-json\/wp\/v2\/posts"}],"about":[{"href":"https:\/\/www.europesays.com\/fr\/wp-json\/wp\/v2\/types\/post"}],"author":[{"embeddable":true,"href":"https:\/\/www.europesays.com\/fr\/wp-json\/wp\/v2\/users\/2"}],"replies":[{"embeddable":true,"href":"https:\/\/www.europesays.com\/fr\/wp-json\/wp\/v2\/comments?post=221413"}],"version-history":[{"count":0,"href":"https:\/\/www.europesays.com\/fr\/wp-json\/wp\/v2\/posts\/221413\/revisions"}],"wp:featuredmedia":[{"embeddable":true,"href":"https:\/\/www.europesays.com\/fr\/wp-json\/wp\/v2\/media\/221414"}],"wp:attachment":[{"href":"https:\/\/www.europesays.com\/fr\/wp-json\/wp\/v2\/media?parent=221413"}],"wp:term":[{"taxonomy":"category","embeddable":true,"href":"https:\/\/www.europesays.com\/fr\/wp-json\/wp\/v2\/categories?post=221413"},{"taxonomy":"post_tag","embeddable":true,"href":"https:\/\/www.europesays.com\/fr\/wp-json\/wp\/v2\/tags?post=221413"}],"curies":[{"name":"wp","href":"https:\/\/api.w.org\/{rel}","templated":true}]}}