{"id":221417,"date":"2025-07-02T19:40:11","date_gmt":"2025-07-02T19:40:11","guid":{"rendered":"https:\/\/www.europesays.com\/fr\/221417\/"},"modified":"2025-07-02T19:40:11","modified_gmt":"2025-07-02T19:40:11","slug":"leditorial-de-gaetan-de-capele-lobsession-de-limpot","status":"publish","type":"post","link":"https:\/\/www.europesays.com\/fr\/221417\/","title":{"rendered":"L\u2019\u00e9ditorial de Ga\u00ebtan de Cap\u00e8le : \u00abL\u2019obsession de l\u2019imp\u00f4t\u00bb"},"content":{"rendered":"<p>Ya\u00ebl Braun-Pivet, la pr\u00e9sidente de l\u2019Assembl\u00e9e nationale, envisage des hausses cibl\u00e9es d\u2019imp\u00f4ts, pour boucler le budget 2026.<\/p>\n<p class=\"fig-paragraph\">Le meilleur moyen de r\u00e9soudre un probl\u00e8me commence par l\u2019exposer correctement. Pourquoi les\u00a0<a href=\"http:\/\/www.lefigaro.fr\/conjoncture\/la-france-plus-que-jamais-sous-la-menace-des-creanciers-alerte-la-cour-des-comptes-20250702\" data-fig-type=\"Article\" data-gtm-custom-categorie=\"navigation\" data-gtm-custom-action=\"crossclick\" data-gtm-custom-label=\"Contextuel\" data-gtm-event=\"customEventSPE\" data-fig-domain=\"LEFIGARO\" target=\"_blank\" rel=\"noopener\">comptes de la France<\/a>\u00a0se trouvent-ils dans une situation catastrophique\u00a0? R\u00e9ponse de la Cour des comptes, gardienne du temple des finances publiques\u00a0: en raison de son \u00ab\u200aincapacit\u00e9 \u00e0 ma\u00eetriser la dynamique de la d\u00e9pense et plus encore \u00e0 engager des efforts d\u2019\u00e9conomies p\u00e9rennes\u00a0\u00bb. On ne saurait dire les choses plus clairement. Avec des d\u00e9penses publiques repr\u00e9sentant 56\u200a% de la richesse produite, contre 49\u200a% en moyenne en Europe, on s\u2019en doutait un peu. Or, de quoi entend-on parler chaque jour pour combler les d\u00e9ficits\u00a0?<\/p>\n<p class=\"fig-paragraph\">De taxes et d\u2019imp\u00f4ts. De cette taxation en cours d\u2019\u00e9laboration \u00e0 Bercy pour rattraper les \u00ab\u200aultra-riches\u00a0\u00bb qui optimisent trop. De la\u00a0<a href=\"http:\/\/www.lefigaro.fr\/conjoncture\/taxe-sur-les-grandes-fortunes-les-calculs-de-gabriel-zucman-remis-en-cause-par-ses-pairs-20250617\" data-fig-type=\"Article\" data-gtm-custom-categorie=\"navigation\" data-gtm-custom-action=\"crossclick\" data-gtm-custom-label=\"Contextuel\" data-gtm-event=\"customEventSPE\" data-fig-domain=\"LEFIGARO\" target=\"_blank\" rel=\"noopener\">taxe Zucman<\/a>\u00a0sur les grandes fortunes, qui fait r\u00eaver la gauche et au-del\u00e0. De ces niches fiscales qu\u2019il faudrait absolument raboter. La pr\u00e9sidente de l\u2019Assembl\u00e9e nationale, pilier du bloc central, y ajoute son grain de sel&amp;nbsp\u2026<\/p>\n<p class=\"fig-premium-paywall__infos\">\n        Cet article est r\u00e9serv\u00e9 aux abonn\u00e9s.        Il vous reste 53% \u00e0 d\u00e9couvrir.\n    <\/p>\n<p>                <img  data- alt=\"Le Figaro\" class=\"fig-img--complete fig-img\"\/><\/p>\n<p class=\"fig-premium-paywall__title\">Vous avez envie de lire la suite ?<\/p>\n<p class=\"fig-premium-paywall__subtitle\">D\u00e9bloquez tous les articles imm\u00e9diatement.<\/p>\n<p class=\"fig-premium-paywall__connect\">\n                D\u00e9j\u00e0 abonn\u00e9\u00a0?                <a class=\"fig-premium-paywall__connect-link\" href=\"https:\/\/connect.lefigaro.fr\/login?client=horizon_web&amp;type=main&amp;redirect_uri=https%3A%2F%2Fwww.lefigaro.fr%2Fvox%2Feconomie%2Fl-editorial-de-gaetan-de-capele-l-obsession-de-l-impot-20250702\" data-js-gtm=\"{&quot;customCategorie&quot;: &quot;conversion&quot;, &quot;customAction&quot;: &quot;before_Landing_Connexion_paywall_auto&quot;, &quot;customLabel&quot;: &quot;bGVmaWdhcm8uZnJfXzFmMDU3NjU1LWNkNWItNjUzYy1hM2JhLTU1NDg0ZWRkMWI4NF9fQXJ0aWNsZQ==_L\u2019\u00e9ditorial de Ga\u00ebtan de Cap\u00e8le\u00a0: \u00abL\u2019obsession de l\u2019imp\u00f4t\u00bb_364&quot;, &quot;customIDSPE&quot;: &quot;bGVmaWdhcm8uZnJfXzFmMDU3NjU1LWNkNWItNjUzYy1hM2JhLTU1NDg0ZWRkMWI4NF9fQXJ0aWNsZQ==&quot;, &quot;event&quot;: &quot;customEventSPE&quot;}\" target=\"_blank\" rel=\"noopener\"><br \/>\n                    Connectez-vous<br \/>\n                <\/a>\n            <\/p>\n","protected":false},"excerpt":{"rendered":"Ya\u00ebl Braun-Pivet, la pr\u00e9sidente de l\u2019Assembl\u00e9e nationale, envisage des hausses cibl\u00e9es d\u2019imp\u00f4ts, pour boucler le budget 2026. Le&hellip;\n","protected":false},"author":2,"featured_media":221418,"comment_status":"","ping_status":"","sticky":false,"template":"","format":"standard","meta":{"footnotes":""},"categories":[6],"tags":[35,33,34,8425,1011,27,431,342],"class_list":{"0":"post-221417","1":"post","2":"type-post","3":"status-publish","4":"format-standard","5":"has-post-thumbnail","7":"category-economie","8":"tag-business","9":"tag-economie","10":"tag-economy","11":"tag-editorial-figaro","12":"tag-fr","13":"tag-france","14":"tag-francois-bayrou","15":"tag-impots"},"share_on_mastodon":{"url":"https:\/\/pubeurope.com\/@fr\/114785342232804142","error":""},"_links":{"self":[{"href":"https:\/\/www.europesays.com\/fr\/wp-json\/wp\/v2\/posts\/221417","targetHints":{"allow":["GET"]}}],"collection":[{"href":"https:\/\/www.europesays.com\/fr\/wp-json\/wp\/v2\/posts"}],"about":[{"href":"https:\/\/www.europesays.com\/fr\/wp-json\/wp\/v2\/types\/post"}],"author":[{"embeddable":true,"href":"https:\/\/www.europesays.com\/fr\/wp-json\/wp\/v2\/users\/2"}],"replies":[{"embeddable":true,"href":"https:\/\/www.europesays.com\/fr\/wp-json\/wp\/v2\/comments?post=221417"}],"version-history":[{"count":0,"href":"https:\/\/www.europesays.com\/fr\/wp-json\/wp\/v2\/posts\/221417\/revisions"}],"wp:featuredmedia":[{"embeddable":true,"href":"https:\/\/www.europesays.com\/fr\/wp-json\/wp\/v2\/media\/221418"}],"wp:attachment":[{"href":"https:\/\/www.europesays.com\/fr\/wp-json\/wp\/v2\/media?parent=221417"}],"wp:term":[{"taxonomy":"category","embeddable":true,"href":"https:\/\/www.europesays.com\/fr\/wp-json\/wp\/v2\/categories?post=221417"},{"taxonomy":"post_tag","embeddable":true,"href":"https:\/\/www.europesays.com\/fr\/wp-json\/wp\/v2\/tags?post=221417"}],"curies":[{"name":"wp","href":"https:\/\/api.w.org\/{rel}","templated":true}]}}