{"id":221420,"date":"2025-07-02T19:42:16","date_gmt":"2025-07-02T19:42:16","guid":{"rendered":"https:\/\/www.europesays.com\/fr\/221420\/"},"modified":"2025-07-02T19:42:16","modified_gmt":"2025-07-02T19:42:16","slug":"vers-une-annulation-de-40-des-vols-dans-les-aeroports-parisiens-vendredi","status":"publish","type":"post","link":"https:\/\/www.europesays.com\/fr\/221420\/","title":{"rendered":"Vers une annulation de 40\u00a0% des vols dans les a\u00e9roports parisiens vendredi"},"content":{"rendered":"<p>Les <a href=\"https:\/\/www.20minutes.fr\/dossier\/compagnie_aerienne\" class=\"color-ultramarine c-link\" target=\"_blank\" rel=\"noopener\">compagnies a\u00e9riennes<\/a> sont appel\u00e9es \u00e0 annuler 40\u00a0% de leurs vols au d\u00e9part ou \u00e0 l\u2019arriv\u00e9e des a\u00e9roports de <a href=\"https:\/\/www.20minutes.fr\/dossier\/aeroport\" class=\"color-ultramarine c-link\" target=\"_blank\" rel=\"noopener\">Paris-Charles-de-Gaulle<\/a> et <a href=\"https:\/\/www.20minutes.fr\/dossier\/orly\" class=\"color-ultramarine c-link\" target=\"_blank\" rel=\"noopener\">Orly<\/a> vendredi, veille des <a href=\"https:\/\/www.20minutes.fr\/dossier\/vacances_d_ete\" class=\"color-ultramarine c-link\" target=\"_blank\" rel=\"noopener\">vacances d\u2019\u00e9t\u00e9<\/a>, en raison d\u2019une gr\u00e8ve de contr\u00f4leurs a\u00e9riens, a annonc\u00e9 mercredi la Direction g\u00e9n\u00e9rale de l&rsquo;Aviation civile.<\/p>\n<\/p>\n<p>Ces exigences de l\u2019administration sont plus \u00e9lev\u00e9es que celles de jeudi, premier jour de mouvement social, quand un quart des vols seront supprim\u00e9s dans les a\u00e9roports parisiens. A Nice, troisi\u00e8me plateforme fran\u00e7aise, ces annulations concerneront vendredi la moiti\u00e9 des liaisons, comme jeudi.<\/p>\n<p>L\u2019a\u00e9roport de Beauvais, bastion du \u00ab\u00a0low cost\u00a0\u00bb, se verra \u00e9galement imposer une r\u00e9duction des vols de 40\u00a0%, a pr\u00e9cis\u00e9 la DGAC dans un communiqu\u00e9.<\/p>\n<p>Le sud de la France aussi tr\u00e8s perturb\u00e9<\/p>\n<p>Outre Nice, le sud de la France restera particuli\u00e8rement touch\u00e9, puisque les compagnies devront annuler 30\u00a0% de leurs programmes de vol \u00e0 Lyon, Marseille et Montpellier, ainsi que dans les a\u00e9roports corses (Ajaccio, Bastia, Calvi et Figari).<\/p>\n<p>Le trafic devrait \u00eatre d\u00e9j\u00e0 tr\u00e8s perturb\u00e9 jeudi dans les a\u00e9roports parisiens et du sud de la France, apr\u00e8s un appel \u00e0 la gr\u00e8ve de deux syndicats d\u2019aiguilleurs du ciel pour d\u00e9fendre leurs conditions de travail.<\/p>\n<p>De source proche du dossier, on indique que l\u2019aviation d\u2019affaires sera aussi tr\u00e8s affect\u00e9e par ce conflit.<\/p>\n","protected":false},"excerpt":{"rendered":"Les compagnies a\u00e9riennes sont appel\u00e9es \u00e0 annuler 40\u00a0% de leurs vols au d\u00e9part ou \u00e0 l\u2019arriv\u00e9e des a\u00e9roports&hellip;\n","protected":false},"author":2,"featured_media":221421,"comment_status":"","ping_status":"","sticky":false,"template":"","format":"standard","meta":{"footnotes":""},"categories":[4],"tags":[11,7182,37,35823,33,1011,27,6151,36029,12,25],"class_list":{"0":"post-221420","1":"post","2":"type-post","3":"status-publish","4":"format-standard","5":"has-post-thumbnail","7":"category-france","8":"tag-actualites","9":"tag-aviation","10":"tag-avion","11":"tag-controleurs-aeriens","12":"tag-economie","13":"tag-fr","14":"tag-france","15":"tag-greve","16":"tag-greve-des-controleurs-aeriens","17":"tag-news","18":"tag-republique-francaise"},"share_on_mastodon":{"url":"https:\/\/pubeurope.com\/@fr\/114785349990476735","error":""},"_links":{"self":[{"href":"https:\/\/www.europesays.com\/fr\/wp-json\/wp\/v2\/posts\/221420","targetHints":{"allow":["GET"]}}],"collection":[{"href":"https:\/\/www.europesays.com\/fr\/wp-json\/wp\/v2\/posts"}],"about":[{"href":"https:\/\/www.europesays.com\/fr\/wp-json\/wp\/v2\/types\/post"}],"author":[{"embeddable":true,"href":"https:\/\/www.europesays.com\/fr\/wp-json\/wp\/v2\/users\/2"}],"replies":[{"embeddable":true,"href":"https:\/\/www.europesays.com\/fr\/wp-json\/wp\/v2\/comments?post=221420"}],"version-history":[{"count":0,"href":"https:\/\/www.europesays.com\/fr\/wp-json\/wp\/v2\/posts\/221420\/revisions"}],"wp:featuredmedia":[{"embeddable":true,"href":"https:\/\/www.europesays.com\/fr\/wp-json\/wp\/v2\/media\/221421"}],"wp:attachment":[{"href":"https:\/\/www.europesays.com\/fr\/wp-json\/wp\/v2\/media?parent=221420"}],"wp:term":[{"taxonomy":"category","embeddable":true,"href":"https:\/\/www.europesays.com\/fr\/wp-json\/wp\/v2\/categories?post=221420"},{"taxonomy":"post_tag","embeddable":true,"href":"https:\/\/www.europesays.com\/fr\/wp-json\/wp\/v2\/tags?post=221420"}],"curies":[{"name":"wp","href":"https:\/\/api.w.org\/{rel}","templated":true}]}}