{"id":221439,"date":"2025-07-02T19:52:19","date_gmt":"2025-07-02T19:52:19","guid":{"rendered":"https:\/\/www.europesays.com\/fr\/221439\/"},"modified":"2025-07-02T19:52:19","modified_gmt":"2025-07-02T19:52:19","slug":"a-bihorel-ils-disent-non-a-la-demolition-de-la-piscine-transat","status":"publish","type":"post","link":"https:\/\/www.europesays.com\/fr\/221439\/","title":{"rendered":"A Bihorel, ils disent non \u00e0 la d\u00e9molition de la piscine Transat"},"content":{"rendered":"\n<p style=\"text-align: left;\" align=\"justify\">A Bihorel, la piscine Transat pourrait \u00eatre d\u00e9truite \u00e0 partir de septembre, selon le souhait de la municipalit\u00e9. Une perspective qui est loin de faire l&rsquo;unanimit\u00e9 dans la commune. L&rsquo;association \u00ab\u00a0Bihorel A\u00e9r\u00e9e\u00a0\u00bb et les sections plong\u00e9e, apn\u00e9e et natation du CGOB ont lanc\u00e9 une p\u00e9tition afin de relancer le d\u00e9bat et \u00e9viter la disparition de cet \u00e9quipement qui a coul\u00e9 de beaux jours avant sa fermeture brutale en 2016.<strong> \u00ab\u00a0Nous, ce qu&rsquo;on veut, c&rsquo;est juste que la page ne se ferme pas avant qu&rsquo;il y ait un nouveau d\u00e9bat purement bihorellais\u00a0\u00bb<\/strong> souligne Baptiste Boulland, membre du collectif.<\/p>\n<p><strong>Des clubs et \u00e9coles doivent s&rsquo;expatrier<\/strong><\/p>\n<p style=\"text-align: left;\" align=\"justify\">Il y a deux ans, une consultation sur la r\u00e9novation de la piscine \u00e0 laquelle avait \u00e9t\u00e9 associ\u00e9e la ville de Bois-Guillaume, membre elle-aussi du syndicat qui g\u00e9rait et finan\u00e7ait la structure, et Isneauville, avait d\u00e9bouch\u00e9 sur un refus. Le \u00ab\u00a0oui\u00a0\u00bb l&rsquo;avait pourtant largement emport\u00e9 \u00e0 Bihorel. <strong>Le collectif ne l&rsquo;a pas oubli\u00e9 et compte se battre pour sauver la structure qui r\u00e9pondrait \u00e0 un besoin r\u00e9el au sein des clubs sportifs et des \u00e9coles de la commune <\/strong>: \u00ab\u00a0La section natation est oblig\u00e9e d&rsquo;aller dans d&rsquo;autres piscines dans des communes limitrophes en fonction des cr\u00e9neaux qui leur restent. Les enfants d&rsquo;\u00e9coles \u00e9l\u00e9mentaires sont oblig\u00e9s de prendre un car pour pouvoir aller nager dans d&rsquo;autres piscines\u00a0\u00bb constate Aude.<\/p>\n<p> Un \u00e9quipement moins clinquant<\/p>\n<p style=\"text-align: left;\" align=\"justify\">Le collectif milite pour une piscine 100% bihorellaise, dont les frais de fonctionnement seraient enti\u00e8rement pris en charge par la commune, contre seulement la moiti\u00e9 jusqu&rsquo;en 2016. Un sc\u00e9nario financier r\u00e9alisable selon Jean-Fran\u00e7ois : <strong>\u00ab\u00a0On peut envisager un \u00e9quipement plus modeste, mais qui permette \u00e0 tout le monde d&rsquo;apprendre \u00e0 nager ou de se divertir<\/strong>.<strong> <\/strong>Une fois que ce sera d\u00e9moli, on ne pourra plus rien faire. L\u00e0, on peut r\u00e9fl\u00e9chir \u00e0 peut-\u00eatre prendre quelque chose de moins ambitieux\u00a0\u00bb.<\/p>\n<p>Plus de mille signatures<\/p>\n<p style=\"text-align: left;\" align=\"justify\">Le collectif a d\u00e9pos\u00e9 un recours aupr\u00e8s du tribunal administratif pour contester la l\u00e9galit\u00e9 de cette d\u00e9molition programm\u00e9e, mais n&rsquo;a pas obtenu la suspension de la proc\u00e9dure. <strong>\u00ab\u00a0On va fermer un \u00e9quipement public alors que le pr\u00e9sident de la R\u00e9publique a fait du sport et notamment de l&rsquo;apprentissage de la natation une priorit\u00e9 nationale&#8230; Vous voyez, c&rsquo;est fou !\u00a0\u00bb<\/strong> ajoute Baptiste Boulland. <a href=\"https:\/\/www.change.org\/p\/derni%C3%A8re-chance-de-sauver-la-piscine-de-bihorel\" rel=\"noopener\" target=\"_blank\">La p\u00e9tition du collectif<\/a> compte \u00e0 ce jour plus d&rsquo;un millier de signatures.<\/p>\n","protected":false},"excerpt":{"rendered":"A Bihorel, la piscine Transat pourrait \u00eatre d\u00e9truite \u00e0 partir de septembre, selon le souhait de la municipalit\u00e9.&hellip;\n","protected":false},"author":2,"featured_media":221440,"comment_status":"","ping_status":"","sticky":false,"template":"","format":"standard","meta":{"footnotes":""},"categories":[9587],"tags":[1111,11,36035,36036,36033,36037,1777,674,1011,27,22461,5216,12,5161,36034,36030,5922,36032,36031,25,9590],"class_list":{"0":"post-221439","1":"post","2":"type-post","3":"status-publish","4":"format-standard","5":"has-post-thumbnail","7":"category-rouen","8":"tag-actu","9":"tag-actualites","10":"tag-bihorel","11":"tag-bois-guillaume","12":"tag-demolition-piscine-transat","13":"tag-equipement-public","14":"tag-eu","15":"tag-europe","16":"tag-fr","17":"tag-france","18":"tag-infos-rouen","19":"tag-natation","20":"tag-news","21":"tag-normandie","22":"tag-opposition-demolition-piscine-transat","23":"tag-petition-piscine-transat","24":"tag-piscine","25":"tag-piscine-bihorel","26":"tag-piscine-transat","27":"tag-republique-francaise","28":"tag-rouen"},"share_on_mastodon":{"url":"https:\/\/pubeurope.com\/@fr\/114785389308107282","error":""},"_links":{"self":[{"href":"https:\/\/www.europesays.com\/fr\/wp-json\/wp\/v2\/posts\/221439","targetHints":{"allow":["GET"]}}],"collection":[{"href":"https:\/\/www.europesays.com\/fr\/wp-json\/wp\/v2\/posts"}],"about":[{"href":"https:\/\/www.europesays.com\/fr\/wp-json\/wp\/v2\/types\/post"}],"author":[{"embeddable":true,"href":"https:\/\/www.europesays.com\/fr\/wp-json\/wp\/v2\/users\/2"}],"replies":[{"embeddable":true,"href":"https:\/\/www.europesays.com\/fr\/wp-json\/wp\/v2\/comments?post=221439"}],"version-history":[{"count":0,"href":"https:\/\/www.europesays.com\/fr\/wp-json\/wp\/v2\/posts\/221439\/revisions"}],"wp:featuredmedia":[{"embeddable":true,"href":"https:\/\/www.europesays.com\/fr\/wp-json\/wp\/v2\/media\/221440"}],"wp:attachment":[{"href":"https:\/\/www.europesays.com\/fr\/wp-json\/wp\/v2\/media?parent=221439"}],"wp:term":[{"taxonomy":"category","embeddable":true,"href":"https:\/\/www.europesays.com\/fr\/wp-json\/wp\/v2\/categories?post=221439"},{"taxonomy":"post_tag","embeddable":true,"href":"https:\/\/www.europesays.com\/fr\/wp-json\/wp\/v2\/tags?post=221439"}],"curies":[{"name":"wp","href":"https:\/\/api.w.org\/{rel}","templated":true}]}}