{"id":221443,"date":"2025-07-02T20:01:26","date_gmt":"2025-07-02T20:01:26","guid":{"rendered":"https:\/\/www.europesays.com\/fr\/221443\/"},"modified":"2025-07-02T20:01:26","modified_gmt":"2025-07-02T20:01:26","slug":"easyjet-croit-toujours-en-lavenir-de-laeroport-et-annonce-deux-nouvelles-destinations-2","status":"publish","type":"post","link":"https:\/\/www.europesays.com\/fr\/221443\/","title":{"rendered":"EasyJet croit toujours en l\u2019avenir de l\u2019a\u00e9roport et annonce deux nouvelles destinations"},"content":{"rendered":"<p><strong>espoir &#8211; La compagnie a\u00e9rienne low cost vient d\u2019annoncer l\u2019ouverture de deux lignes vers Barcelone et Gen\u00e8ve \u00e0 l\u2019automne<\/strong><\/p>\n<p>Il est toujours en vie\u00a0! En difficult\u00e9 depuis des ann\u00e9es avec <a href=\"https:\/\/www.20minutes.fr\/societe\/4134729-20250121-rennes-promis-avenir-radieux-apres-abandon-dame-landes-aeroport-decolle?at_medium=RSS%20feed&amp;at_campaign=ynews&amp;utm_source=yahoo&amp;utm_medium=rss&amp;utm_campaign=news_feed&amp;utm_content=in_article_link\" rel=\"nofollow noopener\" target=\"_blank\" data-ylk=\"slk:un nombre de passagers qui ne cesse de baisser;elm:context_link;itc:0;sec:content-canvas\" class=\"link \">un nombre de passagers qui ne cesse de baisser<\/a>, l\u2019a\u00e9roport de Rennes refuse de renoncer. Ce mercredi 2\u00a0juillet, sa direction a pu c\u00e9l\u00e9brer deux \u00e9v\u00e9nements conjoints\u00a0: l\u2019arriv\u00e9e <a href=\"https:\/\/www.bretagne-economique.com\/actualites\/laeroport-de-rennes-annonce-louverture-prochaine-dune-nouvelle-ligne-vers-manchester\/?at_medium=RSS%20feed&amp;at_campaign=ynews&amp;utm_source=yahoo&amp;utm_medium=rss&amp;utm_campaign=news_feed&amp;utm_content=in_article_link\" rel=\"nofollow noopener\" target=\"_blank\" data-ylk=\"slk:du premier vol en provenance de Manchester;elm:context_link;itc:0;sec:content-canvas\" class=\"link \">du premier vol en provenance de Manchester<\/a> (Angleterre), qui a atterri ce midi sur le sol breton. Mais ce n\u2019\u00e9tait pas la seule bonne nouvelle port\u00e9e par EasyJet. La compagnie a\u00e9rienne anglaise a annonc\u00e9 l\u2019ouverture de deux nouvelles liaisons permanentes \u00e0 compter de l\u2019automne. Et pas des moindres\u00a0: Barcelone et Gen\u00e8ve. Deux hubs europ\u00e9ens tr\u00e8s chers \u00e0 EasyJet qui permettront \u00e0 Rennes d\u2019offrir de nouveaux vols en correspondance. Un vol sera propos\u00e9 chaque jeudi et dimanche pour Barcelone et chaque lundi et vendredi pour Gen\u00e8ve.<\/p>\n<p>La liaison vers Barcelone \u00e9tait \u00e9galement tr\u00e8s attendue des Bretons et des professionnels du tourisme. Op\u00e9r\u00e9e par la compagnie Vueling en\u00a02013, la liaison vers la capitale de la Catalogne s&rsquo;est arr\u00eat\u00e9e avant l\u2019arriv\u00e9e du Covid-19, quand la compagnie anglaise avait migr\u00e9 vers Orly. Depuis, <a href=\"https:\/\/www.20minutes.fr\/rennes\/4010017-20221115-rennes-grand-aeroport-promis-apres-abandon-dame-landes?at_medium=RSS%20feed&amp;at_campaign=ynews&amp;utm_source=yahoo&amp;utm_medium=rss&amp;utm_campaign=news_feed&amp;utm_content=in_article_link\" rel=\"nofollow noopener\" target=\"_blank\" data-ylk=\"slk:le nombre de destinations directes avait fondu;elm:context_link;itc:0;sec:content-canvas\" class=\"link \">le nombre de destinations directes avait fondu<\/a>. En\u00a02024, la plateforme de Saint-Jacques-de-la-Lande n\u2019avait vu passer que 512.000 voyageurs. Loin, tr\u00e8s loin des 850.000 passagers embarqu\u00e9s en\u00a02019, quand l\u2019a\u00e9roport \u00e9tait en pleine croissance.<\/p>\n<p>Apr\u00e8s des ann\u00e9es de crise, il semblerait que la porte d\u2019entr\u00e9e vers la Bretagne s\u2019ouvre \u00e0 l\u2019international. Outre la Suisse et l\u2019Espagne, ce sont aussi deux lignes vers le Maroc qui ouvriront ce(&#8230;)<\/p>\n<p><a href=\"https:\/\/www.20minutes.fr\/societe\/4161552-20250702-rennes-easyjet-croit-toujours-avenir-aeroport-annonce-deux-nouvelles-destinations?at_medium=RSS%20feed&amp;at_campaign=ynews&amp;utm_source=yahoo&amp;utm_medium=rss&amp;utm_campaign=news_feed&amp;utm_content=read_more_link&quot;\" rel=\"nofollow noopener\" target=\"_blank\" data-ylk=\"slk:Lire la suite sur 20minutes;elm:context_link;itc:0;sec:content-canvas\" class=\"link \">Lire la suite sur 20minutes<\/a><\/p>\n<p>\u00c0 lire aussi :<br \/><a href=\"https:\/\/www.20minutes.fr\/planete\/4159830-20250702-livraison-points-relais-magasins-bilan-carbone-achats?at_medium=RSS%20feed&amp;at_campaign=ynews&amp;utm_source=yahoo&amp;utm_medium=rss&amp;utm_campaign=news_feed&amp;utm_content=related_content_link\" rel=\"nofollow noopener\" target=\"_blank\" data-ylk=\"slk:Livraison, points relais, magasins\u2026 Quel bilan carbone pour vos achats ?;elm:context_link;itc:0;sec:content-canvas\" class=\"link \">Livraison, points relais, magasins\u2026 Quel bilan carbone pour vos achats ?<\/a><br \/><a href=\"https:\/\/www.20minutes.fr\/economie\/4159576-20250620-salon-bourget-airbus-accumule-grosses-commandes-eclipse-boeing?at_medium=RSS%20feed&amp;at_campaign=ynews&amp;utm_source=yahoo&amp;utm_medium=rss&amp;utm_campaign=news_feed&amp;utm_content=related_content_link\" rel=\"nofollow noopener\" target=\"_blank\" data-ylk=\"slk:Salon du Bourget\u00a0: Airbus accumule les grosses commandes et \u00e9clipse Boeing;elm:context_link;itc:0;sec:content-canvas\" class=\"link \">Salon du Bourget\u00a0: Airbus accumule les grosses commandes et \u00e9clipse Boeing<\/a><\/p>\n","protected":false},"excerpt":{"rendered":"espoir &#8211; La compagnie a\u00e9rienne low cost vient d\u2019annoncer l\u2019ouverture de deux lignes vers Barcelone et Gen\u00e8ve \u00e0&hellip;\n","protected":false},"author":2,"featured_media":221444,"comment_status":"","ping_status":"","sticky":false,"template":"","format":"standard","meta":{"footnotes":""},"categories":[2821],"tags":[1111,11,4791,829,8763,36038,661,1777,674,1011,27,10868,12,584,25],"class_list":{"0":"post-221443","1":"post","2":"type-post","3":"status-publish","4":"format-standard","5":"has-post-thumbnail","7":"category-rennes","8":"tag-actu","9":"tag-actualites","10":"tag-barcelone","11":"tag-bretagne","12":"tag-compagnie-aerienne","13":"tag-compagnie-anglaise","14":"tag-easyjet","15":"tag-eu","16":"tag-europe","17":"tag-fr","18":"tag-france","19":"tag-geneve","20":"tag-news","21":"tag-rennes","22":"tag-republique-francaise"},"share_on_mastodon":{"url":"https:\/\/pubeurope.com\/@fr\/114785424774297266","error":""},"_links":{"self":[{"href":"https:\/\/www.europesays.com\/fr\/wp-json\/wp\/v2\/posts\/221443","targetHints":{"allow":["GET"]}}],"collection":[{"href":"https:\/\/www.europesays.com\/fr\/wp-json\/wp\/v2\/posts"}],"about":[{"href":"https:\/\/www.europesays.com\/fr\/wp-json\/wp\/v2\/types\/post"}],"author":[{"embeddable":true,"href":"https:\/\/www.europesays.com\/fr\/wp-json\/wp\/v2\/users\/2"}],"replies":[{"embeddable":true,"href":"https:\/\/www.europesays.com\/fr\/wp-json\/wp\/v2\/comments?post=221443"}],"version-history":[{"count":0,"href":"https:\/\/www.europesays.com\/fr\/wp-json\/wp\/v2\/posts\/221443\/revisions"}],"wp:featuredmedia":[{"embeddable":true,"href":"https:\/\/www.europesays.com\/fr\/wp-json\/wp\/v2\/media\/221444"}],"wp:attachment":[{"href":"https:\/\/www.europesays.com\/fr\/wp-json\/wp\/v2\/media?parent=221443"}],"wp:term":[{"taxonomy":"category","embeddable":true,"href":"https:\/\/www.europesays.com\/fr\/wp-json\/wp\/v2\/categories?post=221443"},{"taxonomy":"post_tag","embeddable":true,"href":"https:\/\/www.europesays.com\/fr\/wp-json\/wp\/v2\/tags?post=221443"}],"curies":[{"name":"wp","href":"https:\/\/api.w.org\/{rel}","templated":true}]}}