{"id":221461,"date":"2025-07-02T20:11:09","date_gmt":"2025-07-02T20:11:09","guid":{"rendered":"https:\/\/www.europesays.com\/fr\/221461\/"},"modified":"2025-07-02T20:11:09","modified_gmt":"2025-07-02T20:11:09","slug":"le-spectacle-de-larmee-a-toulouse","status":"publish","type":"post","link":"https:\/\/www.europesays.com\/fr\/221461\/","title":{"rendered":"le spectacle de l&rsquo;arm\u00e9e \u00e0 Toulouse"},"content":{"rendered":"<p>            Par<br \/>\n        <strong><br \/>\n            <a href=\"https:\/\/actu.fr\/auteur\/anaelle-montagne\" title=\"Consulter tous les articles de Anaelle Montagne\" target=\"_blank\" rel=\"noopener\">Anaelle Montagne<\/a><br \/>\n        <\/strong><\/p>\n<p>        Publi\u00e9 le<\/p>\n<p>            2 juil. 2025 \u00e0 21h09        <\/p>\n<p>\u00ab\u00a0Vous pouvez me dire ce qui se passe ?\u00a0\u00bb Ce mercredi 2 juillet 2025, peu avant 17 heures, la foule se presse le long des barri\u00e8res qui encadrent la place du Capitole <a href=\"https:\/\/actu.fr\/toulouse\/\" target=\"_blank\" rel=\"noopener\">\u00e0 Toulouse<\/a>. La c\u00e9r\u00e9monie de l\u2019arm\u00e9e de l\u2019Air et de l\u2019Espace va commencer. Elle officialise la cr\u00e9ation de <a href=\"https:\/\/actu.fr\/occitanie\/toulouse_31555\/toulouse-demonstrations-defile-aerien-concert-l-armee-va-faire-le-show-sur-la-place-du-capitole_62837144.html\" target=\"_blank\" rel=\"noopener\">la premi\u00e8re base a\u00e9rienne \u00e0 vocation spatiale fran\u00e7aise<\/a>, la BA 101.<\/p>\n<p class=\" wall-content\">Le si\u00e8ge du Commandement de l\u2019espace devrait \u00eatre mis en service au mois de septembre 2025, mais les c\u00e9l\u00e9brations commencent d\u00e9j\u00e0.<\/p>\n<p>Visiter l\u2019avion de la Patrouille de France<\/p>\n<p class=\" wall-content\">Toute la journ\u00e9e, les visiteurs ont pu profiter de diff\u00e9rents stands pour d\u00e9couvrir les m\u00e9tiers de l\u2019arm\u00e9e, comprendre le fonctionnement de la nouvelle base a\u00e9rienne et apprendre l\u2019histoire de l\u2019ancienne \u2013 <a href=\"https:\/\/actu.fr\/occitanie\/cugnaux_31157\/pres-de-toulouse-un-site-unique-en-europe-emerge-le-chantier-debute-sur-l-ex-base-militaire-de-francazal_62304730.html\" target=\"_blank\" rel=\"noopener\">celle de Francazal, ferm\u00e9e il y a 16 ans<\/a>.<\/p>\n<p class=\" wall-content\"><strong>Un avion de la Patrouille de France<\/strong> \u00e9tait aussi expos\u00e9 sur la place du Capitole, que les curieux ont pu visiter. Arriv\u00e9 en plusieurs pi\u00e8ces, il aura fallu quatre heures de montage pour qu\u2019il tr\u00f4ne fi\u00e8rement au centre de la place.<\/p>\n<blockquote class=\"tiktok-embed\" cite=\"https:\/\/www.tiktok.com\/@actutoulouse\/video\/7522540300242324758\" data-video-id=\"7522540300242324758\" data-embed-from=\"oembed\" style=\"max-width:605px; min-width:325px;\"><p>\n<a target=\"_blank\" title=\"@actutoulouse\" href=\"https:\/\/www.tiktok.com\/@actutoulouse?refer=embed\" rel=\"noopener\">@actutoulouse<\/a> <\/p>\n<p>L\u2019avion de la Patrouille de France pouvait \u00eatre visit\u00e9 toute la journ\u00e9e ce mercredi 2 juillet <a title=\"toulousemaville\" target=\"_blank\" href=\"https:\/\/www.tiktok.com\/tag\/toulousemaville?refer=embed\" rel=\"noopener\">#toulousemaville<\/a> <a title=\"toulouse\" target=\"_blank\" href=\"https:\/\/www.tiktok.com\/tag\/toulouse?refer=embed\" rel=\"noopener\">#toulouse<\/a> <\/p>\n<p> <a target=\"_blank\" title=\"\u266c Epic Cinematic Motivation Trailer - CinematicHub\" href=\"https:\/\/www.tiktok.com\/music\/Epic-Cinematic-Motivation-Trailer-7376260653160646695?refer=embed\" rel=\"noopener\">\u266c Epic Cinematic Motivation Trailer \u2013 CinematicHub<\/a> <\/p>\n<\/blockquote>\n<p>C\u00e9r\u00e9monie et d\u00e9fil\u00e9 d\u2019avions<\/p>\n<p class=\" wall-content\">Peu avant 17 heures, l\u2019Alphajet finit par \u00eatre d\u00e9plac\u00e9 : c\u2019est l\u2019heure de la <strong>c\u00e9r\u00e9monie solennelle<\/strong>. Les uniformes s\u2019alignent, se regroupent, s\u2019immobilisent. Silence sur la place.<\/p>\n<p>Vid\u00e9os : en ce moment sur Actu<\/p>\n<p class=\" wall-content\">\u00ab\u00a0Bien plus qu\u2019une r\u00e9ouverture, nous marquons aujourd\u2019hui une refondation\u00a0\u00bb, se f\u00e9licite l\u2019Arm\u00e9e au micro. \u00ab\u00a0Cette c\u00e9r\u00e9monie souligne <strong>l\u2019ambition spatiale fran\u00e7aise<\/strong> ; ce jour est de ceux qui compteront dans l\u2019histoire de notre arm\u00e9e. C\u2019est ici, au c\u0153ur de l\u2019\u00e9cosyst\u00e8me institutionnel, industriel et acad\u00e9mique de l\u2019a\u00e9ronautique et du spatial fran\u00e7ais et europ\u00e9en, que nous construisons la t\u00eate de pont de notre puissance militaire a\u00e9rospatiale.\u00a0\u00bb<\/p>\n<p class=\" wall-content\">Apr\u00e8s une demi-heure de c\u00e9r\u00e9monie, sans sommation,<strong> le public aper\u00e7oit au-dessus des toits le premier A400 M<\/strong>. Il est suivi d\u2019un Alphajet entour\u00e9 de deux Rafale. Un deuxi\u00e8me A400 M ferme le d\u00e9fil\u00e9.<\/p>\n<blockquote class=\"tiktok-embed\" cite=\"https:\/\/www.tiktok.com\/@actutoulouse\/video\/7522522175811915030\" data-video-id=\"7522522175811915030\" data-embed-from=\"oembed\" style=\"max-width:605px; min-width:325px;\"><p>\n<a target=\"_blank\" title=\"@actutoulouse\" href=\"https:\/\/www.tiktok.com\/@actutoulouse?refer=embed\" rel=\"noopener\">@actutoulouse<\/a> <\/p>\n<p>Un d\u00e9fil\u00e9 a\u00e9rien de l\u2019arm\u00e9e de l\u2019Air et de l\u2019Espace a eu lieu lors de la c\u00e9r\u00e9monie de cr\u00e9ation de la base a\u00e9rienne spatiale de Toulouse <a title=\"toulouse\" target=\"_blank\" href=\"https:\/\/www.tiktok.com\/tag\/toulouse?refer=embed\" rel=\"noopener\">#toulouse<\/a> <a title=\"toulousemaville\" target=\"_blank\" href=\"https:\/\/www.tiktok.com\/tag\/toulousemaville?refer=embed\" rel=\"noopener\">#toulousemaville<\/a> <a title=\"foryou\" target=\"_blank\" href=\"https:\/\/www.tiktok.com\/tag\/foryou?refer=embed\" rel=\"noopener\">#foryou<\/a> <a title=\"foryoupage\" target=\"_blank\" href=\"https:\/\/www.tiktok.com\/tag\/foryoupage?refer=embed\" rel=\"noopener\">#foryoupage<\/a> <a title=\"fyp\" target=\"_blank\" href=\"https:\/\/www.tiktok.com\/tag\/fyp?refer=embed\" rel=\"noopener\">#fyp<\/a> <\/p>\n<p> <a target=\"_blank\" title=\"\u266c Epic News - DM Production\" href=\"https:\/\/www.tiktok.com\/music\/Epic-News-7226230926606501890?refer=embed\" rel=\"noopener\">\u266c Epic News \u2013 DM Production<\/a> <\/p>\n<\/blockquote>\n<p class=\" wall-content\">Il n\u2019aura dur\u00e9 en tout et pour tout qu\u2019une trentaine de secondes. L\u2019alphajet, lui, reste sur la place du Capitole jusqu\u2019\u00e0 21 heures ce mercredi 2 juillet. Il sera d\u00e9mont\u00e9 d\u00e8s jeudi matin avant de <strong>quitter Toulouse<\/strong>.<\/p>\n<p class=\" wall-content\">Suivez toute l\u2019actualit\u00e9 de vos villes et m\u00e9dias favoris en vous inscrivant \u00e0 <a href=\"https:\/\/moncompte.actu.fr\" title=\"D\u00e9couvez Mon Actu\" rel=\"nofollow noopener\" data-trk=\"{&quot;cta&quot;:{&quot;action&quot;:&quot;https:\\\/\\\/moncompte.actu.fr&quot;,&quot;category&quot;:&quot;mon compte&quot;,&quot;from&quot;:&quot;article footer&quot;,&quot;name&quot;:&quot;Mon actu&quot;,&quot;type&quot;:&quot;cta&quot;}}\" target=\"_blank\">Mon Actu<\/a>.<\/p>\n<p>                    <script async src=\"\/\/www.tiktok.com\/embed.js\"><\/script><\/p>\n","protected":false},"excerpt":{"rendered":"Par Anaelle Montagne Publi\u00e9 le 2 juil. 2025 \u00e0 21h09 \u00ab\u00a0Vous pouvez me dire ce qui se passe&hellip;\n","protected":false},"author":2,"featured_media":221462,"comment_status":"","ping_status":"","sticky":false,"template":"","format":"standard","meta":{"footnotes":""},"categories":[2816],"tags":[1111,11,1813,4519,1777,674,1011,27,12,2680,25,104,2312],"class_list":{"0":"post-221461","1":"post","2":"type-post","3":"status-publish","4":"format-standard","5":"has-post-thumbnail","7":"category-toulouse","8":"tag-actu","9":"tag-actualites","10":"tag-armee","11":"tag-capitole","12":"tag-eu","13":"tag-europe","14":"tag-fr","15":"tag-france","16":"tag-news","17":"tag-occitanie","18":"tag-republique-francaise","19":"tag-societe","20":"tag-toulouse"},"share_on_mastodon":{"url":"https:\/\/pubeurope.com\/@fr\/114785464176549994","error":""},"_links":{"self":[{"href":"https:\/\/www.europesays.com\/fr\/wp-json\/wp\/v2\/posts\/221461","targetHints":{"allow":["GET"]}}],"collection":[{"href":"https:\/\/www.europesays.com\/fr\/wp-json\/wp\/v2\/posts"}],"about":[{"href":"https:\/\/www.europesays.com\/fr\/wp-json\/wp\/v2\/types\/post"}],"author":[{"embeddable":true,"href":"https:\/\/www.europesays.com\/fr\/wp-json\/wp\/v2\/users\/2"}],"replies":[{"embeddable":true,"href":"https:\/\/www.europesays.com\/fr\/wp-json\/wp\/v2\/comments?post=221461"}],"version-history":[{"count":0,"href":"https:\/\/www.europesays.com\/fr\/wp-json\/wp\/v2\/posts\/221461\/revisions"}],"wp:featuredmedia":[{"embeddable":true,"href":"https:\/\/www.europesays.com\/fr\/wp-json\/wp\/v2\/media\/221462"}],"wp:attachment":[{"href":"https:\/\/www.europesays.com\/fr\/wp-json\/wp\/v2\/media?parent=221461"}],"wp:term":[{"taxonomy":"category","embeddable":true,"href":"https:\/\/www.europesays.com\/fr\/wp-json\/wp\/v2\/categories?post=221461"},{"taxonomy":"post_tag","embeddable":true,"href":"https:\/\/www.europesays.com\/fr\/wp-json\/wp\/v2\/tags?post=221461"}],"curies":[{"name":"wp","href":"https:\/\/api.w.org\/{rel}","templated":true}]}}