{"id":221465,"date":"2025-07-02T20:13:10","date_gmt":"2025-07-02T20:13:10","guid":{"rendered":"https:\/\/www.europesays.com\/fr\/221465\/"},"modified":"2025-07-02T20:13:10","modified_gmt":"2025-07-02T20:13:10","slug":"bournemouth-lille-exige-35-m%c2%80-pour-diakite-football","status":"publish","type":"post","link":"https:\/\/www.europesays.com\/fr\/221465\/","title":{"rendered":"Bournemouth : Lille exige 35 M\u0080 pour Diakit\u00e9 &#8211; Football"},"content":{"rendered":"<p class=\"par1\">Depuis plusieurs jours, Bournemouth a fait de Bafod\u00e9 Diakit\u00e9 (24 ans, 48 matchs et 4 buts toutes comp\u00e9titions pour la saison 2024-2025) sa nouvelle priorit\u00e9 pour le mercato d&rsquo;\u00e9t\u00e9, afin de remplacer Illia Zabarnyi, courtis\u00e9 par le Paris Saint-Germain, qui partira vraisemblablement.<\/p>\n<p>Selon RMC Sport ce mercredi, Lille a fix\u00e9 le prix de d\u00e9part de son taulier \u00e0 35 millions d&rsquo;euros, alors qu&rsquo;il reste trois ans de contrat \u00e0 l&rsquo;ancien Toulousain. Tandis que Diakit\u00e9 et Cherries sont \u00ab\u00a0loin d&rsquo;avoir trouv\u00e9 un terrain d&rsquo;entente\u00a0\u00bb, le club anglais surveille aussi Mario Gila (Lazio) et Nathan Z\u00e9z\u00e9 (Nantes).<b id=\"momo\"\/><\/p>\n","protected":false},"excerpt":{"rendered":"Depuis plusieurs jours, Bournemouth a fait de Bafod\u00e9 Diakit\u00e9 (24 ans, 48 matchs et 4 buts toutes comp\u00e9titions&hellip;\n","protected":false},"author":2,"featured_media":221466,"comment_status":"","ping_status":"","sticky":false,"template":"","format":"standard","meta":{"footnotes":""},"categories":[2815],"tags":[1111,11,2266,2262,2261,1981,83,2260,451,2263,1777,674,462,2269,2257,63,1011,27,2265,811,1441,453,66,447,1307,2267,955,12,2268,241,149,70,1817,93,2264,25,2258,2259,969,455],"class_list":{"0":"post-221465","1":"post","2":"type-post","3":"status-publish","4":"format-standard","5":"has-post-thumbnail","7":"category-lille","8":"tag-actu","9":"tag-actualites","10":"tag-as-monaco","11":"tag-bundesligua","12":"tag-calcio","13":"tag-classement","14":"tag-coupe-de-france","15":"tag-coupe-de-la-ligue","16":"tag-coupe-du-monde","17":"tag-equipe","18":"tag-eu","19":"tag-europe","20":"tag-fc-nantes","21":"tag-fifa","22":"tag-foot","23":"tag-football","24":"tag-fr","25":"tag-france","26":"tag-girondins-bordeaux","27":"tag-hauts-de-france","28":"tag-joueur","29":"tag-liga","30":"tag-ligue-1","31":"tag-ligue-des-champions","32":"tag-lille","33":"tag-losc","34":"tag-match","35":"tag-news","36":"tag-ogc-nice","37":"tag-ol","38":"tag-om","39":"tag-premier-league","40":"tag-pronostic","41":"tag-psg","42":"tag-rc-lens","43":"tag-republique-francaise","44":"tag-resultat","45":"tag-score","46":"tag-transfert","47":"tag-uefa"},"share_on_mastodon":{"url":"https:\/\/pubeurope.com\/@fr\/114785471918996638","error":""},"_links":{"self":[{"href":"https:\/\/www.europesays.com\/fr\/wp-json\/wp\/v2\/posts\/221465","targetHints":{"allow":["GET"]}}],"collection":[{"href":"https:\/\/www.europesays.com\/fr\/wp-json\/wp\/v2\/posts"}],"about":[{"href":"https:\/\/www.europesays.com\/fr\/wp-json\/wp\/v2\/types\/post"}],"author":[{"embeddable":true,"href":"https:\/\/www.europesays.com\/fr\/wp-json\/wp\/v2\/users\/2"}],"replies":[{"embeddable":true,"href":"https:\/\/www.europesays.com\/fr\/wp-json\/wp\/v2\/comments?post=221465"}],"version-history":[{"count":0,"href":"https:\/\/www.europesays.com\/fr\/wp-json\/wp\/v2\/posts\/221465\/revisions"}],"wp:featuredmedia":[{"embeddable":true,"href":"https:\/\/www.europesays.com\/fr\/wp-json\/wp\/v2\/media\/221466"}],"wp:attachment":[{"href":"https:\/\/www.europesays.com\/fr\/wp-json\/wp\/v2\/media?parent=221465"}],"wp:term":[{"taxonomy":"category","embeddable":true,"href":"https:\/\/www.europesays.com\/fr\/wp-json\/wp\/v2\/categories?post=221465"},{"taxonomy":"post_tag","embeddable":true,"href":"https:\/\/www.europesays.com\/fr\/wp-json\/wp\/v2\/tags?post=221465"}],"curies":[{"name":"wp","href":"https:\/\/api.w.org\/{rel}","templated":true}]}}