{"id":221467,"date":"2025-07-02T20:14:12","date_gmt":"2025-07-02T20:14:12","guid":{"rendered":"https:\/\/www.europesays.com\/fr\/221467\/"},"modified":"2025-07-02T20:14:12","modified_gmt":"2025-07-02T20:14:12","slug":"circulation-perturbee-sur-la7-et-la50-en-raison-daccidents","status":"publish","type":"post","link":"https:\/\/www.europesays.com\/fr\/221467\/","title":{"rendered":"circulation perturb\u00e9e sur l&rsquo;A7 et l&rsquo;A50 en raison d&rsquo;accidents"},"content":{"rendered":"<p>Deux accidents, sur deux axes autoroutiers majeurs de Marseille \u00e0 quelques minutes d&rsquo;intervalle. Les marins-pompiers sont intervenus sur un accident impliquant un deux-roues et une voiture aux alentours de 17h sur l&rsquo;A7 \u00e0 la sortie de Marseille. Le pilote de la moto a \u00e9t\u00e9 bless\u00e9. L&rsquo;homme, \u00e2g\u00e9 d&rsquo;une trentaine d&rsquo;ann\u00e9es, a \u00e9t\u00e9 transport\u00e9 \u00e0 l&rsquo;h\u00f4pital souffrant d&rsquo;un traumatisme \u00e0 la jambe. Aucun pronostique vital n&rsquo;est engag\u00e9.<\/p>\n<p>Quelques minutes plus tard, aux alentours de 17h40, les marins-pompiers ont \u00e9t\u00e9 appel\u00e9s pour intervenir sur un autre axe routier. Cette fois sur l&rsquo;A50, au niveau de la Pomme, dans le sens Aubagne-Marseille.<\/p>\n<p>Deux v\u00e9hicules sont impliqu\u00e9s dans l&rsquo;accident, des examens sont en cours pour savoir si des bless\u00e9s sont \u00e0 d\u00e9plorer.<\/p>\n<p>La circulation difficile<\/p>\n<p>Ces deux ph\u00e9nom\u00e8nes, survenus \u00e0 une heure de pointe sur ces autoroutes majeures, perturbent le trafic particuli\u00e8rement dense. Sur l&rsquo;A7, la retenue monte de la sortie de la L2 \u00e0 la jonction A7-A51.<\/p>\n<p>Sur l&rsquo;A50, la circulation est difficile depuis la Valentine jusqu&rsquo;\u00e0 la sortie la Pomme.<\/p>\n","protected":false},"excerpt":{"rendered":"Deux accidents, sur deux axes autoroutiers majeurs de Marseille \u00e0 quelques minutes d&rsquo;intervalle. Les marins-pompiers sont intervenus sur&hellip;\n","protected":false},"author":2,"featured_media":221468,"comment_status":"","ping_status":"","sticky":false,"template":"","format":"standard","meta":{"footnotes":""},"categories":[2814],"tags":[17,1111,11,1102,3542,1777,674,1011,27,26158,4900,884,12,7847,882,13637,16,25,3356],"class_list":{"0":"post-221467","1":"post","2":"type-post","3":"status-publish","4":"format-standard","5":"has-post-thumbnail","7":"category-marseille","8":"tag-17","9":"tag-actu","10":"tag-actualites","11":"tag-breakingnews","12":"tag-circulation","13":"tag-eu","14":"tag-europe","15":"tag-fr","16":"tag-france","17":"tag-la7","18":"tag-la50","19":"tag-marseille","20":"tag-news","21":"tag-perturbee","22":"tag-provence-alpes-cote-dazur","23":"tag-raison","24":"tag-region","25":"tag-republique-francaise","26":"tag-sur"},"share_on_mastodon":{"url":"https:\/\/pubeurope.com\/@fr\/114785475972840459","error":""},"_links":{"self":[{"href":"https:\/\/www.europesays.com\/fr\/wp-json\/wp\/v2\/posts\/221467","targetHints":{"allow":["GET"]}}],"collection":[{"href":"https:\/\/www.europesays.com\/fr\/wp-json\/wp\/v2\/posts"}],"about":[{"href":"https:\/\/www.europesays.com\/fr\/wp-json\/wp\/v2\/types\/post"}],"author":[{"embeddable":true,"href":"https:\/\/www.europesays.com\/fr\/wp-json\/wp\/v2\/users\/2"}],"replies":[{"embeddable":true,"href":"https:\/\/www.europesays.com\/fr\/wp-json\/wp\/v2\/comments?post=221467"}],"version-history":[{"count":0,"href":"https:\/\/www.europesays.com\/fr\/wp-json\/wp\/v2\/posts\/221467\/revisions"}],"wp:featuredmedia":[{"embeddable":true,"href":"https:\/\/www.europesays.com\/fr\/wp-json\/wp\/v2\/media\/221468"}],"wp:attachment":[{"href":"https:\/\/www.europesays.com\/fr\/wp-json\/wp\/v2\/media?parent=221467"}],"wp:term":[{"taxonomy":"category","embeddable":true,"href":"https:\/\/www.europesays.com\/fr\/wp-json\/wp\/v2\/categories?post=221467"},{"taxonomy":"post_tag","embeddable":true,"href":"https:\/\/www.europesays.com\/fr\/wp-json\/wp\/v2\/tags?post=221467"}],"curies":[{"name":"wp","href":"https:\/\/api.w.org\/{rel}","templated":true}]}}