{"id":221473,"date":"2025-07-02T20:17:12","date_gmt":"2025-07-02T20:17:12","guid":{"rendered":"https:\/\/www.europesays.com\/fr\/221473\/"},"modified":"2025-07-02T20:17:12","modified_gmt":"2025-07-02T20:17:12","slug":"les-orages-frappent-lyon-et-le-sud-du-rhone","status":"publish","type":"post","link":"https:\/\/www.europesays.com\/fr\/221473\/","title":{"rendered":"les orages frappent Lyon et le sud du Rh\u00f4ne"},"content":{"rendered":"<p>Apr\u00e8s une nouvelle journ\u00e9e caniculaire, les orages ont frapp\u00e9 Lyon et le sud du d\u00e9partement ce mardi soir. Le Rh\u00f4ne avait \u00e9t\u00e9 plac\u00e9 en vigilance jaune orage sur le coup des 15 heures, et ce, jusqu\u2019\u00e0 midi ce jeudi.\u00a0Dans les faits, peu avant 21 heures, le ciel s\u2019est assombri, le vent s\u2019est lev\u00e9 et les premiers d\u00e9g\u00e2ts n\u2019ont pas tard\u00e9.<\/p>\n<p>Sur la ligne T1, un arbre est tomb\u00e9 sur les voies dans le quartier de Confluence (Lyon 2e ) emp\u00eachant la circulation. Les TCL ont aussi d\u00fb arr\u00eater de desservir quelques stations \u00e0 cause des intemp\u00e9ries. Sur la ligne T6, le tramway ne circule que d\u2019H\u00f4pitaux Est \u00e0 Mermoz-Pinel, des bus relais sont mis en place. Le T1 est coup\u00e9 au niveau de Confluence, l\u00e0 aussi des bus prennent le relais. Du c\u00f4t\u00e9 de la ligne T2, le tram ne circule que de Saint-Priest Bel Air \u00e0 Centre Berthelot.<\/p>\n<p>  Une perte de 10 degr\u00e9s en moins de 30 minutes<\/p>\n<p>L\u2019eau est tomb\u00e9e en grande quantit\u00e9 \u00e0 Lyon, mais aussi dans le sud lyonnais. Plusieurs millim\u00e8tres d\u2019eau se sont retrouv\u00e9s sur la chauss\u00e9e, rendant la circulation des automobilistes p\u00e9rilleuse.<\/p>\n<p>Du c\u00f4t\u00e9 de Saint-Genis-Laval, la temp\u00e9rature a chut\u00e9 \u00e0 20\u00a0\u00b0C \u00e0 21 heures alors qu\u2019il faisait encore 34\u00a0\u00b0C \u00e0 20\u00a0h\u00a045. Lyon a aussi connu une impressionnante baisse des temp\u00e9ratures du m\u00eame ordre. La station Lyon-Bron r\u00e9v\u00e8le une chute de 34,8\u00a0\u00b0C \u00e0 21 heures \u00e0 24\u00a0\u00b0C \u00e0 22 heures.<\/p>\n<p>De nombreux \u00e9clairs ont z\u00e9br\u00e9 le ciel du bassin lyonnais ce soir. L\u2019observatoire fran\u00e7ais des orages, Keraunos, recense pour l\u2019instant une trentaine d\u2019\u00e9clairs sur Lyon et 160 sur l\u2019ensemble du d\u00e9partement entre 21 et 22 heures.<\/p>\n","protected":false},"excerpt":{"rendered":"Apr\u00e8s une nouvelle journ\u00e9e caniculaire, les orages ont frapp\u00e9 Lyon et le sud du d\u00e9partement ce mardi soir.&hellip;\n","protected":false},"author":2,"featured_media":221474,"comment_status":"","ping_status":"","sticky":false,"template":"","format":"standard","meta":{"footnotes":""},"categories":[1889],"tags":[1111,11,2430,2757,436,1777,674,1011,27,2428,2756,8423,12,25,2429],"class_list":{"0":"post-221473","1":"post","2":"type-post","3":"status-publish","4":"format-standard","5":"has-post-thumbnail","7":"category-lyon","8":"tag-actu","9":"tag-actualites","10":"tag-auvergne-rhone-alpes","11":"tag-edition-lyon-villeurbanne","12":"tag-environnement","13":"tag-eu","14":"tag-europe","15":"tag-fr","16":"tag-france","17":"tag-lyon","18":"tag-lyon-bassin","19":"tag-meteorologie-climat","20":"tag-news","21":"tag-republique-francaise","22":"tag-rhone"},"share_on_mastodon":{"url":"https:\/\/pubeurope.com\/@fr\/114785487649995664","error":""},"_links":{"self":[{"href":"https:\/\/www.europesays.com\/fr\/wp-json\/wp\/v2\/posts\/221473","targetHints":{"allow":["GET"]}}],"collection":[{"href":"https:\/\/www.europesays.com\/fr\/wp-json\/wp\/v2\/posts"}],"about":[{"href":"https:\/\/www.europesays.com\/fr\/wp-json\/wp\/v2\/types\/post"}],"author":[{"embeddable":true,"href":"https:\/\/www.europesays.com\/fr\/wp-json\/wp\/v2\/users\/2"}],"replies":[{"embeddable":true,"href":"https:\/\/www.europesays.com\/fr\/wp-json\/wp\/v2\/comments?post=221473"}],"version-history":[{"count":0,"href":"https:\/\/www.europesays.com\/fr\/wp-json\/wp\/v2\/posts\/221473\/revisions"}],"wp:featuredmedia":[{"embeddable":true,"href":"https:\/\/www.europesays.com\/fr\/wp-json\/wp\/v2\/media\/221474"}],"wp:attachment":[{"href":"https:\/\/www.europesays.com\/fr\/wp-json\/wp\/v2\/media?parent=221473"}],"wp:term":[{"taxonomy":"category","embeddable":true,"href":"https:\/\/www.europesays.com\/fr\/wp-json\/wp\/v2\/categories?post=221473"},{"taxonomy":"post_tag","embeddable":true,"href":"https:\/\/www.europesays.com\/fr\/wp-json\/wp\/v2\/tags?post=221473"}],"curies":[{"name":"wp","href":"https:\/\/api.w.org\/{rel}","templated":true}]}}