{"id":221478,"date":"2025-07-02T20:20:10","date_gmt":"2025-07-02T20:20:10","guid":{"rendered":"https:\/\/www.europesays.com\/fr\/221478\/"},"modified":"2025-07-02T20:20:10","modified_gmt":"2025-07-02T20:20:10","slug":"anne-hidalgo-exhorte-rachida-dati-a-se-faire-juger-rapidement","status":"publish","type":"post","link":"https:\/\/www.europesays.com\/fr\/221478\/","title":{"rendered":"Anne Hidalgo exhorte Rachida Dati \u00e0 se faire juger rapidement"},"content":{"rendered":"<p>            Par<br \/>\n        <strong><br \/>\n            <a href=\"https:\/\/actu.fr\/auteur\/redaction-paris\" title=\"Consulter tous les articles de R\u00e9daction Paris\" rel=\"nofollow noopener\" target=\"_blank\">R\u00e9daction Paris<\/a><br \/>\n        <\/strong><\/p>\n<p>        Publi\u00e9 le<\/p>\n<p>            2 juil. 2025 \u00e0 17h22        <\/p>\n<p>Au deuxi\u00e8me jour de <a href=\"https:\/\/actu.fr\/tag\/conseil-de-paris\" rel=\"nofollow noopener\" target=\"_blank\">l\u2019assembl\u00e9e d\u00e9lib\u00e9rante<\/a> de la <a href=\"https:\/\/actu.fr\/tag\/mairie-de-paris\" rel=\"nofollow noopener\" target=\"_blank\">Ville de Paris<\/a> de juillet 2025, le pr\u00e9sident du groupe Paris en commun, <a href=\"https:\/\/actu.fr\/ile-de-france\/paris_75056\/municipales-2026-remi-feraud-candidat-a-la-primaire-du-ps-a-paris-je-suis-le-mieux-place-pour-rassembler_62801783.html\" rel=\"nofollow noopener\" target=\"_blank\">R\u00e9mi F\u00e9raud<\/a>, a r\u00e9v\u00e9l\u00e9 avoir saisi le 26 juin la procureure de la r\u00e9publique pour lui signaler des faits fond\u00e9s sur les <a href=\"https:\/\/actu.fr\/ile-de-france\/paris_75056\/municipales-a-paris-complement-d-enquete-revele-le-deal-passe-entre-rachida-dati-et-le-camp-macron_62742601.html\" rel=\"nofollow noopener\" target=\"_blank\">r\u00e9v\u00e9lations de \u00ab\u00a0Compl\u00e9ment d\u2019enqu\u00eate\u00a0\u00bb et du \u00ab\u00a0Nouvel Obs\u00a0\u00bb<\/a> et <a href=\"https:\/\/actu.fr\/politique\/la-ministre-de-la-culture-rachida-dati-aurait-oublie-de-declarer-420-000-euros-de-bijoux_62489867.html\" rel=\"nofollow noopener\" target=\"_blank\">celles du journal Lib\u00e9ration<\/a>, mettant en cause l\u2019actuelle maire du 7e arrondissement et candidate \u00e0 la mairie de Paris, <a href=\"https:\/\/actu.fr\/tag\/rachida-dati\" rel=\"nofollow noopener\" target=\"_blank\">Rachida Dati (Changer Paris)<\/a>. <br \/>Avant de poser une question \u00e0 la maire : Comment prot\u00e9ger la d\u00e9mocratie \u00e0 Paris ? Celle-ci a r\u00e9torqu\u00e9 qu\u2019un coll\u00e8ge d\u2019experts d\u00e9di\u00e9 \u00e0 cette question allait \u00eatre cr\u00e9\u00e9 au sein de la commission de d\u00e9ontologie de la Ville (cr\u00e9\u00e9e en octobre 2022). Et a<strong> incit\u00e9 l\u2019ancienne ministre \u00e0 se faire juger <\/strong>avant les <a href=\"https:\/\/actu.fr\/tag\/municipales-2026\" rel=\"nofollow noopener\" target=\"_blank\">Municipales de mars 2026<\/a> pour ne pas biaiser la campagne.<\/p>\n<p>\u00ab\u00a0Que toute la lumi\u00e8re puisse \u00eatre faite avant le scrutin\u00a0\u00bb<\/p>\n<p class=\" wall-content\"><a href=\"https:\/\/actu.fr\/politique\/affaire-renault-nissan-mise-en-examen-de-rachida-dati-pour-corruption-passive_43752633.html\" rel=\"nofollow noopener\" target=\"_blank\">Affaire Renault-Nissan<\/a>, GDF Suez, \u00ab bijoux cach\u00e9s \u00bb\u2026 L\u2019ancien maire du 10e, le premier adjoint, <a href=\"https:\/\/actu.fr\/ile-de-france\/paris_75056\/mairie-de-paris-qui-est-le-nouveau-numero-2-d-anne-hidalgo-et-remplacant-d-emmanuel-gregoire-elu-depute_61324522.html\" rel=\"nofollow noopener\" target=\"_blank\">Patrick Bloche<\/a>, et la maire sortante, <a href=\"https:\/\/actu.fr\/tag\/anne-hidalgo\" rel=\"nofollow noopener\" target=\"_blank\">Anne Hidalgo (PS)<\/a> ont, tour \u00e0 tour, rappel\u00e9 les diff\u00e9rentes affaires que Rachida Dati tra\u00eenent comme un boulet. \u00ab\u00a0Tripatouillage \u00e9lectoral, <strong>mise au pas de l\u2019audiovisuel public<\/strong>, mise en examen\u2026 Pas un mois, pas une semaine sans passage en force, sans d\u00e9ni de d\u00e9mocratie, sans r\u00e9v\u00e9lation concernant Madame Rachida Dati\u00a0\u00bb, a lanc\u00e9 le premier.<\/p>\n<blockquote class=\"ac-article-quote wall-content\">\n<p>Les Parisiennes et les Parisiens ont le droit \u00e0 la v\u00e9rit\u00e9<\/p>\n<p>    <strong>Anne Hidalgo, maire de Paris <\/strong>\n            <\/p><\/blockquote>\n<p class=\" wall-content\">Quand Anne Hidalgo a resitu\u00e9 le d\u00e9bat : \u00ab\u00a0L\u2019heure est grave, a-t-elle alert\u00e9. Les citoyens vont \u00eatre appel\u00e9s aux urnes et <strong>devront voter en connaissance de cause<\/strong>. Pour cela, il faut que la justice puisse aller au bout.\u00a0\u00bb<\/p>\n<p class=\" wall-content\">Puis de pr\u00e9ciser le fond de sa pens\u00e9e : \u00ab\u00a0Nous sommes \u00e0 quelques mois d\u2019une \u00e9lection municipale d\u00e9cisive. Madame Dati, \u2013 je lui dis par personnes interpos\u00e9es parce qu\u2019elle n\u2019est pas l\u00e0 (au Conseil de Paris du 2 juillet 2025) -, <strong>je lui dis qu\u2019elle peut demander que cette affaire <\/strong>(Affaire Ghosn, celle pour laquelle elle est mise en examen)<strong> soit jug\u00e9e rapidement<\/strong>, cela s\u2019est d\u00e9j\u00e0 vu dans d\u2019autres affaires qui ont proc\u00e9d\u00e9 des \u00e9lection importantes. Il est de la responsabilit\u00e9 des institutions de garantir que toute la lumi\u00e8re puisse \u00eatre faite avant le scrutin.\u00a0\u00bb<\/p>\n<p>Vid\u00e9os : en ce moment sur Actu\u00ab\u00a0On ne construit pas la d\u00e9mocratie sur des mensonges\u00a0\u00bb<\/p>\n<p class=\" wall-content\">La maire de Paris a ajout\u00e9 qu\u2019un jugement \u00e9tait, selon elle, la seule mani\u00e8re \u00ab\u00a0de ne pas faire campagne sur les affaires\u00a0\u00bb et \u00ab\u00a0que la prochaine \u00e9lection ne soit pas totalement aspir\u00e9e par ces sujets.\u00a0\u00bb Et de poursuivre : \u00ab\u00a0Il s\u2019agit d\u2019\u00e9viter que, demain, le maire qui gouverne Paris soit <strong>sous le poids de multiples mises en examen<\/strong> qui discr\u00e9diteraient sa parole publique et affaibliraient son autorit\u00e9. On ne construit pas la d\u00e9mocratie sur des mensonges.\u00a0\u00bb<\/p>\n<p class=\" wall-content\">Des paroles aux actes, Anne Hidalgo a conclu en r\u00e9v\u00e9lant qu\u2019un coll\u00e8ge d\u2019experts et de hautes personnalit\u00e9s, allait \u00eatre cr\u00e9\u00e9 au sein de la commission de d\u00e9ontologie de la Ville de Paris (CDVD). \u00ab\u00a0Je demande \u00e0 Patrick Bloche d\u2019y associer l\u2019ensemble des pr\u00e9sidents de groupe, a-t-elle d\u00e9clar\u00e9e. Ils pourront (les experts) se saisir de faits de d\u00e9sinformation, de manipulation, d\u2019ing\u00e9rence, etc.\u00a0\u00bb<\/p>\n<p class=\" wall-content\">Ce coll\u00e8ge, pr\u00e9sid\u00e9 par le pr\u00e9sident de la commission, Yves Charpenel, pourra \u00eatre saisi par \u00ab\u00a0toutes et tous\u00a0\u00bb, a assur\u00e9e la maire. Afin de \u00ab\u00a0garantir aux Parisiens et Pariennes d\u2019avoir un outil leur permettant de savoir si une affirmation, ou un \u00e9l\u00e9ment fait l\u2019objet d\u2019une manipulation ou non.\u00a0\u00bb Et de conclure : \u00ab\u00a0\u00e7a sera <strong>un outil pour d\u00e9fendre la d\u00e9mocratie<\/strong> et la confiance sur le processus \u00e9lectoral.\u00a0\u00bb<\/p>\n<p class=\" wall-content\">Suivez toute l\u2019actualit\u00e9 de vos villes et m\u00e9dias favoris en vous inscrivant \u00e0 <a href=\"https:\/\/moncompte.actu.fr\" title=\"D\u00e9couvez Mon Actu\" rel=\"nofollow noopener\" data-trk=\"{&quot;cta&quot;:{&quot;action&quot;:&quot;https:\\\/\\\/moncompte.actu.fr&quot;,&quot;category&quot;:&quot;mon compte&quot;,&quot;from&quot;:&quot;article footer&quot;,&quot;name&quot;:&quot;Mon actu&quot;,&quot;type&quot;:&quot;cta&quot;}}\" target=\"_blank\">Mon Actu<\/a>.<\/p>\n","protected":false},"excerpt":{"rendered":"Par R\u00e9daction Paris Publi\u00e9 le 2 juil. 2025 \u00e0 17h22 Au deuxi\u00e8me jour de l\u2019assembl\u00e9e d\u00e9lib\u00e9rante de la&hellip;\n","protected":false},"author":2,"featured_media":221479,"comment_status":"","ping_status":"","sticky":false,"template":"","format":"standard","meta":{"footnotes":""},"categories":[1888],"tags":[1111,1928,11,1927,2617,1777,674,1011,27,3434,12,1926,626,1925,417,25,104],"class_list":{"0":"post-221478","1":"post","2":"type-post","3":"status-publish","4":"format-standard","5":"has-post-thumbnail","7":"category-paris","8":"tag-actu","9":"tag-actu-paris","10":"tag-actualites","11":"tag-actualites-paris","12":"tag-conseil-de-paris","13":"tag-eu","14":"tag-europe","15":"tag-fr","16":"tag-france","17":"tag-municipales-2026","18":"tag-news","19":"tag-news-paris","20":"tag-paris","21":"tag-paris-news","22":"tag-rachida-dati","23":"tag-republique-francaise","24":"tag-societe"},"share_on_mastodon":{"url":"https:\/\/pubeurope.com\/@fr\/114785499411975458","error":""},"_links":{"self":[{"href":"https:\/\/www.europesays.com\/fr\/wp-json\/wp\/v2\/posts\/221478","targetHints":{"allow":["GET"]}}],"collection":[{"href":"https:\/\/www.europesays.com\/fr\/wp-json\/wp\/v2\/posts"}],"about":[{"href":"https:\/\/www.europesays.com\/fr\/wp-json\/wp\/v2\/types\/post"}],"author":[{"embeddable":true,"href":"https:\/\/www.europesays.com\/fr\/wp-json\/wp\/v2\/users\/2"}],"replies":[{"embeddable":true,"href":"https:\/\/www.europesays.com\/fr\/wp-json\/wp\/v2\/comments?post=221478"}],"version-history":[{"count":0,"href":"https:\/\/www.europesays.com\/fr\/wp-json\/wp\/v2\/posts\/221478\/revisions"}],"wp:featuredmedia":[{"embeddable":true,"href":"https:\/\/www.europesays.com\/fr\/wp-json\/wp\/v2\/media\/221479"}],"wp:attachment":[{"href":"https:\/\/www.europesays.com\/fr\/wp-json\/wp\/v2\/media?parent=221478"}],"wp:term":[{"taxonomy":"category","embeddable":true,"href":"https:\/\/www.europesays.com\/fr\/wp-json\/wp\/v2\/categories?post=221478"},{"taxonomy":"post_tag","embeddable":true,"href":"https:\/\/www.europesays.com\/fr\/wp-json\/wp\/v2\/tags?post=221478"}],"curies":[{"name":"wp","href":"https:\/\/api.w.org\/{rel}","templated":true}]}}