{"id":221488,"date":"2025-07-02T20:25:22","date_gmt":"2025-07-02T20:25:22","guid":{"rendered":"https:\/\/www.europesays.com\/fr\/221488\/"},"modified":"2025-07-02T20:25:22","modified_gmt":"2025-07-02T20:25:22","slug":"lukraine-appelle-a-une-aide-militaire-continue-des-etats-unis-apres-larret-de-certaines-livraisons-darmes-02-07-2025-a-2127","status":"publish","type":"post","link":"https:\/\/www.europesays.com\/fr\/221488\/","title":{"rendered":"L&rsquo;Ukraine appelle \u00e0 une aide militaire \u00ab\u00a0continue\u00a0\u00bb des Etats-Unis, apr\u00e8s l&rsquo;arr\u00eat de certaines livraisons d&rsquo;armes &#8211; 02\/07\/2025 \u00e0 21:27"},"content":{"rendered":"<p>        <img fetchpriority=\"high\" decoding=\"async\" src=\"https:\/\/www.europesays.com\/fr\/wp-content\/uploads\/2025\/07\/c51e543314f3d4ca0fcbf88a585635f7-760x507.jpg\" alt=\"Le pr\u00e9sident ukrainien Volodymyr Zelensky au Conseil de l'Europe \u00e0 Strasbourg le 25 juin 2025 ( AFP \/ FREDERICK FLORIN )\" loading=\"eager\" width=\"760\" height=\"507\" style=\"max-width: 100%!important; height: auto;\"\/><\/p>\n<p class=\"c-image-news__legend\">Le pr\u00e9sident ukrainien Volodymyr Zelensky au Conseil de l&rsquo;Europe \u00e0 Strasbourg le 25 juin 2025 ( AFP \/ FREDERICK FLORIN )<\/p>\n<p>\n L&rsquo;Ukraine a appel\u00e9 mercredi les Etats-Unis \u00e0 maintenir un soutien militaire \u00ab\u00a0continu\u00a0\u00bb apr\u00e8s l&rsquo;annonce surprise de l&rsquo;arr\u00eat de la livraison de certaines armes \u00e0 Kiev, un coup dur au moment o\u00f9 la Russie intensifie ses frappes en l&rsquo;absence d&rsquo;avanc\u00e9es diplomatiques pour r\u00e9gler le conflit.\n<\/p>\n<p>\n Donald Trump s&rsquo;est rapproch\u00e9 depuis janvier de son homologue russe Vladimir Poutine, mettant la pression pour obtenir un arr\u00eat des combats, sans toutefois parvenir \u00e0 des progr\u00e8s concrets.\n<\/p>\n<p>\n Mardi, de fa\u00e7on inattendue, son gouvernement a annonc\u00e9 avoir cess\u00e9 de fournir certaines armes \u00e0 Kiev, officiellement en raison d&rsquo;une inqui\u00e9tude quant \u00e0 la baisse des stocks de munitions am\u00e9ricains.\n<\/p>\n<p>\n Les Etats-Unis sont le premier soutien militaire de l&rsquo;Ukraine depuis le d\u00e9but de l&rsquo;invasion russe en f\u00e9vrier 2022.\n<\/p>\n<p> &#8211; Appel \u00e0 un \u00ab\u00a0soutien am\u00e9ricain continu\u00a0\u00bb &#8211;<\/p>\n<p>\n Leurs armes, leurs munitions et leurs \u00e9quipements &#8211; en plus de leur renseignement &#8211; ont permis aux forces ukrainiennes de contenir les soldats russes, qui occupent toutefois pr\u00e8s de 20% du territoire ukrainien.\n<\/p>\n<p>\n L&rsquo;Ukraine reste \u00ab\u00a0s\u00e9rieusement d\u00e9pendante\u00a0\u00bb des livraisons militaires am\u00e9ricaines, a dit \u00e0 l&rsquo;AFP un officier de haut rang de l&rsquo;arm\u00e9e ukrainienne, sous couvert d&rsquo;anonymat.\n<\/p>\n<p>\n \u00ab\u00a0L&rsquo;Europe fait du mieux qu&rsquo;elle peut mais ce sera dur pour nous sans les munitions am\u00e9ricaines\u00a0\u00bb, a-t-il ajout\u00e9.\n<\/p>\n<p>\n La port\u00e9e de cette d\u00e9cision am\u00e9ricaine n&rsquo;est toutefois pas limpide, pour l&rsquo;heure.\n<\/p>\n<p>\n Mercredi soir, le pr\u00e9sident ukrainien Volodymyr Zelensky a affirm\u00e9 que Washington et Kiev travaillaient actuellement pour \u00ab\u00a0clarifier tous les d\u00e9tails\u00a0\u00bb concernant l&rsquo;aide militaire toujours fournie par les Etats-Unis, \u00ab\u00a0y compris des composants pour la d\u00e9fense antia\u00e9rienne\u00a0\u00bb.\n<\/p>\n<p>\n \u00ab\u00a0Le soutien am\u00e9ricain continu \u00e0 l&rsquo;Ukraine, \u00e0 notre d\u00e9fense et \u00e0 notre peuple est dans notre int\u00e9r\u00eat commun\u00a0\u00bb, a-t-il assur\u00e9.\n<\/p>\n<p>\n Plus t\u00f4t, le minist\u00e8re ukrainien de la D\u00e9fense avait dit ne pas s&rsquo;\u00eatre vu notifier \u00ab\u00a0officiellement\u00a0\u00bb cette d\u00e9cision par les Am\u00e9ricains.\n<\/p>\n<p>\n La diplomatie ukrainienne avait quant \u00e0 elle convoqu\u00e9 dans la matin\u00e9e le charg\u00e9 d&rsquo;affaires am\u00e9ricain, John Ginkel, pour lui rappeler que \u00ab\u00a0tout retard ou d\u00e9lai dans le soutien aux capacit\u00e9s de d\u00e9fense de l&rsquo;Ukraine ne ferait qu&rsquo;encourager l&rsquo;agresseur \u00e0 poursuivre la guerre et la terreur\u00a0\u00bb.\n<\/p>\n<p> &#8211; Le Patriot, \u00ab\u00a0une arme essentielle\u00a0\u00bb &#8211;<\/p>\n<p>\n D&rsquo;apr\u00e8s Politico et d&rsquo;autres m\u00e9dias am\u00e9ricains, les Etats-Unis veulent notamment mettre fin \u00e0 la livraison des syst\u00e8mes de d\u00e9fense antia\u00e9rienne Patriot, de pi\u00e8ces d&rsquo;artillerie de pr\u00e9cision et de missiles Hellfire.\n<\/p>\n<p>        <img decoding=\"async\" src=\"https:\/\/www.europesays.com\/fr\/wp-content\/uploads\/2025\/07\/cfc1a0aba1dabd0ecb5ee65ce7c98094-760x505.jpg\" alt=\"Tirs de d\u00e9fense antia\u00e9rienne lors d'une attaque russe le 23 juin 2025 sur Kiev ( AFP \/ Sergei SUPINSKY )\" loading=\"eager\" width=\"760\" height=\"505\" style=\"max-width: 100%!important; height: auto;\"\/><\/p>\n<p class=\"c-image-news__legend\">Tirs de d\u00e9fense antia\u00e9rienne lors d&rsquo;une attaque russe le 23 juin 2025 sur Kiev ( AFP \/ Sergei SUPINSKY )<\/p>\n<p>\n Or, Volodymyr Zelensky demandait justement ces derni\u00e8res semaines \u00e0 Donald Trump de lui vendre des Patriot (en plus de ceux d\u00e9j\u00e0 fournis) pour pouvoir contrer plus efficacement les attaques russes quotidiennes de missiles et de drones.\n<\/p>\n<p>\n Il s&rsquo;en \u00e9tait une nouvelle fois ouvert \u00e0 son homologue am\u00e9ricain au cours de leur derni\u00e8re entrevue, en marge du sommet de l&rsquo;Otan \u00e0 La Haye, le 25 juin, mais celui-ci s&rsquo;\u00e9tait montr\u00e9 \u00e9vasif sur le sujet, estimant que Washington \u00ab\u00a0en a \u00e9galement besoin\u00a0\u00bb.\n<\/p>\n<p>\n Le Patriot est \u00ab\u00a0une arme essentielle\u00a0\u00bb que l&rsquo;Ukraine ne peut remplacer pour l&rsquo;instant et, s&rsquo;il vient \u00e0 manquer, \u00ab\u00a0les missiles russes d\u00e9truiront les villes ukrainiennes\u00a0\u00bb, a mis en garde Mykhailo Samus, le directeur du New Geopolitics Research Network, un groupe de r\u00e9flexion \u00e0 Kiev.\n<\/p>\n<p>\n Dans la soir\u00e9e, le ministre ukrainien des Affaires \u00e9trang\u00e8res, Andri\u00ef Sybiga, a \u00e0 cet \u00e9gard r\u00e9affirm\u00e9 que son pays \u00e9tait pr\u00eat \u00e0 \u00ab\u00a0acheter ou louer\u00a0\u00bb des syst\u00e8mes de d\u00e9fense antia\u00e9rienne pour faire face \u00ab\u00a0\u00e0 la grande quantit\u00e9 de drones, bombes et missiles\u00a0\u00bb russes dont il est la cible.\n<\/p>\n<p>\n Dans la population ukrainienne, l&rsquo;annonce am\u00e9ricaine a \u00e9t\u00e9 accueillie avec une certaine appr\u00e9hension.\n<\/p>\n<p> &#8211; Le Kremlin satisfait &#8211;<\/p>\n<p>\n \u00ab\u00a0Ce sera encore plus effrayant, encore plus douloureux et encore plus de civils souffriront\u00a0\u00bb, a ainsi comment\u00e9 aupr\u00e8s de l&rsquo;AFP Yevguenia Pryssiajna, une habitante de Kiev, d\u00e9non\u00e7ant l&rsquo;augmentation du nombre des frappes nocturnes russes.\n<\/p>\n<p>\n \u00ab\u00a0L&rsquo;Ukraine est livr\u00e9e \u00e0 Poutine\u00a0\u00bb, a de son c\u00f4t\u00e9 r\u00e9agi Andri\u00ef Novitski, un ouvrier de 53 ans.\n<\/p>\n<p>\n Le Kremlin, sans surprise, s&rsquo;est en revanche f\u00e9licit\u00e9 de cette situation, consid\u00e9rant que cela rapprochait la Russie et l&rsquo;Ukraine de la fin du conflit.\n<\/p>\n<p>        <img decoding=\"async\" src=\"https:\/\/www.europesays.com\/fr\/wp-content\/uploads\/2025\/07\/b9bf692c74aa65c187ca3ae72e4fd74d-760x507.jpg\" alt=\"Volodymyr Zelensky et Donald Trump au sommet de l'Otan \u00e0 La Haye le 25 juin 2025 ( UKRAINIAN PRESIDENTIAL PRESS SERVICE \/ Handout )\" loading=\"eager\" width=\"760\" height=\"507\" style=\"max-width: 100%!important; height: auto;\"\/><\/p>\n<p class=\"c-image-news__legend\">Volodymyr Zelensky et Donald Trump au sommet de l&rsquo;Otan \u00e0 La Haye le 25 juin 2025 ( UKRAINIAN PRESIDENTIAL PRESS SERVICE \/ Handout )<\/p>\n<p>\n \u00ab\u00a0Moins il y a d&rsquo;armes livr\u00e9es \u00e0 l&rsquo;Ukraine, plus proche est la fin de l&rsquo;op\u00e9ration militaire sp\u00e9ciale\u00a0\u00bb, le nom officiellement donn\u00e9 par les autorit\u00e9s russes \u00e0 l&rsquo;invasion du territoire ukrainien, a lanc\u00e9 le porte-parole de Vladimir Poutine, Dmitri Peskov.\n<\/p>\n<p>\n Pour Shashank Joshi, un expert de l&rsquo;Institut RUSI \u00e0 Londres, la d\u00e9cision am\u00e9ricaine rend \u00e0 l&rsquo;inverse \u00ab\u00a0de moins en moins probable que la Russie se donne la peine de n\u00e9gocier s\u00e9rieusement\u00a0\u00bb.\n<\/p>\n<p>\n Russes et Ukrainiens ont eu le 16 mai puis le 2 juin deux cycles de pourparlers en Turquie qui n&rsquo;ont pas abouti \u00e0 une perc\u00e9e majeure, tant les positions restent irr\u00e9conciliables.\n<\/p>\n<p>\n Un troisi\u00e8me cycle n&rsquo;a d&rsquo;ailleurs toujours pas \u00e9t\u00e9 annonc\u00e9.<\/p>\n","protected":false},"excerpt":{"rendered":"Le pr\u00e9sident ukrainien Volodymyr Zelensky au Conseil de l&rsquo;Europe \u00e0 Strasbourg le 25 juin 2025 ( AFP \/&hellip;\n","protected":false},"author":2,"featured_media":221489,"comment_status":"","ping_status":"","sticky":false,"template":"","format":"standard","meta":{"footnotes":""},"categories":[1590],"tags":[400,11,398,408,405,1777,674,403,402,399,404,12,401,406,220,407],"class_list":{"0":"post-221488","1":"post","2":"type-post","3":"status-publish","4":"format-standard","5":"has-post-thumbnail","7":"category-ukraine","8":"tag-action-cac-40","9":"tag-actualites","10":"tag-bourse-de-paris","11":"tag-boursorama","12":"tag-cotations","13":"tag-eu","14":"tag-europe","15":"tag-indices-devises","16":"tag-investir","17":"tag-investissement","18":"tag-marche-boursier","19":"tag-news","20":"tag-sicav","21":"tag-trackers","22":"tag-ukraine","23":"tag-warrants"},"share_on_mastodon":{"url":"https:\/\/pubeurope.com\/@fr\/114785519225534785","error":""},"_links":{"self":[{"href":"https:\/\/www.europesays.com\/fr\/wp-json\/wp\/v2\/posts\/221488","targetHints":{"allow":["GET"]}}],"collection":[{"href":"https:\/\/www.europesays.com\/fr\/wp-json\/wp\/v2\/posts"}],"about":[{"href":"https:\/\/www.europesays.com\/fr\/wp-json\/wp\/v2\/types\/post"}],"author":[{"embeddable":true,"href":"https:\/\/www.europesays.com\/fr\/wp-json\/wp\/v2\/users\/2"}],"replies":[{"embeddable":true,"href":"https:\/\/www.europesays.com\/fr\/wp-json\/wp\/v2\/comments?post=221488"}],"version-history":[{"count":0,"href":"https:\/\/www.europesays.com\/fr\/wp-json\/wp\/v2\/posts\/221488\/revisions"}],"wp:featuredmedia":[{"embeddable":true,"href":"https:\/\/www.europesays.com\/fr\/wp-json\/wp\/v2\/media\/221489"}],"wp:attachment":[{"href":"https:\/\/www.europesays.com\/fr\/wp-json\/wp\/v2\/media?parent=221488"}],"wp:term":[{"taxonomy":"category","embeddable":true,"href":"https:\/\/www.europesays.com\/fr\/wp-json\/wp\/v2\/categories?post=221488"},{"taxonomy":"post_tag","embeddable":true,"href":"https:\/\/www.europesays.com\/fr\/wp-json\/wp\/v2\/tags?post=221488"}],"curies":[{"name":"wp","href":"https:\/\/api.w.org\/{rel}","templated":true}]}}