{"id":221494,"date":"2025-07-02T20:28:10","date_gmt":"2025-07-02T20:28:10","guid":{"rendered":"https:\/\/www.europesays.com\/fr\/221494\/"},"modified":"2025-07-02T20:28:10","modified_gmt":"2025-07-02T20:28:10","slug":"marche-des-fiertes-pas-un-chapiteau-de-cirque-tolle-en-allemagne-apres-les-propos-du-chancelier-friedrich-merz-sur-le-drapeau-lgbt","status":"publish","type":"post","link":"https:\/\/www.europesays.com\/fr\/221494\/","title":{"rendered":"Marche des fiert\u00e9s\u00a0: \u00ab\u00a0Pas un chapiteau de cirque\u00a0\u00bb\u2026 Toll\u00e9 en Allemagne apr\u00e8s les propos du chancelier Friedrich Merz sur le drapeau LGBT +"},"content":{"rendered":"<p>\n                                                                    l&rsquo;essentiel<br \/>\n                                                                Le chancelier allemand est au c\u0153ur d\u2019une pol\u00e9mique outre-Rhin apr\u00e8s des propos sur le drapeau arc-en-ciel qu\u2019il refuse de voir sur le Parlement \u00e0 l\u2019occasion de la marche des fiert\u00e9s \u00e0 Berlin.\n                            <\/p>\n<p>\u00c0 Berlin, la marche des fiert\u00e9s est programm\u00e9e cette ann\u00e9e pour le 26\u00a0juillet. Et contrairement aux autres ann\u00e9es, la pr\u00e9sidente du Bundestag refuse de hisser le drapeau arc-en-ciel sur le fronton de l\u2019\u00e9difice. Un choix approuv\u00e9 par<a href=\"http:\/\/ladepeche.fr\/2025\/02\/13\/portrait-elections-legislatives-en-allemagne-qui-est-friedrich-merz-le-favori-pour-diriger-lallemagne-12508925.php\" target=\"_blank\" rel=\"nofollow noopener\"> le nouveau chancelier allemand Friedrich Mer<\/a>z, issu des rangs conservateurs de l\u2019Union chr\u00e9tienne-d\u00e9mocrate.<\/p>\n<p class=\"std-elt__inline\">\n        <strong>\u00c0 lire aussi :<\/strong><br \/>\n        <a href=\"https:\/\/www.ladepeche.fr\/2025\/06\/27\/cinq-symboles-lgbt-a-reperer-lors-de-la-marche-des-fiertes-12791346.php\" rel=\"nofollow noopener\" target=\"_blank\">Cinq symboles LGBT+ \u00e0 rep\u00e9rer lors de la marche des fiert\u00e9s<\/a>\n    <\/p>\n<p>\u00ab\u00a0C\u2019est la bonne d\u00e9cision [\u2026] Le Bundestag n\u2019est pas un chapiteau de cirque, o\u00f9 l\u2019on peut hisser des drapeaux comme bon nous semble\u00a0\u00bb, a indiqu\u00e9 le successeur d\u2019Olaf Scholz, ce mardi 1er\u00a0juin, lors d\u2019un entretien accord\u00e9 \u00e0 la cha\u00eene publique ARD.<\/p>\n<p>Des propos qui ne passent pas aupr\u00e8s de la principale association LGBT +\u00a0du pays, qui \u00e9voque \u00ab\u00a0un d\u00e9rapage\u00a0\u00bb, mais aussi aupr\u00e8s d\u2019une partie de la classe politique locale, y compris au sein de l\u2019actuelle majorit\u00e9.<\/p>\n<p class=\"std-elt__inline\">\n        <strong>\u00c0 lire aussi :<\/strong><br \/>\n        <a href=\"https:\/\/www.ladepeche.fr\/2025\/06\/06\/marches-des-fiertes-la-honte-et-la-peur-doivent-changer-de-camp-letat-plaide-pour-la-systematisation-des-plaintes-contre-les-actes-lgbtphobes-en-12741239.php\" rel=\"nofollow noopener\" target=\"_blank\">Marches des Fiert\u00e9s\u00a0: \u00ab\u00a0La honte et la peur doivent changer de camp\u00a0\u00bb\u2026 L\u2019Etat plaide pour la syst\u00e9matisation des plaintes contre les actes LGBTphobes, en hausse<\/a>\n    <\/p>\n<p>Sophie Koch, charg\u00e9e des questions homosexuelles au gouvernement, a ainsi rappel\u00e9 que les personnes font \u00ab\u00a0partie int\u00e9grante de notre soci\u00e9t\u00e9\u00a0\u00bb, et que le drapeau arc-en-ciel sur le Bundestag aurait envoy\u00e9 \u00ab\u00a0un engagement puissant de l\u2019Etat\u00a0\u00bb.<\/p>\n<p>\u00ab\u00a0Je rappelle au chancelier qu\u2019il parle d\u2019un groupe pers\u00e9cut\u00e9 sous le national-socialisme et qui a \u00e9t\u00e9 longtemps r\u00e9prim\u00e9 et criminalis\u00e9\u00a0\u00bb, y compris du temps de la RFA (1949-1990) a ajout\u00e9 sur ZDF Andre Lehman, pr\u00e9sident de la <a href=\"http:\/\/Je%20rappelle%20au%20chancelier%20qu&#039;il%20parle%20d&#039;un%20groupe%20pers%C3%A9cut%C3%A9%20sous%20le%20national-socialisme%20et%20qui%20a%20%C3%A9t%C3%A9%20longtemps%20r%C3%A9prim%C3%A9%20et%20criminalis%C3%A9%C2%BB%20y%20compris%20du%20temps%20de%20la%20RFA%20(1949-1990)%20a%20ajout%C3%A9%20sur%20ZDF%20Andre%20Lehman,%20pr%C3%A9sident%20de%20la%20f%C3%A9d%C3%A9ration%20LSVD.\" target=\"_blank\" rel=\"nofollow\">f\u00e9d\u00e9ration LSVD<\/a>.<\/p>\n<blockquote data-class=\"twitter-tweet\">\n<p lang=\"de\" dir=\"ltr\">Friedrich Merz hat offenbar das Talent, von Fettnapf zu Fettnapf zu gehen &amp; dabei Menschen vor den Kopf zu sto\u00dfen. Der Bundestag ist das Parlament der B\u00fcrgerinnen &amp;  B\u00fcrger. Die Regenbogenfahne repr\u00e4sentiert eine Gruppe, die vermehrt von Anfeindungen, Gewalt &amp; Hass betroffen ist. <a href=\"https:\/\/t.co\/gE57mUgHdj\" rel=\"nofollow\">pic.twitter.com\/gE57mUgHdj<\/a><\/p>\n<p>\u2014 Britta Ha\u00dfelmann (@BriHasselmann) <a href=\"https:\/\/twitter.com\/BriHasselmann\/status\/1940109307959517281?ref_src=twsrc%5Etfw\" rel=\"nofollow noopener\" target=\"_blank\">July 1, 2025<\/a><\/p><\/blockquote>\n<p>Au sein de l\u2019opposition de gauche, la patronne du groupe parlementaires des Verts, Britta Hasselmann, a ironis\u00e9 sur X \u00e0 propos du \u00ab\u00a0talent\u00a0\u00bb de Friedrich\u00a0de \u00ab\u00a0faire gaffe sur gaffe et de heurter les gens\u00a0\u00bb.<\/p>\n<p>De son c\u00f4t\u00e9, la pr\u00e9sidente du Bundestag\u00a0Julia Kl\u00f6ckner avait, pour expliquer son refus, indiqu\u00e9 que le drapeau arc-en-ciel avait d\u00e9j\u00e0 \u00e9t\u00e9 hiss\u00e9 le 17\u00a0mai, journ\u00e9e internationale contre l\u2019homophobie.<\/p>\n<p>                                                                                                                                                                                                        <script async src=\"https:\/\/platform.twitter.com\/widgets.js\" charset=\"utf-8\"><\/script><\/p>\n","protected":false},"excerpt":{"rendered":"l&rsquo;essentiel Le chancelier allemand est au c\u0153ur d\u2019une pol\u00e9mique outre-Rhin apr\u00e8s des propos sur le drapeau arc-en-ciel qu\u2019il&hellip;\n","protected":false},"author":2,"featured_media":221495,"comment_status":"","ping_status":"","sticky":false,"template":"","format":"standard","meta":{"footnotes":""},"categories":[1587],"tags":[11,672,1804,1805,1803,1777,674,1801,12,1802],"class_list":{"0":"post-221494","1":"post","2":"type-post","3":"status-publish","4":"format-standard","5":"has-post-thumbnail","7":"category-allemagne","8":"tag-actualites","9":"tag-allemagne","10":"tag-bundesrepublik-deutschland","11":"tag-de","12":"tag-deutschland","13":"tag-eu","14":"tag-europe","15":"tag-germany","16":"tag-news","17":"tag-republique-federale-dallemagne"},"share_on_mastodon":{"url":"https:\/\/pubeurope.com\/@fr\/114785531463132514","error":""},"_links":{"self":[{"href":"https:\/\/www.europesays.com\/fr\/wp-json\/wp\/v2\/posts\/221494","targetHints":{"allow":["GET"]}}],"collection":[{"href":"https:\/\/www.europesays.com\/fr\/wp-json\/wp\/v2\/posts"}],"about":[{"href":"https:\/\/www.europesays.com\/fr\/wp-json\/wp\/v2\/types\/post"}],"author":[{"embeddable":true,"href":"https:\/\/www.europesays.com\/fr\/wp-json\/wp\/v2\/users\/2"}],"replies":[{"embeddable":true,"href":"https:\/\/www.europesays.com\/fr\/wp-json\/wp\/v2\/comments?post=221494"}],"version-history":[{"count":0,"href":"https:\/\/www.europesays.com\/fr\/wp-json\/wp\/v2\/posts\/221494\/revisions"}],"wp:featuredmedia":[{"embeddable":true,"href":"https:\/\/www.europesays.com\/fr\/wp-json\/wp\/v2\/media\/221495"}],"wp:attachment":[{"href":"https:\/\/www.europesays.com\/fr\/wp-json\/wp\/v2\/media?parent=221494"}],"wp:term":[{"taxonomy":"category","embeddable":true,"href":"https:\/\/www.europesays.com\/fr\/wp-json\/wp\/v2\/categories?post=221494"},{"taxonomy":"post_tag","embeddable":true,"href":"https:\/\/www.europesays.com\/fr\/wp-json\/wp\/v2\/tags?post=221494"}],"curies":[{"name":"wp","href":"https:\/\/api.w.org\/{rel}","templated":true}]}}