{"id":221498,"date":"2025-07-02T20:30:12","date_gmt":"2025-07-02T20:30:12","guid":{"rendered":"https:\/\/www.europesays.com\/fr\/221498\/"},"modified":"2025-07-02T20:30:12","modified_gmt":"2025-07-02T20:30:12","slug":"lunion-europeenne-maintient-un-cap-ambitieux-avec-des-bemols","status":"publish","type":"post","link":"https:\/\/www.europesays.com\/fr\/221498\/","title":{"rendered":"l&rsquo;Union europ\u00e9enne maintient un cap ambitieux, avec des b\u00e9mols"},"content":{"rendered":"<p>En pleine canicule aussi pr\u00e9coce qu&rsquo;intense sur l&rsquo;Europe, la Commission europ\u00e9enne propose, mercredi 2 juillet, de r\u00e9duire ses \u00e9missions de gaz \u00e0 effet de serre de 90% d&rsquo;ici 2040 par rapport \u00e0 1990, avant de viser la neutralit\u00e9 carbone \u00e0 horizon 2050. Cet objectif est ambitieux et il s&rsquo;inscrit au c\u0153ur de la politique europ\u00e9enne. Il donnera lieu ensuite \u00e0 de nombreuses l\u00e9gislations pour transformer l&rsquo;industrie, les transports ou l&rsquo;agriculture. Mais il n&rsquo;a pas \u00e9t\u00e9 simple de trouver un compromis.<\/p>\n<p>Apr\u00e8s des mois de n\u00e9gociations difficiles, la Commission europ\u00e9enne propose une <a href=\"https:\/\/www.rfi.fr\/fr\/tag\/changement-climatique\/\" rel=\"nofollow noopener\" target=\"_blank\" data-ylk=\"slk:baisse des \u00e9missions;elm:context_link;itc:0;sec:content-canvas\" class=\"link \"><strong>baisse des \u00e9missions<\/strong><\/a> de 90% en 2040. C&rsquo;est ce que pr\u00e9conisaient les scientifiques, et c&rsquo;est strat\u00e9gique pour les Vingt-Sept, estime le commissaire europ\u00e9en en charge du climat, Wopke Hoekstra.<\/p>\n<p>\u00ab Il s&rsquo;agit de prot\u00e9ger notre population et notre \u00e9conomie des catastrophes et du changement climatique, rappelle Wopke Hoekstra. C&rsquo;est pour garantir notre ind\u00e9pendance, alors que l&rsquo;Union europ\u00e9enne (UE) paye encore des milliards d&rsquo;euros chaque ann\u00e9e pour importer du p\u00e9trole et du gaz. Et c&rsquo;est pour la comp\u00e9titivit\u00e9 de nos entreprises. Cela va acc\u00e9l\u00e9rer les investissements dans l&rsquo;innovation et d\u00e9velopper les emplois verts. On est clairement ambitieux. \u00bb<\/p>\n<p>Mais dans un contexte g\u00e9opolitique et \u00e9conomique tendu, et avec une Europe de plus en plus \u00e0 droite, de nombreux \u00c9tats ont tent\u00e9 de saper cette ambition ces derni\u00e8res semaines.<\/p>\n<p>Le recours aux cr\u00e9dits carbone critiqu\u00e9<\/p>\n<p>Bruxelles esp\u00e8re arriver \u00e0 un consensus d\u00e8s le mois de septembre, \u00e0 temps pour pr\u00e9parer la COP en fin d&rsquo;ann\u00e9e.<\/p>\n<p><a href=\"https:\/\/www.rfi.fr\/fr\/europe\/20250702-lutte-contre-le-changement-climatique-l-union-europ%C3%A9enne-maintient-un-cap-ambitieux-avec-des-b%C3%A9mols\" rel=\"nofollow noopener\" target=\"_blank\" data-ylk=\"slk:Lire la suite sur RFI;elm:context_link;itc:0;sec:content-canvas\" class=\"link \">Lire la suite sur RFI<\/a><\/p>\n","protected":false},"excerpt":{"rendered":"En pleine canicule aussi pr\u00e9coce qu&rsquo;intense sur l&rsquo;Europe, la Commission europ\u00e9enne propose, mercredi 2 juillet, de r\u00e9duire ses&hellip;\n","protected":false},"author":2,"featured_media":221499,"comment_status":"","ping_status":"","sticky":false,"template":"","format":"standard","meta":{"footnotes":""},"categories":[1586],"tags":[11,2196,1777,674,1779,1011,27,16743,12,25,1778,364,36040],"class_list":{"0":"post-221498","1":"post","2":"type-post","3":"status-publish","4":"format-standard","5":"has-post-thumbnail","7":"category-europe","8":"tag-actualites","9":"tag-commission-europeenne","10":"tag-eu","11":"tag-europe","12":"tag-european-union","13":"tag-fr","14":"tag-france","15":"tag-gaz-a-effet-de-serre","16":"tag-news","17":"tag-republique-francaise","18":"tag-ue","19":"tag-union-europeenne","20":"tag-wopke-hoekstra"},"share_on_mastodon":{"url":"https:\/\/pubeurope.com\/@fr\/114785538814842038","error":""},"_links":{"self":[{"href":"https:\/\/www.europesays.com\/fr\/wp-json\/wp\/v2\/posts\/221498","targetHints":{"allow":["GET"]}}],"collection":[{"href":"https:\/\/www.europesays.com\/fr\/wp-json\/wp\/v2\/posts"}],"about":[{"href":"https:\/\/www.europesays.com\/fr\/wp-json\/wp\/v2\/types\/post"}],"author":[{"embeddable":true,"href":"https:\/\/www.europesays.com\/fr\/wp-json\/wp\/v2\/users\/2"}],"replies":[{"embeddable":true,"href":"https:\/\/www.europesays.com\/fr\/wp-json\/wp\/v2\/comments?post=221498"}],"version-history":[{"count":0,"href":"https:\/\/www.europesays.com\/fr\/wp-json\/wp\/v2\/posts\/221498\/revisions"}],"wp:featuredmedia":[{"embeddable":true,"href":"https:\/\/www.europesays.com\/fr\/wp-json\/wp\/v2\/media\/221499"}],"wp:attachment":[{"href":"https:\/\/www.europesays.com\/fr\/wp-json\/wp\/v2\/media?parent=221498"}],"wp:term":[{"taxonomy":"category","embeddable":true,"href":"https:\/\/www.europesays.com\/fr\/wp-json\/wp\/v2\/categories?post=221498"},{"taxonomy":"post_tag","embeddable":true,"href":"https:\/\/www.europesays.com\/fr\/wp-json\/wp\/v2\/tags?post=221498"}],"curies":[{"name":"wp","href":"https:\/\/api.w.org\/{rel}","templated":true}]}}