{"id":221506,"date":"2025-07-02T20:34:15","date_gmt":"2025-07-02T20:34:15","guid":{"rendered":"https:\/\/www.europesays.com\/fr\/221506\/"},"modified":"2025-07-02T20:34:15","modified_gmt":"2025-07-02T20:34:15","slug":"debut-de-saison-catastrophique-pour-les-clubs-de-golf-de-la-region","status":"publish","type":"post","link":"https:\/\/www.europesays.com\/fr\/221506\/","title":{"rendered":"D\u00e9but de saison catastrophique pour les clubs de golf de la r\u00e9gion"},"content":{"rendered":"<p class=\"sc-iNIeMn cOQdtk\">La m\u00e9t\u00e9o capricieuse des derni\u00e8res semaines a des cons\u00e9quences importantes pour les clubs de golf du Saguenay-Lac-Saint-Jean.<\/p>\n<p class=\"sc-iNIeMn cOQdtk\">Plusieurs clubs ont d\u00fb fermer leurs portes \u00e0 plusieurs reprises en raison de la pluie et de l&rsquo;accumulation d&rsquo;eau sur les parcours depuis l\u2019ouverture de la saison.<\/p>\n<p class=\"sc-iNIeMn cOQdtk\">Au club Lac-Saint-Jean, situ\u00e9 \u00e0 Saint-G\u00e9d\u00e9on, les installations ont d\u00e9j\u00e0 \u00e9t\u00e9 ferm\u00e9es aux joueurs \u00e0 13\u00a0reprises, du jamais-vu selon le directeur g\u00e9n\u00e9ral G\u00e9rard Lessard. Il estime les pertes financi\u00e8res entre 30\u00a0000\u00a0$ et 50\u00a0000\u00a0$ en raison de ces jours de fermeture forc\u00e9e.<\/p>\n<p class=\"sc-iNIeMn cOQdtk\">Ces possibilit\u00e9s de revenus qui s\u2019envolent en fum\u00e9e comprennent les droits d\u2019acc\u00e8s quotidiens, les concessions alimentaires, incluant la vente de bi\u00e8re et la boutique.<\/p>\n<p class=\"sc-iNIeMn cOQdtk\">Quand tu fermes le terrain, ton restaurant ne fonctionne pas, ton bar ne fonctionne pas, tu n\u2019as pas de location de voiturette, il n\u2019y a pas de champ de pratique et la boutique est ferm\u00e9e, a mentionn\u00e9 G\u00e9rard Lessard en entrevue \u00e0 l\u2019\u00e9mission C\u2019est jamais pareil.<\/p>\n<blockquote class=\"sc-heIBml doEnWU text-gray700 light:text-gray700 dark:text-gray200\">\n<p class=\"sc-leQnM kcgHGh !font-display text-6 leading-5 xsToSm:text-5 font-bold text-gray700 light:text-gray700 dark:text-gray200 font-medium\">Depuis le 8 mai, on est rendu \u00e0 13\u00a0jours de fermeture. C\u2019est du jamais-vu!<\/p>\n<p>Une citation de G\u00e9rard Lessard, directeur g\u00e9n\u00e9ral du club de golf Lac-Saint-Jean<\/p><\/blockquote>\n<p class=\"sc-iNIeMn cOQdtk\">Le club de golf de Chicoutimi subit aussi les soubresauts de m\u00e8re Nature. La direction a d\u00fb se r\u00e9soudre \u00e0 fermer le terrain \u00e0 six reprises depuis le d\u00e9but de la saison, en plus de journ\u00e9es o\u00f9 les vents ont d\u00e9courag\u00e9 plusieurs personnes \u00e0 se pr\u00e9senter au club de golf.<\/p>\n<p class=\"sc-iNIeMn cOQdtk\">On a eu des journ\u00e9es sans pluie avec des vents et \u00e0 3\u00a0degr\u00e9s au mois de mai et au mois de juin. Ce sont des conditions extr\u00eames, donc le joueur quotidien qui vient payer son droit de jeu \u00e0 90\u00a0$. Il ne viendrait pas payer lorsqu\u2019il y a des vents et qu\u2019il fait 3\u00a0degr\u00e9s, a expliqu\u00e9 le directeur g\u00e9n\u00e9ral Carl Bouchard.<\/p>\n<p class=\"sc-iNIeMn cOQdtk\">Selon les donn\u00e9es enregistr\u00e9es \u00e0 la station m\u00e9t\u00e9orologique de Bagotville par Environnement Canada, il est tomb\u00e9 158\u00a0mm de pluie au mois de juin. <\/p>\n<p><a href=\"https:\/\/ici.radio-canada.ca\/ohdio\/premiere\/emissions\/cest-jamais-pareil\/segments\/rattrapage\/2110671\/debut-saison-golf-gache-par-pluie\" class=\"focus-visible:border-blue600 light:focus-visible:border-blue600 dark:focus-visible:border-blue400 peer absolute left-0 top-0 z-1 size-full rounded focus-visible:border-2 focus-visible:border-solid\" aria-label=\"Le d\u00e9but de la saison de golf g\u00e2ch\u00e9 par la pluie.\u00c9MISSION ICI PREMI\u00c8RE.C&#039;est jamais pareil.\" rel=\"nofollow noopener\" target=\"_blank\"><\/p>\n<p>Le d\u00e9but de la saison de golf g\u00e2ch\u00e9 par la pluie<\/p>\n<p>\u00c9MISSION ICI PREMI\u00c8REC&rsquo;est jamais pareil<\/p>\n<p><img decoding=\"async\" alt=\"c'est jamais pareil\" class=\"sc-dgcZxp AMXTg transition-opacity ease-out html-dark:brightness-[.8]\" loading=\"lazy\" src=\"https:\/\/www.europesays.com\/fr\/wp-content\/uploads\/2025\/07\/cest-jamais-pareil.jpg\"\/><\/p>\n<p>Lancer l\u2019\u00e9coute|10 min<\/p>\n<p class=\"sc-iNIeMn cOQdtk\">Selon Carl Bouchard, qui cite le repr\u00e9sentant provincial des clubs de golf, l\u2019ensemble des terrains du Qu\u00e9bec essuie des pertes financi\u00e8res importantes en raison de la m\u00e9t\u00e9o difficile.<\/p>\n<p class=\"sc-iNIeMn cOQdtk\">Il y a une fin de semaine o\u00f9 on a d\u00fb fermer le vendredi et le dimanche avec des joueurs d\u2019un jour annonc\u00e9s. \u00c0 60\u00a0$ en moyenne, faites le calcul, \u00e7a ne reviendra pas.<\/p>\n<p>Parcours impraticables<\/p>\n<p class=\"sc-iNIeMn cOQdtk\">D\u2019ailleurs, lors de fortes averses de pluie, les parcours deviennent rapidement impraticables.<\/p>\n<p class=\"sc-iNIeMn cOQdtk\">Le terrain devient inond\u00e9. C\u2019est difficile parce que quand le terrain n\u2019est plus capable d\u2019absorber l\u2019eau, on n\u2019a pas le choix de le fermer. On n\u2019est m\u00eame pas capable d\u2019embarquer avec les tondeuses sur le terrain, on briserait tout, a signal\u00e9 le directeur g\u00e9n\u00e9ral du club de golf Lac-Saint-Jean, G\u00e9rard Lessard.<\/p>\n<p class=\"sc-iNIeMn cOQdtk\">Le manque \u00e0 gagner sera difficile \u00e0 rattraper, selon lui, puisqu\u2019il faudrait un nombre plus \u00e9lev\u00e9 de joueurs qu\u2019\u00e0 l\u2019habitude.<\/p>\n<p class=\"sc-iNIeMn cOQdtk\">Mais si la temp\u00e9rature est l\u00e0, c\u2019est s\u00fbr qu\u2019on va pouvoir amoindrir le d\u00e9ficit financier, a pr\u00e9cis\u00e9 M. Lessard.<\/p>\n","protected":false},"excerpt":{"rendered":"La m\u00e9t\u00e9o capricieuse des derni\u00e8res semaines a des cons\u00e9quences importantes pour les clubs de golf du Saguenay-Lac-Saint-Jean. Plusieurs&hellip;\n","protected":false},"author":2,"featured_media":221507,"comment_status":"","ping_status":"","sticky":false,"template":"","format":"standard","meta":{"footnotes":""},"categories":[1418],"tags":[1011,27,1472,60],"class_list":{"0":"post-221506","1":"post","2":"type-post","3":"status-publish","4":"format-standard","5":"has-post-thumbnail","7":"category-golf","8":"tag-fr","9":"tag-france","10":"tag-golf","11":"tag-sports"},"share_on_mastodon":{"url":"https:\/\/pubeurope.com\/@fr\/114785554725642591","error":""},"_links":{"self":[{"href":"https:\/\/www.europesays.com\/fr\/wp-json\/wp\/v2\/posts\/221506","targetHints":{"allow":["GET"]}}],"collection":[{"href":"https:\/\/www.europesays.com\/fr\/wp-json\/wp\/v2\/posts"}],"about":[{"href":"https:\/\/www.europesays.com\/fr\/wp-json\/wp\/v2\/types\/post"}],"author":[{"embeddable":true,"href":"https:\/\/www.europesays.com\/fr\/wp-json\/wp\/v2\/users\/2"}],"replies":[{"embeddable":true,"href":"https:\/\/www.europesays.com\/fr\/wp-json\/wp\/v2\/comments?post=221506"}],"version-history":[{"count":0,"href":"https:\/\/www.europesays.com\/fr\/wp-json\/wp\/v2\/posts\/221506\/revisions"}],"wp:featuredmedia":[{"embeddable":true,"href":"https:\/\/www.europesays.com\/fr\/wp-json\/wp\/v2\/media\/221507"}],"wp:attachment":[{"href":"https:\/\/www.europesays.com\/fr\/wp-json\/wp\/v2\/media?parent=221506"}],"wp:term":[{"taxonomy":"category","embeddable":true,"href":"https:\/\/www.europesays.com\/fr\/wp-json\/wp\/v2\/categories?post=221506"},{"taxonomy":"post_tag","embeddable":true,"href":"https:\/\/www.europesays.com\/fr\/wp-json\/wp\/v2\/tags?post=221506"}],"curies":[{"name":"wp","href":"https:\/\/api.w.org\/{rel}","templated":true}]}}