{"id":221508,"date":"2025-07-02T20:36:13","date_gmt":"2025-07-02T20:36:13","guid":{"rendered":"https:\/\/www.europesays.com\/fr\/221508\/"},"modified":"2025-07-02T20:36:13","modified_gmt":"2025-07-02T20:36:13","slug":"un-joueur-de-vannes-invite-a-quitter-le-club-avec-effet-immediat","status":"publish","type":"post","link":"https:\/\/www.europesays.com\/fr\/221508\/","title":{"rendered":"Un joueur de Vannes invit\u00e9 \u00e0 quitter le club avec effet imm\u00e9diat !"},"content":{"rendered":"<p><strong>Arriv\u00e9 en Bretagne en 2020, le demi de m\u00eal\u00e9e Alexandre Gouaux pourrait tourner la page plus t\u00f4t que pr\u00e9vu. Une r\u00e9siliation de contrat serait en cours de discussion avec le club.<\/strong><\/p>\n<p>Apr\u00e8s quatre saisons pass\u00e9es sous les couleurs du RC Vannes, Alexandre Gouaux semble proche d\u2019un nouveau virage dans sa carri\u00e8re. Bien que li\u00e9 au club breton jusqu\u2019en 2026, le joueur de 26 ans serait engag\u00e9 dans des discussions avanc\u00e9es avec la direction vannetaise en vue d\u2019une rupture anticip\u00e9e de son contrat.<\/p>\n<p>Selon <a href=\"https:\/\/www.letelegramme.fr\/sports\/rugby\/rc-vannes\/rc-vannes-alexandre-gouaux-devrait-resilier-son-contrat-6848120.php\" rel=\"nofollow noopener\" target=\"_blank\">Telegramme<\/a>, les \u00e9changes entre les deux camps seraient bien avanc\u00e9s, et un accord pourrait prochainement \u00eatre trouv\u00e9. Un d\u00e9part qui viendrait mettre un terme \u00e0 une longue aventure commenc\u00e9e en 2020, lorsque le Basque avait pos\u00e9 ses valises \u00e0 La Rabine pour y d\u00e9couvrir le monde professionnel.<\/p>\n<p><strong>Une hi\u00e9rarchie bouch\u00e9e<\/strong><\/p>\n<p>Cette saison, le demi de m\u00eal\u00e9e s\u2019est vu r\u00e9trograd\u00e9 au quatri\u00e8me rang dans la rotation \u00e0 son poste, un recul significatif qui a pes\u00e9 dans sa r\u00e9flexion. Invit\u00e9 \u00e0 envisager d\u2019autres horizons par le staff vannetais, Gouaux aurait donc pris les devants pour relancer sa carri\u00e8re ailleurs.<\/p>\n<p>Form\u00e9 au Pays basque, le num\u00e9ro 9 n\u2019a jamais cach\u00e9 son ambition de retrouver du temps de jeu au plus haut niveau. Si la r\u00e9siliation se concr\u00e9tise, il deviendra libre de tout engagement, pr\u00eat \u00e0 relever un nouveau d\u00e9fi d\u00e8s cet \u00e9t\u00e9.<\/p>\n<p>Pour le RC Vannes, ce d\u00e9part ouvrirait la voie \u00e0 une r\u00e9organisation compl\u00e8te de la charni\u00e8re. Le club pourrait \u00e9galement profiter de cette lib\u00e9ration pour r\u00e9investir sur un profil plus jeune ou exp\u00e9riment\u00e9, dans l\u2019optique de b\u00e2tir la suite de son projet.<\/p>\n","protected":false},"excerpt":{"rendered":"Arriv\u00e9 en Bretagne en 2020, le demi de m\u00eal\u00e9e Alexandre Gouaux pourrait tourner la page plus t\u00f4t que&hellip;\n","protected":false},"author":2,"featured_media":221509,"comment_status":"","ping_status":"","sticky":false,"template":"","format":"standard","meta":{"footnotes":""},"categories":[1416],"tags":[1011,27,479,1468,60],"class_list":{"0":"post-221508","1":"post","2":"type-post","3":"status-publish","4":"format-standard","5":"has-post-thumbnail","7":"category-rugby","8":"tag-fr","9":"tag-france","10":"tag-rugby","11":"tag-rugby-football","12":"tag-sports"},"share_on_mastodon":{"url":"https:\/\/pubeurope.com\/@fr\/114785562385958999","error":""},"_links":{"self":[{"href":"https:\/\/www.europesays.com\/fr\/wp-json\/wp\/v2\/posts\/221508","targetHints":{"allow":["GET"]}}],"collection":[{"href":"https:\/\/www.europesays.com\/fr\/wp-json\/wp\/v2\/posts"}],"about":[{"href":"https:\/\/www.europesays.com\/fr\/wp-json\/wp\/v2\/types\/post"}],"author":[{"embeddable":true,"href":"https:\/\/www.europesays.com\/fr\/wp-json\/wp\/v2\/users\/2"}],"replies":[{"embeddable":true,"href":"https:\/\/www.europesays.com\/fr\/wp-json\/wp\/v2\/comments?post=221508"}],"version-history":[{"count":0,"href":"https:\/\/www.europesays.com\/fr\/wp-json\/wp\/v2\/posts\/221508\/revisions"}],"wp:featuredmedia":[{"embeddable":true,"href":"https:\/\/www.europesays.com\/fr\/wp-json\/wp\/v2\/media\/221509"}],"wp:attachment":[{"href":"https:\/\/www.europesays.com\/fr\/wp-json\/wp\/v2\/media?parent=221508"}],"wp:term":[{"taxonomy":"category","embeddable":true,"href":"https:\/\/www.europesays.com\/fr\/wp-json\/wp\/v2\/categories?post=221508"},{"taxonomy":"post_tag","embeddable":true,"href":"https:\/\/www.europesays.com\/fr\/wp-json\/wp\/v2\/tags?post=221508"}],"curies":[{"name":"wp","href":"https:\/\/api.w.org\/{rel}","templated":true}]}}