{"id":221512,"date":"2025-07-02T20:39:12","date_gmt":"2025-07-02T20:39:12","guid":{"rendered":"https:\/\/www.europesays.com\/fr\/221512\/"},"modified":"2025-07-02T20:39:12","modified_gmt":"2025-07-02T20:39:12","slug":"aide-par-trackhouse-fernandez-retrouve-le-plaisir-et-les-bons-resultats","status":"publish","type":"post","link":"https:\/\/www.europesays.com\/fr\/221512\/","title":{"rendered":"Aid\u00e9 par Trackhouse, Fern\u00e1ndez retrouve le plaisir et les bons r\u00e9sultats"},"content":{"rendered":"<p><a href=\"https:\/\/fr.motorsport.com\/driver\/raul-fernandez\/443094\/\" target=\"_blank\" rel=\"noopener\">Ra\u00fal Fern\u00e1ndez<\/a> retrouve le plaisir de piloter l&rsquo;Aprilia, et cela se traduit dans ses r\u00e9sultats. En d\u00e9but d&rsquo;ann\u00e9e, l&rsquo;Espagnol <a href=\"https:\/\/fr.motorsport.com\/motogp\/news\/raul-fernandez-quete-plaisir-perdu\/10716167\/\" target=\"_blank\" rel=\"noopener\">reconnaissait faire trop d&rsquo;erreurs<\/a> et <a href=\"https:\/\/fr.motorsport.com\/motogp\/news\/raul-fernandez-cours-pas-argent\/10724337\/\" target=\"_blank\" rel=\"noopener\">confiait son \u00ab\u00a0besoin d&rsquo;\u00eatre heureux\u00a0\u00bb<\/a>, ce qui ne semblait plus vraiment \u00eatre le cas entre un manque de sensations et des performances en retrait.<\/p>\n<p>Un cap a \u00e9t\u00e9 franchi au Mans, avec un premier double top 10 en sprint et en course principale, reproduit en Arag\u00f3n et au Mugello, o\u00f9 Fern\u00e1ndez a m\u00eame marqu\u00e9 ses premiers points de l&rsquo;ann\u00e9e le samedi. \u00c0 Assen, un contact au d\u00e9part a endommag\u00e9 son acc\u00e9l\u00e9rateur et l&rsquo;a pouss\u00e9 \u00e0 l&rsquo;abandon mais le lendemain, il a pu prendre de gros points.<\/p>\n<p>Sa 11e place sur la grille ne s&rsquo;est convertie qu&rsquo;en 14e position apr\u00e8s le premier tour, mais les diff\u00e9rents incidents devant l&rsquo;ont aid\u00e9 \u00e0 remonter au huiti\u00e8me rang. Il y est rest\u00e9 jusqu&rsquo;\u00e0 l&rsquo;arriv\u00e9e. Apr\u00e8s ce second top 8 cons\u00e9cutif, Ra\u00fal Fern\u00e1ndez a tenu \u00e0 remercier Justin Marks et Davide Brivio, les patrons de Trackhouse, dont la confiance a \u00e9t\u00e9 pr\u00e9cieuse ces derniers mois.<\/p>\n<p>\u00ab\u00a0Je suis tr\u00e8s content\u00a0\u00bb, a confi\u00e9 le pilote, interrog\u00e9 par le site officiel du MotoGP. \u00ab\u00a0Je pense qu&rsquo;on fait un bon travail. Je suis aussi tr\u00e8s content pour l&rsquo;\u00e9quipe qui m&rsquo;aide toujours beaucoup dans les moments difficiles. Justin et Davide m&rsquo;ont soutenu, surtout en d\u00e9but de saison.\u00a0\u00bb<\/p>\n<p>\u00ab\u00a0J&rsquo;\u00e9tais dans une situation bizarre parce que je ne prenais pas de plaisir et c&rsquo;\u00e9tait assez frustrant parce qu&rsquo;on ne trouvait pas la voie pour \u00eatre rapide et prendre du plaisir sur la moto. Merci \u00e0 Trackhouse parce qu&rsquo;on fait du bon travail depuis le test de Jerez ou depuis la France, on est toujours dans le top 10, on se bat pour de tr\u00e8s bons r\u00e9sultats.\u00a0\u00bb<\/p>\n<p>   <img decoding=\"async\" draggable=\"false\" src=\"https:\/\/www.europesays.com\/fr\/wp-content\/uploads\/2025\/07\/raul-fernandez-trackhouse-raci.jpg\" alt=\"Raul Fernandez, Trackhouse Racing \" width=\"1200\" height=\"800\" loading=\"lazy\"\/> <\/p>\n<p class=\"title\">Ra\u00fal Fern\u00e1ndez<\/p>\n<p class=\"photographer\">Photo de: Trackhouse Racing Team<\/p>\n<p>Davide Brivio a salu\u00e9 les progr\u00e8s de son pilote. \u00ab\u00a0Ra\u00fal a fait du bon travail, une nouvelle fois, il a encore \u00e9t\u00e9 dans le top 10 et on reste sur cette dynamique depuis quelques courses maintenant, ce qui est tr\u00e8s important\u00a0\u00bb, a soulign\u00e9 le team manager de Trackhouse. \u00ab\u00a0C&rsquo;est tr\u00e8s important d&rsquo;\u00eatre constamment \u00e0 cette position et d&rsquo;essayer d&rsquo;aller encore plus haut. Donc encore du bon travail [&#8230;], on continue comme \u00e7a et on essaie de continuer \u00e0 progresser.\u00a0\u00bb<\/p>\n<p>Aux Pays-Bas, Fern\u00e1ndez a \u00e9t\u00e9 \u00e0 la peine dans les premiers tours mais il a fait le dos rond et a fini par trouver de bonnes sensations, ce qui a contribu\u00e9 \u00e0 le faire entrer dans le top 10 : \u00ab\u00a0La course a \u00e9t\u00e9 super bonne. Je suis tr\u00e8s content du rythme.\u00a0\u00bb<\/p>\n<p>\u00ab\u00a0En d\u00e9but de course en particulier, avec le medium \u00e0 l&rsquo;arri\u00e8re, c&rsquo;\u00e9tait un peu dur de faire fonctionner le pneu pour moi, donc j&rsquo;ai pass\u00e9 quatre ou cinq tours sans piloter la moto comme je le voulais. J&rsquo;ai d\u00fb bien chauffer le pneu. Quand j&rsquo;ai senti que le pneu \u00e9tait bon, j&rsquo;ai commenc\u00e9 \u00e0 faire mes chronos, \u00e0 rouler \u00e0 mon rythme.\u00a0\u00bb<\/p>\n<p>\u00ab\u00a0Sinc\u00e8rement, je suis tr\u00e8s content. Mon rythme \u00e9tait une bonne surprise. J&rsquo;ai roul\u00e9 en 1&rsquo;32&Prime;4 et j&rsquo;\u00e9tais tr\u00e8s, tr\u00e8s constant dans les 1&rsquo;32. Je suis content. Je pense qu&rsquo;on est sur la bonne voie pour progresser. Maintenant, je me sens pr\u00eat, je sens que l&rsquo;\u00e9quipe est pr\u00eate. On a besoin d&rsquo;un peu plus d&rsquo;aide de la part d&rsquo;Aprilia pour franchir la derni\u00e8re marche. Je pense qu&rsquo;on fait du bon travail.\u00a0\u00bb<\/p>\n<p>Lire aussi :<\/p>\n<p>Dans cet article<\/p>\n<p>    Vincent Lalanne-Sicaud\n<\/p>\n<p>    MotoGP\n<\/p>\n<p>    Ra\u00fal Fern\u00e1ndez\n<\/p>\n<p>    Trackhouse Racing Team\n<\/p>\n<p>Soyez le premier inform\u00e9 et souscrivez aux alertes mails pour recevoir les infos en temps r\u00e9el<\/p>\n<p>    S&rsquo;abonner aux alertes de news<\/p>\n","protected":false},"excerpt":{"rendered":"Ra\u00fal Fern\u00e1ndez retrouve le plaisir de piloter l&rsquo;Aprilia, et cela se traduit dans ses r\u00e9sultats. En d\u00e9but d&rsquo;ann\u00e9e,&hellip;\n","protected":false},"author":2,"featured_media":221513,"comment_status":"","ping_status":"","sticky":false,"template":"","format":"standard","meta":{"footnotes":""},"categories":[1413],"tags":[33819,1011,27,33818,1457,1456,1458,13596,60,4084],"class_list":{"0":"post-221512","1":"post","2":"type-post","3":"status-publish","4":"format-standard","5":"has-post-thumbnail","7":"category-moto","8":"tag-assen","9":"tag-fr","10":"tag-france","11":"tag-gp-des-pays-bas","12":"tag-moto","13":"tag-motocycle","14":"tag-motogp","15":"tag-rau00fal-fernu00e1ndez","16":"tag-sports","17":"tag-trackhouse-racing-team"},"share_on_mastodon":{"url":"https:\/\/pubeurope.com\/@fr\/114785574228500826","error":""},"_links":{"self":[{"href":"https:\/\/www.europesays.com\/fr\/wp-json\/wp\/v2\/posts\/221512","targetHints":{"allow":["GET"]}}],"collection":[{"href":"https:\/\/www.europesays.com\/fr\/wp-json\/wp\/v2\/posts"}],"about":[{"href":"https:\/\/www.europesays.com\/fr\/wp-json\/wp\/v2\/types\/post"}],"author":[{"embeddable":true,"href":"https:\/\/www.europesays.com\/fr\/wp-json\/wp\/v2\/users\/2"}],"replies":[{"embeddable":true,"href":"https:\/\/www.europesays.com\/fr\/wp-json\/wp\/v2\/comments?post=221512"}],"version-history":[{"count":0,"href":"https:\/\/www.europesays.com\/fr\/wp-json\/wp\/v2\/posts\/221512\/revisions"}],"wp:featuredmedia":[{"embeddable":true,"href":"https:\/\/www.europesays.com\/fr\/wp-json\/wp\/v2\/media\/221513"}],"wp:attachment":[{"href":"https:\/\/www.europesays.com\/fr\/wp-json\/wp\/v2\/media?parent=221512"}],"wp:term":[{"taxonomy":"category","embeddable":true,"href":"https:\/\/www.europesays.com\/fr\/wp-json\/wp\/v2\/categories?post=221512"},{"taxonomy":"post_tag","embeddable":true,"href":"https:\/\/www.europesays.com\/fr\/wp-json\/wp\/v2\/tags?post=221512"}],"curies":[{"name":"wp","href":"https:\/\/api.w.org\/{rel}","templated":true}]}}