{"id":221520,"date":"2025-07-02T20:43:09","date_gmt":"2025-07-02T20:43:09","guid":{"rendered":"https:\/\/www.europesays.com\/fr\/221520\/"},"modified":"2025-07-02T20:43:09","modified_gmt":"2025-07-02T20:43:09","slug":"loana-25-ans-apres-de-retour-dans-la-piscine","status":"publish","type":"post","link":"https:\/\/www.europesays.com\/fr\/221520\/","title":{"rendered":"Loana\u00a0: 25 ans apr\u00e8s, de retour dans la piscine"},"content":{"rendered":"<p>Qui de<strong> Ethan, Marianne ou Constance<\/strong> sera \u00e9limin\u00e9e ce 3\u00a0juillet de \u00ab\u00a0Secret Story\u00a0\u00bb\u00a0? Ethan sera-t-il sauv\u00e9 apr\u00e8s avoir offert son immunit\u00e9 \u00e0 Mayer\u00a0? <a href=\"https:\/\/www.public.fr\/si-necessaire-une-exclusion-romy-de-secret-story-harcelee-prise-de-parole-historique-de-la-production\" rel=\"nofollow noopener\" target=\"_blank\">Les deux jeunes femmes<\/a> soup\u00e7onn\u00e9es d&rsquo;avoir un mauvais comportement au sein de la maison des secrets seront-elles <strong>sanctionn\u00e9es par les votes du public<\/strong>\u00a0? Pour le savoir, r\u00e9ponse dans 24\u00a0heures. En tout cas, cette <strong>treizi\u00e8me saison<\/strong> est particuli\u00e8rement comment\u00e9e. D&rsquo;ailleurs, d&rsquo;ex-candidats de t\u00e9l\u00e9-r\u00e9alit\u00e9 comme <strong><a href=\"https:\/\/www.public.fr\/romy-harcelee-dans-secret-story-amelie-neten-sen-mele-et-charge-violemment-marianne-je-peux-plus\" rel=\"nofollow noopener\" target=\"_blank\">Am\u00e9lie Neten<\/a><\/strong> ou encore<strong> <a href=\"https:\/\/www.public.fr\/des-petites-merdeuses-harcelement-dans-secret-story-fred-les-anges-atomise-constance-celia-pimprenelle-et-marianne\" rel=\"nofollow noopener\" target=\"_blank\">Fr\u00e9d\u00e9rique <\/a>des \u00ab\u00a0Anges\u00a0\u00bb <\/strong>n&rsquo;ont pas h\u00e9sit\u00e9 \u00e0 monter au cr\u00e9neau face aux <a href=\"https:\/\/www.public.fr\/derapage-dans-secret-story-le-csa-appelle-en-urgence-et-demande-a-couper-une-scene\" rel=\"nofollow noopener\" target=\"_blank\">suspicions de harc\u00e8lement et de racisme<\/a>.<\/p>\n<p>Quant \u00e0 la premi\u00e8re figure de la t\u00e9l\u00e9-r\u00e9alit\u00e9 en France\u00a0? <strong>Loana regarde-t-elle<\/strong> cette nouvelle saison\u00a0? <a href=\"https:\/\/www.public.fr\/loana-dans-un-appartement-envahi-par-les-pigeons-et-insalubre-lanimateur-cauet-latomise\" rel=\"nofollow noopener\" target=\"_blank\">La Ni\u00e7oise <\/a>se fait de plus en plus rare sur les r\u00e9seaux sociaux\u00a0; elle qui \u00e9tait omnipr\u00e9sente. En revanche, ces derni\u00e8res semaines, <strong>un vent de nostalgie <\/strong>a souffl\u00e9 sur son compte Instagram. En effet, <a href=\"https:\/\/www.public.fr\/loana-linterieur-de-son-appartement-nicois-devoile-de-nombreux-pigeons-y-ont-elu-domicile\" rel=\"nofollow noopener\" target=\"_blank\">la jeune femme de 47 ans<\/a> a publi\u00e9 <strong>plus d&rsquo;une trentaine de Une de magazines<\/strong> des ann\u00e9es 2000. D&rsquo;ailleurs, il semblerait qu&rsquo;elle garde <strong>quelques souvenirs tr\u00e8s pr\u00e9cis <\/strong>de son passage dans le \u00ab\u00a0Loft\u00a0\u00bb.<\/p>\n<p>Une saison qu&rsquo;elle a remport\u00e9e avec Christophe <strong>le 5\u00a0juillet 2001<\/strong> la propulsant<a href=\"https:\/\/www.public.fr\/loana-reapparait-au-festival-de-cannes-mais-bien-en-marge-du-protocole-officiel\" rel=\"nofollow noopener\" target=\"_blank\"> au rang de \u00ab\u00a0star\u00a0\u00bb<\/a>. Et pour cause, les t\u00e9l\u00e9spectateurs se sont <strong>tr\u00e8s vite attach\u00e9s \u00e0 elle.<\/strong> Ils<strong> <\/strong>ont aussi \u00e9t\u00e9 boulevers\u00e9s par sa rupture avec Jean \u00c9douard. Pour rappel, tous les deux ont \u00e9t\u00e9 <a href=\"https:\/\/www.public.fr\/diaporamas\/loana-et-la-scene-torride-dans-la-piscine-benjamin-castaldi-honnete-sur-ce-que-ca-lui-a-rapporte\" rel=\"nofollow noopener\" target=\"_blank\">les principaux protagonistes<\/a> de<strong> la sc\u00e8ne la plus \u00ab\u00a0hot\u00a0\u00bb <\/strong>diffus\u00e9e \u00e0 la t\u00e9l\u00e9vision fran\u00e7aise \u00e0 une heure de grande \u00e9coute. <\/p>\n<p>Loana de retour dans le grand bain<\/p>\n<p>Alors que <strong>les temp\u00e9ratures sont encore mont\u00e9es tr\u00e8s haut<\/strong> ce 2\u00a0juillet et que plusieurs d\u00e9partements ont souffert de <strong>la canicule<\/strong>, Loana a trouv\u00e9 un moyen pour se rafra\u00eechir\u00a0: <strong>partir \u00e0 <a href=\"https:\/\/www.public.fr\/loana-et-jean-edouard-dans-la-piscine-20-ans-apres-la-demande-complement-insolite-d-alexia-laroche-joubert\" rel=\"nofollow noopener\" target=\"_blank\">la piscine<\/a>\u00a0! <\/strong>Un moment de relaxation qu&rsquo;elle semble avoir v\u00e9cu seule, cette fois. Pour l&rsquo;occasion, <a href=\"https:\/\/www.google.com\/url?sa=t&amp;source=web&amp;rct=j&amp;opi=89978449&amp;url=https:\/\/vsd.fr\/62310-loana-disparue-ses-proches-nont-plus-de-nouvelles-la-police-obligee-dintervenir-a-son-domicile\/&amp;ved=2ahUKEwjZrrXg2J6OAxV-VkEAHdOxCm0QFnoECBkQAQ&amp;usg=AOvVaw0_SSEEWvWa_bcXKxUqVx-U\" rel=\"nofollow noopener\" target=\"_blank\">la maman de Mindy<\/a> s&rsquo;est alors film\u00e9e dans l&rsquo;eau avec son maillot de bain deux pi\u00e8ces et <strong>a adress\u00e9 un message \u00e0 ses abonn\u00e9s<\/strong> qu&rsquo;elle appelle affectueusement ses \u00ab\u00a0loulous\u00a0\u00bb. <\/p>\n<p>\u00ab\u00a0<strong>Petit clin d\u2019\u0153il. Derri\u00e8re mes lunettes, retour aux sources. On ne se refait pas<\/strong>\u00a0\u00bb a-t-elle l\u00e2ch\u00e9 avec ironie. Ses \u00ab\u00a0loulous\u00a0\u00bb qui <strong>n&rsquo;ont pas manqu\u00e9 de r\u00e9agir<\/strong> \u00e0 son allusion\u00a0: \u00ab\u00a0Manque plus que Jean \u00c9douard\u00a0\u00bb, peut-on lire \u00e7\u00e0 et l\u00e0 alors que d&rsquo;autres se sont montr\u00e9s <strong>particuli\u00e8rement heureux<\/strong> d&rsquo;avoir enfin des nouvelles de <a href=\"https:\/\/www.google.com\/url?sa=t&amp;source=web&amp;rct=j&amp;opi=89978449&amp;url=https:\/\/vsd.fr\/73002-je-le-deteste-loana-se-confie-en-toute-franchise-sur-ses-rapports-actuels-avec-jean-edouard-lipa\/&amp;ved=2ahUKEwjZrrXg2J6OAxV-VkEAHdOxCm0QFnoECBgQAQ&amp;usg=AOvVaw1DKCV__FpWNL2B9NSNZjNh\" rel=\"nofollow noopener\" target=\"_blank\">la quadrag\u00e9naire<\/a>.<\/p>\n<p>      Mentionn\u00e9s dans cet article<\/p>\n<p>\u00c0 lire aussi<\/p>\n","protected":false},"excerpt":{"rendered":"Qui de Ethan, Marianne ou Constance sera \u00e9limin\u00e9e ce 3\u00a0juillet de \u00ab\u00a0Secret Story\u00a0\u00bb\u00a0? Ethan sera-t-il sauv\u00e9 apr\u00e8s avoir&hellip;\n","protected":false},"author":2,"featured_media":221521,"comment_status":"","ping_status":"","sticky":false,"template":"","format":"standard","meta":{"footnotes":""},"categories":[1359],"tags":[6468,6698,58,59,1011,27,2440,36042,13033,494,973,5922,29901,4904],"class_list":{"0":"post-221520","1":"post","2":"type-post","3":"status-publish","4":"format-standard","5":"has-post-thumbnail","7":"category-people","8":"tag-benjamin-castaldi","9":"tag-canicule","10":"tag-divertissement","11":"tag-entertainment","12":"tag-fr","13":"tag-france","14":"tag-instagram","15":"tag-jean-edouard-lipa","16":"tag-loana","17":"tag-m6","18":"tag-people","19":"tag-piscine","20":"tag-secret-story","21":"tag-soleil"},"share_on_mastodon":{"url":"https:\/\/pubeurope.com\/@fr\/114785589934491694","error":""},"_links":{"self":[{"href":"https:\/\/www.europesays.com\/fr\/wp-json\/wp\/v2\/posts\/221520","targetHints":{"allow":["GET"]}}],"collection":[{"href":"https:\/\/www.europesays.com\/fr\/wp-json\/wp\/v2\/posts"}],"about":[{"href":"https:\/\/www.europesays.com\/fr\/wp-json\/wp\/v2\/types\/post"}],"author":[{"embeddable":true,"href":"https:\/\/www.europesays.com\/fr\/wp-json\/wp\/v2\/users\/2"}],"replies":[{"embeddable":true,"href":"https:\/\/www.europesays.com\/fr\/wp-json\/wp\/v2\/comments?post=221520"}],"version-history":[{"count":0,"href":"https:\/\/www.europesays.com\/fr\/wp-json\/wp\/v2\/posts\/221520\/revisions"}],"wp:featuredmedia":[{"embeddable":true,"href":"https:\/\/www.europesays.com\/fr\/wp-json\/wp\/v2\/media\/221521"}],"wp:attachment":[{"href":"https:\/\/www.europesays.com\/fr\/wp-json\/wp\/v2\/media?parent=221520"}],"wp:term":[{"taxonomy":"category","embeddable":true,"href":"https:\/\/www.europesays.com\/fr\/wp-json\/wp\/v2\/categories?post=221520"},{"taxonomy":"post_tag","embeddable":true,"href":"https:\/\/www.europesays.com\/fr\/wp-json\/wp\/v2\/tags?post=221520"}],"curies":[{"name":"wp","href":"https:\/\/api.w.org\/{rel}","templated":true}]}}