{"id":221522,"date":"2025-07-02T20:44:10","date_gmt":"2025-07-02T20:44:10","guid":{"rendered":"https:\/\/www.europesays.com\/fr\/221522\/"},"modified":"2025-07-02T20:44:10","modified_gmt":"2025-07-02T20:44:10","slug":"une-statue-geante-de-superman-suspendue-a-plus-de-300-metres-a-londres","status":"publish","type":"post","link":"https:\/\/www.europesays.com\/fr\/221522\/","title":{"rendered":"Une statue g\u00e9ante de Superman suspendue \u00e0 plus de 300 m\u00e8tres \u00e0 Londres"},"content":{"rendered":"<p>Lundi 1er juillet, les Londoniens ont d\u00e9couvert une r\u00e9plique du superh\u00e9ros sur un gratte-ciel. Haute de 3,5 m\u00e8tres, elle a \u00e9t\u00e9 install\u00e9e afin de promouvoir le film Superman qui sort en Grande-Bretagne, le 11 juillet.<\/p>\n<p class=\"fig-paragraph\">Plus vraie que nature. Mardi 1er juillet, les Londoniens ont eu la surprise d\u2019apercevoir une gigantesque statue de\u00a0<a href=\"http:\/\/www.lefigaro.fr\/cinema\/warner-mise-gros-avec-le-nouveau-superman-et-le-dernier-film-de-leonardo-dicaprio-20250402\" data-fig-type=\"NewsFlash\" data-gtm-custom-categorie=\"navigation\" data-gtm-custom-action=\"crossclick\" data-gtm-custom-label=\"Contextuel\" data-gtm-event=\"customEventSPE\" data-fig-domain=\"LEFIGARO\" target=\"_blank\" rel=\"noopener\">Superman<\/a>\u00a0en haut du Shard, le plus grand gratte-ciel du Royaume-Uni, rapporte le\u00a0<a href=\"https:\/\/www.thesun.co.uk\/news\/35648196\/superman-iconic-london-landmark\/\" target=\"_blank\" rel=\"nofollow noopener\" data-gtm-custom-categorie=\"navigation\" data-gtm-custom-action=\"crossclick\" data-gtm-custom-label=\"Contextuel\" data-gtm-event=\"customEventSPE\">Sun<\/a> . Reprenant les traits de l\u2019acteur am\u00e9ricain\u00a0<a href=\"http:\/\/www.lefigaro.fr\/cinema\/le-prochain-superman-sera-incarne-par-david-corenswet-20230628\" data-fig-type=\"NewsFlash\" data-gtm-custom-categorie=\"navigation\" data-gtm-custom-action=\"crossclick\" data-gtm-custom-label=\"Contextuel\" data-gtm-event=\"customEventSPE\" data-fig-domain=\"LEFIGARO\" target=\"_blank\" rel=\"noopener\">David Corenswet\u00a0<\/a>(Pearl,\u00a0Twister), le colosse de 3,5 m\u00e8tres de haut et de 120 kilos a \u00e9t\u00e9 temporairement suspendue \u00e0 300 m\u00e8tres au-dessus de la capitale britannique.<\/p>\n<p class=\"fig-paragraph\">Selon le quotidien anglo-saxon, la statue a \u00e9t\u00e9 con\u00e7ue par une \u00e9quipe de 20 personnes et a n\u00e9cessit\u00e9 quatre mois de travail. \u00ab Voir une repr\u00e9sentation aussi r\u00e9aliste de notre Superman affich\u00e9e au sommet du Shard est \u00e9poustouflant\u00a0\u00bb s\u2019est f\u00e9licit\u00e9 dans un communiqu\u00e9, le r\u00e9alisateur et directeur de DC Studios, James Gunn.<\/p>\n<p>                                    <a class=\"fig-a11y-skip a11y-hidden\" href=\"#fig-a11y-skip-main-inarticle\"><br \/>\n        Passer la publicit\u00e9<br \/>\n    <\/a><\/p>\n<p>Une version \u00ab plus moderne et optimiste\u00a0\u00bb<\/p>\n<p class=\"fig-paragraph\">Cette op\u00e9ration de communication a \u00e9t\u00e9 minutieusement orchestr\u00e9e par les studios de la<a href=\"http:\/\/www.lefigaro.fr\/economie\/medias-warner-bros-discovery-se-scinde-en-deux-20250609\" data-fig-type=\"Article\" data-gtm-custom-categorie=\"navigation\" data-gtm-custom-action=\"crossclick\" data-gtm-custom-label=\"Contextuel\" data-gtm-event=\"customEventSPE\" data-fig-domain=\"LEFIGARO\" target=\"_blank\" rel=\"noopener\">\u00a0Warner Bros<\/a>\u00a0afin de promouvoir la sortie du film Superman, le 11 juillet (en France, il sortira le 9). Ce long-m\u00e9trage qui mettra en sc\u00e8ne David Corenswet et\u00a0<a href=\"http:\/\/www.lefigaro.fr\/cinema\/rachel-brosnahan-etrille-les-acteurs-qui-denigrent-leur-role-dans-les-films-de-super-heros-20250619\" data-fig-type=\"Article\" data-gtm-custom-categorie=\"navigation\" data-gtm-custom-action=\"crossclick\" data-gtm-custom-label=\"Contextuel\" data-gtm-event=\"customEventSPE\" data-fig-domain=\"LEFIGARO\" target=\"_blank\" rel=\"noopener\">Rachel Brosnahan\u00a0<\/a>(La Fabuleuse Madame Maisel), est inspir\u00e9 de la s\u00e9rie de comics All-Star Superman, \u00e9crite par Grant Morrison. L\u2019histoire racontera l\u2019affrontement entre le super-h\u00e9ros et son ennemi jur\u00e9, le milliardaire Lex Luthor. L\u2019homme d\u2019acier devra compter sur le soutien de la journaliste Lo\u00efs Lane pour l\u2019abattre.<\/p>\n<p class=\"fig-paragraph\">Pour cette \u00e9ni\u00e8me adaptation de Superman, le cin\u00e9aste James Gunn<a href=\"http:\/\/www.lefigaro.fr\/cinema\/la-nouvelle-bande-annonce-de-superman-met-tout-le-monde-d-accord-20241219\" data-fig-type=\"Article\" data-gtm-custom-categorie=\"navigation\" data-gtm-custom-action=\"crossclick\" data-gtm-custom-label=\"Contextuel\" data-gtm-event=\"customEventSPE\" data-fig-domain=\"LEFIGARO\" target=\"_blank\" rel=\"noopener\">\u00a0a mis\u00e9 sur une \u00ab version plus moderne et optimiste\u00a0\u00bb de l\u2019intrigue<\/a>. Jou\u00e9 pour la premi\u00e8re fois au cin\u00e9ma en 1948, le personnage comics a depuis connu de nombreuses adaptations \u00e0 Hollywood, comme celle de 2013 avec Henry Cavill.<\/p>\n","protected":false},"excerpt":{"rendered":"Lundi 1er juillet, les Londoniens ont d\u00e9couvert une r\u00e9plique du superh\u00e9ros sur un gratte-ciel. Haute de 3,5 m\u00e8tres,&hellip;\n","protected":false},"author":2,"featured_media":221523,"comment_status":"","ping_status":"","sticky":false,"template":"","format":"standard","meta":{"footnotes":""},"categories":[1358],"tags":[1348,1384,1385,1386,58,59,1011,27,4534,2133],"class_list":{"0":"post-221522","1":"post","2":"type-post","3":"status-publish","4":"format-standard","5":"has-post-thumbnail","7":"category-arts-et-design","8":"tag-arts","9":"tag-arts-and-design","10":"tag-arts-et-design","11":"tag-design","12":"tag-divertissement","13":"tag-entertainment","14":"tag-fr","15":"tag-france","16":"tag-londres","17":"tag-superman"},"share_on_mastodon":{"url":"https:\/\/pubeurope.com\/@fr\/114785593842641372","error":""},"_links":{"self":[{"href":"https:\/\/www.europesays.com\/fr\/wp-json\/wp\/v2\/posts\/221522","targetHints":{"allow":["GET"]}}],"collection":[{"href":"https:\/\/www.europesays.com\/fr\/wp-json\/wp\/v2\/posts"}],"about":[{"href":"https:\/\/www.europesays.com\/fr\/wp-json\/wp\/v2\/types\/post"}],"author":[{"embeddable":true,"href":"https:\/\/www.europesays.com\/fr\/wp-json\/wp\/v2\/users\/2"}],"replies":[{"embeddable":true,"href":"https:\/\/www.europesays.com\/fr\/wp-json\/wp\/v2\/comments?post=221522"}],"version-history":[{"count":0,"href":"https:\/\/www.europesays.com\/fr\/wp-json\/wp\/v2\/posts\/221522\/revisions"}],"wp:featuredmedia":[{"embeddable":true,"href":"https:\/\/www.europesays.com\/fr\/wp-json\/wp\/v2\/media\/221523"}],"wp:attachment":[{"href":"https:\/\/www.europesays.com\/fr\/wp-json\/wp\/v2\/media?parent=221522"}],"wp:term":[{"taxonomy":"category","embeddable":true,"href":"https:\/\/www.europesays.com\/fr\/wp-json\/wp\/v2\/categories?post=221522"},{"taxonomy":"post_tag","embeddable":true,"href":"https:\/\/www.europesays.com\/fr\/wp-json\/wp\/v2\/tags?post=221522"}],"curies":[{"name":"wp","href":"https:\/\/api.w.org\/{rel}","templated":true}]}}