{"id":221524,"date":"2025-07-02T20:45:26","date_gmt":"2025-07-02T20:45:26","guid":{"rendered":"https:\/\/www.europesays.com\/fr\/221524\/"},"modified":"2025-07-02T20:45:26","modified_gmt":"2025-07-02T20:45:26","slug":"craponne-sur-arzon-jean-louis-nogaro-en-dedicaces-samedi-au-plaisir-des-mots","status":"publish","type":"post","link":"https:\/\/www.europesays.com\/fr\/221524\/","title":{"rendered":"Craponne-sur-Arzon. Jean-Louis Nogaro en d\u00e9dicaces, samedi, au plaisir des mots"},"content":{"rendered":"<p>Jean-Louis Nogaro, sera en d\u00e9dicaces ce samedi 5\u00a0juillet, \u00e0 la librairie au plaisir des mots \u00e0 l\u2019heure du march\u00e9 hebdomadaire. Sp\u00e9cialiste du roman noir et polar, il a publi\u00e9 son premier polar en 2006 ( Un bon flic c\u2019est comme de la soie ) et compte au moins huit romans \u00e0 son actif, dont le r\u00e9cent Le T\u00e9orem des grands hommes (2023).<\/p>\n<p>Il fonde en 2010 sa propre maison d\u2019\u00e9dition, Les \u00c9ditions du Ca\u00efman, d\u00e9di\u00e9e aux polars et \u00e0 la litt\u00e9rature jeunesse.<\/p>\n<p>Il situe souvent ses intrigues dans la r\u00e9gion st\u00e9phanoise ou les Pyr\u00e9n\u00e9es, r\u00e9gion d\u2019origine paternelle (Saint-\u00c9tienne, Pilat, Bagn\u00e8res-de-Bigorre).<\/p>\n","protected":false},"excerpt":{"rendered":"Jean-Louis Nogaro, sera en d\u00e9dicaces ce samedi 5\u00a0juillet, \u00e0 la librairie au plaisir des mots \u00e0 l\u2019heure du&hellip;\n","protected":false},"author":2,"featured_media":221525,"comment_status":"","ping_status":"","sticky":false,"template":"","format":"standard","meta":{"footnotes":""},"categories":[1357],"tags":[1379,22449,22450,1687,58,10446,59,1011,27,1380,2410],"class_list":{"0":"post-221524","1":"post","2":"type-post","3":"status-publish","4":"format-standard","5":"has-post-thumbnail","7":"category-livres","8":"tag-books","9":"tag-craponne-sur-arzon","10":"tag-craponne-sur-arzon-bassin","11":"tag-culture-loisirs","12":"tag-divertissement","13":"tag-edition-haute-loire","14":"tag-entertainment","15":"tag-fr","16":"tag-france","17":"tag-livres","18":"tag-livres-bd"},"share_on_mastodon":{"url":"https:\/\/pubeurope.com\/@fr\/114785597741249666","error":""},"_links":{"self":[{"href":"https:\/\/www.europesays.com\/fr\/wp-json\/wp\/v2\/posts\/221524","targetHints":{"allow":["GET"]}}],"collection":[{"href":"https:\/\/www.europesays.com\/fr\/wp-json\/wp\/v2\/posts"}],"about":[{"href":"https:\/\/www.europesays.com\/fr\/wp-json\/wp\/v2\/types\/post"}],"author":[{"embeddable":true,"href":"https:\/\/www.europesays.com\/fr\/wp-json\/wp\/v2\/users\/2"}],"replies":[{"embeddable":true,"href":"https:\/\/www.europesays.com\/fr\/wp-json\/wp\/v2\/comments?post=221524"}],"version-history":[{"count":0,"href":"https:\/\/www.europesays.com\/fr\/wp-json\/wp\/v2\/posts\/221524\/revisions"}],"wp:featuredmedia":[{"embeddable":true,"href":"https:\/\/www.europesays.com\/fr\/wp-json\/wp\/v2\/media\/221525"}],"wp:attachment":[{"href":"https:\/\/www.europesays.com\/fr\/wp-json\/wp\/v2\/media?parent=221524"}],"wp:term":[{"taxonomy":"category","embeddable":true,"href":"https:\/\/www.europesays.com\/fr\/wp-json\/wp\/v2\/categories?post=221524"},{"taxonomy":"post_tag","embeddable":true,"href":"https:\/\/www.europesays.com\/fr\/wp-json\/wp\/v2\/tags?post=221524"}],"curies":[{"name":"wp","href":"https:\/\/api.w.org\/{rel}","templated":true}]}}