{"id":221532,"date":"2025-07-02T20:49:10","date_gmt":"2025-07-02T20:49:10","guid":{"rendered":"https:\/\/www.europesays.com\/fr\/221532\/"},"modified":"2025-07-02T20:49:10","modified_gmt":"2025-07-02T20:49:10","slug":"il-y-a-des-patients-qui-peuvent-recidiver-inquietude-sur-une-potentielle-reforme-de-laffection-de-longue-duree","status":"publish","type":"post","link":"https:\/\/www.europesays.com\/fr\/221532\/","title":{"rendered":"\u00ab\u00a0Il y a des patients qui peuvent r\u00e9cidiver\u00a0\u00bb\u00a0: inqui\u00e9tude sur une potentielle r\u00e9forme de l\u2019affection de longue dur\u00e9e"},"content":{"rendered":"<p>Si <a href=\"https:\/\/www.letelegramme.fr\/france\/economies-sur-la-sante-les-affections-de-longue-duree-dans-le-viseur-du-gouvernement-6546656.php\" target=\"_blank\" rel=\"nofollow noopener\">l\u2019id\u00e9e n\u2019est pas nouvelle<\/a>, elle a aujourd\u2019hui les faveurs du gouvernement : Yannick Neuder, ministre de la Sant\u00e9, a indiqu\u00e9 sur LCP qu\u2019un patient qui rel\u00e8verait du dispositif de l\u2019ALD et qui serait \u00ab en r\u00e9mission compl\u00e8te \u00bb devrait voir son affiliation \u00ab suspendue \u00bb. But de l\u2019op\u00e9ration : r\u00e9duire le d\u00e9ficit de l\u2019Assurance maladie, estim\u00e9 \u00e0 16 milliards d&rsquo;euros cette ann\u00e9e, mais qui pourrait monter \u00e0 41 milliards en 2035. Et ce, alors que le dispositif ALD repr\u00e9sente d\u00e9j\u00e0 deux tiers des d\u00e9penses annuelles de la CPAM et pourrait en repr\u00e9senter les trois quarts d\u2019ici 2035.<\/p>\n<p>2 Qu\u2019est-ce que \u00e7a changerait ?<\/p>\n<p>\u00catre pris en charge au titre de l\u2019affection de longue dur\u00e9e, c\u2019est voir ses d\u00e9penses de sant\u00e9 prises en charge \u00e0 100 % du plafond fix\u00e9 par la S\u00e9curit\u00e9 sociale pour sa pathologie (cancer, maladies cardiovasculaires, diab\u00e8te, Alzheimer\u2026). Ce statut n\u2019est pas accord\u00e9 \u00e0 vie au patient, mais est r\u00e9\u00e9valu\u00e9 tous les cinq ans. Diff\u00e9rentes configurations de prise en charge sont possibles, que l\u2019on soit consid\u00e9r\u00e9 en ALD ou en fin de dispositif, avec une possibilit\u00e9 de revenir dans le syst\u00e8me en cas de r\u00e9cidive ou d\u2019apparition de s\u00e9quelles tardives graves.<\/p>\n<p>Le projet de l\u2019Assurance maladie entend conserver cette possibilit\u00e9 de retourner dans le syst\u00e8me en pr\u00e9sence d\u2019une rechute. Mais il vise \u00e0 graduer davantage la prise en charge des soins, en sortant le patient plus rapidement du syst\u00e8me du 100 % rembours\u00e9 s\u2019il est consid\u00e9r\u00e9 comme gu\u00e9ri, en r\u00e9mission ou s\u2019il n\u2019a plus d\u2019handicap visible li\u00e9 \u00e0 son affection.<\/p>\n<p>Outre cette mesure, l\u2019Assurance maladie voudrait retarder l\u2019entr\u00e9e des malades dans le dispositif ALD en cr\u00e9ant un statut de \u00ab risque chronique \u00bb et d\u00e9finir \u00ab une liste de soins sp\u00e9cifiques et opposables \u00bb offrant le droit \u00e0 un remboursement total pour chaque pathologie longue.<\/p>\n<p>3 Qu\u2019en pensent les m\u00e9decins ?<\/p>\n<p>Ils sont tr\u00e8s vigilants sur le projet, rappelant que m\u00eame avec une ALD, les patients se retrouvent d\u00e9j\u00e0 \u00e0 payer de leur poche un certain nombre de frais li\u00e9s \u00e0 leur pathologie (d\u00e9passements d\u2019honoraires, franchises&#8230;). Catherine Simonin, membre de la Ligue contre le cancer, indique qu\u2019une <a href=\"https:\/\/www.letelegramme.fr\/sante\/cancers-doit-on-parler-de-guerison-ou-de-remission-6348774.php\" target=\"_blank\" rel=\"nofollow noopener\">suspension en cas de gu\u00e9rison ou r\u00e9mission<\/a> pourrait s\u2019\u00e9tudier quand, par exemple, apr\u00e8s \u00ab un diagnostic de cancer, il y a une intervention chirurgicale et il n\u2019y a pas de traitement derri\u00e8re \u00bb. \u00ab S\u2019il y a juste un besoin de suivi d\u2019une consultation par an pour les voir, oui, \u00e7a peut \u00eatre discut\u00e9. \u00bb<\/p>\n<p>Pour le reste, une \u00ab d\u00e9finition de la r\u00e9mission compl\u00e8te est purement th\u00e9orique et arbitraire \u00bb, rappelle le Pr Olivier Cussenot, de l\u2019Association nationale des malades du cancer de la prostate. \u00ab Il y a des patients qui, m\u00eame apr\u00e8s 20 ans de r\u00e9mission, peuvent r\u00e9cidiver \u00bb. \u00ab Les gens qui sont en r\u00e9mission ont souvent des traitements, des m\u00e9dications : pour le cancer du sein, il y a une hormone-th\u00e9rapie qui est donn\u00e9e au minimum pendant cinq ans \u00bb, illustre Ren\u00e9 Ducroux, pr\u00e9sident d&rsquo;Atoutcancer.<\/p>\n<p>Le centre de lutte contre le cancer Gustave-Roussy rappelle que 63,5 % des personnes pourtant gu\u00e9ries d\u2019un cancer souffrent toujours de \u00ab lourdes s\u00e9quelles \u00bb qui \u00ab d\u00e9gradent durablement leur qualit\u00e9 de vie \u00bb, entre \u00ab douleurs, fatigue, troubles chroniques des fonctions motrices, troubles urinaires et gastriques \u00bb.<\/p>\n<p>Une sortie trop rapide de l\u2019ALD serait aussi pr\u00e9judiciable \u00e0 l\u2019accompagnement psychologique. \u00ab Les gens qui ont eu un cancer ont peur de la r\u00e9cidive et ont besoin d\u2019un suivi \u00bb, rebondit Ren\u00e9 Ducroux. Olivier Cussenot abonde : \u00ab La probl\u00e9matique d\u2019un cancer de la prostate, c\u2019est un impact sur la qualit\u00e9 de vie, avec d\u2019\u00e9ventuels troubles de la fonction \u00e9rectile ou d\u2019incontinence urinaire \u00bb.<\/p>\n","protected":false},"excerpt":{"rendered":"Si l\u2019id\u00e9e n\u2019est pas nouvelle, elle a aujourd\u2019hui les faveurs du gouvernement : Yannick Neuder, ministre de la&hellip;\n","protected":false},"author":2,"featured_media":221533,"comment_status":"","ping_status":"","sticky":false,"template":"","format":"standard","meta":{"footnotes":""},"categories":[10],"tags":[1011,27,72,71],"class_list":{"0":"post-221532","1":"post","2":"type-post","3":"status-publish","4":"format-standard","5":"has-post-thumbnail","7":"category-sante","8":"tag-fr","9":"tag-france","10":"tag-health","11":"tag-sante"},"share_on_mastodon":{"url":"https:\/\/pubeurope.com\/@fr\/114785613522591824","error":""},"_links":{"self":[{"href":"https:\/\/www.europesays.com\/fr\/wp-json\/wp\/v2\/posts\/221532","targetHints":{"allow":["GET"]}}],"collection":[{"href":"https:\/\/www.europesays.com\/fr\/wp-json\/wp\/v2\/posts"}],"about":[{"href":"https:\/\/www.europesays.com\/fr\/wp-json\/wp\/v2\/types\/post"}],"author":[{"embeddable":true,"href":"https:\/\/www.europesays.com\/fr\/wp-json\/wp\/v2\/users\/2"}],"replies":[{"embeddable":true,"href":"https:\/\/www.europesays.com\/fr\/wp-json\/wp\/v2\/comments?post=221532"}],"version-history":[{"count":0,"href":"https:\/\/www.europesays.com\/fr\/wp-json\/wp\/v2\/posts\/221532\/revisions"}],"wp:featuredmedia":[{"embeddable":true,"href":"https:\/\/www.europesays.com\/fr\/wp-json\/wp\/v2\/media\/221533"}],"wp:attachment":[{"href":"https:\/\/www.europesays.com\/fr\/wp-json\/wp\/v2\/media?parent=221532"}],"wp:term":[{"taxonomy":"category","embeddable":true,"href":"https:\/\/www.europesays.com\/fr\/wp-json\/wp\/v2\/categories?post=221532"},{"taxonomy":"post_tag","embeddable":true,"href":"https:\/\/www.europesays.com\/fr\/wp-json\/wp\/v2\/tags?post=221532"}],"curies":[{"name":"wp","href":"https:\/\/api.w.org\/{rel}","templated":true}]}}