{"id":221534,"date":"2025-07-02T20:50:10","date_gmt":"2025-07-02T20:50:10","guid":{"rendered":"https:\/\/www.europesays.com\/fr\/221534\/"},"modified":"2025-07-02T20:50:10","modified_gmt":"2025-07-02T20:50:10","slug":"medina-devient-officiellement-la-troisieme-recrue-olympienne","status":"publish","type":"post","link":"https:\/\/www.europesays.com\/fr\/221534\/","title":{"rendered":"Medina devient officiellement la troisi\u00e8me recrue olympienne"},"content":{"rendered":"<p>L\u2019OM tient sa troisi\u00e8me recrue de l\u2019\u00e9t\u00e9. Apr\u00e8s avoir profit\u00e9 de leur libert\u00e9 contractuelle pour engager <a href=\"https:\/\/www.laprovence.com\/article\/om\/56294757751559\/mercato-angel-gomes-est-pret-pour-relever-le-challenge-propose-par-lom-juge-lun-de-ses-anciens-entraineurs-au-portugal\" target=\"_blank\" rel=\"noopener\">Angel Gomes (Lille)<\/a> et <a href=\"https:\/\/www.laprovence.com\/article\/om\/44617391798565\/mercato-qui-est-cj-egan-riley-la-future-recrue-de-lom\" target=\"_blank\" rel=\"noopener\">CJ Egan Riley (Burnley)<\/a>, les dirigeants olympiens viennent de s\u2019attacher les services de <a href=\"https:\/\/www.laprovence.com\/article\/om\/50362305722115\/mercato-trois-choses-a-savoir-sur-facundo-medina-la-nouvelle-recrue-de-lom\" target=\"_blank\" rel=\"noopener\">Facundo Medina<\/a>, ce d\u00e9fenseur central gaucher qu\u2019ils recherchaient tant et pour lequel ils avaient multipli\u00e9 les pistes au cours des derni\u00e8res semaines.<\/p>\n<p>L\u2019OM vient d\u2019officialiser, ce mercredi soir, cette arriv\u00e9e qui s\u2019effectue sous <a href=\"https:\/\/www.laprovence.com\/article\/om\/30623750287993\/mercato-om-accord-total-pour-la-venue-de-facundo-medina\" target=\"_blank\" rel=\"noopener\">la forme d\u2019un pr\u00eat payant<\/a> de 2\u00a0millions d\u2019euros assorti d\u2019une option automatique de 18\u00a0M\u20ac et de divers bonus qui pourraient atteindre 2\u00a0M\u20ac suppl\u00e9mentaires. Medina, \u00e0 Marseille depuis mardi apr\u00e8s-midi, \u00e9tait sous contrat avec Lens jusqu\u2019en\u00a02028, mais avait obtenu un bon de sortie pour services rendus, apr\u00e8s cinq saisons pass\u00e9es chez les Sang et Or.<\/p>\n","protected":false},"excerpt":{"rendered":"L\u2019OM tient sa troisi\u00e8me recrue de l\u2019\u00e9t\u00e9. Apr\u00e8s avoir profit\u00e9 de leur libert\u00e9 contractuelle pour engager Angel Gomes&hellip;\n","protected":false},"author":2,"featured_media":221535,"comment_status":"","ping_status":"","sticky":false,"template":"","format":"standard","meta":{"footnotes":""},"categories":[9],"tags":[17,6475,1011,27,35748,1434,11137,149,30328,60,33762],"class_list":{"0":"post-221534","1":"post","2":"type-post","3":"status-publish","4":"format-standard","5":"has-post-thumbnail","7":"category-sports","8":"tag-17","9":"tag-devient","10":"tag-fr","11":"tag-france","12":"tag-medina","13":"tag-mercato","14":"tag-officiellement","15":"tag-om","16":"tag-recrue","17":"tag-sports","18":"tag-troisieme"},"share_on_mastodon":{"url":"https:\/\/pubeurope.com\/@fr\/114785617468232455","error":""},"_links":{"self":[{"href":"https:\/\/www.europesays.com\/fr\/wp-json\/wp\/v2\/posts\/221534","targetHints":{"allow":["GET"]}}],"collection":[{"href":"https:\/\/www.europesays.com\/fr\/wp-json\/wp\/v2\/posts"}],"about":[{"href":"https:\/\/www.europesays.com\/fr\/wp-json\/wp\/v2\/types\/post"}],"author":[{"embeddable":true,"href":"https:\/\/www.europesays.com\/fr\/wp-json\/wp\/v2\/users\/2"}],"replies":[{"embeddable":true,"href":"https:\/\/www.europesays.com\/fr\/wp-json\/wp\/v2\/comments?post=221534"}],"version-history":[{"count":0,"href":"https:\/\/www.europesays.com\/fr\/wp-json\/wp\/v2\/posts\/221534\/revisions"}],"wp:featuredmedia":[{"embeddable":true,"href":"https:\/\/www.europesays.com\/fr\/wp-json\/wp\/v2\/media\/221535"}],"wp:attachment":[{"href":"https:\/\/www.europesays.com\/fr\/wp-json\/wp\/v2\/media?parent=221534"}],"wp:term":[{"taxonomy":"category","embeddable":true,"href":"https:\/\/www.europesays.com\/fr\/wp-json\/wp\/v2\/categories?post=221534"},{"taxonomy":"post_tag","embeddable":true,"href":"https:\/\/www.europesays.com\/fr\/wp-json\/wp\/v2\/tags?post=221534"}],"curies":[{"name":"wp","href":"https:\/\/api.w.org\/{rel}","templated":true}]}}