{"id":221544,"date":"2025-07-02T20:55:10","date_gmt":"2025-07-02T20:55:10","guid":{"rendered":"https:\/\/www.europesays.com\/fr\/221544\/"},"modified":"2025-07-02T20:55:10","modified_gmt":"2025-07-02T20:55:10","slug":"detenus-en-iran-les-francais-cecile-kohler-et-jacques-paris-inculpes-despionnage-pour-le-compte-disrael","status":"publish","type":"post","link":"https:\/\/www.europesays.com\/fr\/221544\/","title":{"rendered":"D\u00e9tenus en Iran, les Fran\u00e7ais C\u00e9cile Kohler et Jacques Paris inculp\u00e9s d\u2019espionnage pour le compte d\u2019Isra\u00ebl"},"content":{"rendered":"<p>La professeur de Lettres modernes de 40 ans et son compagnon de 71 ans sont d\u00e9tenus en Iran depuis trois ans.<\/p>\n<p class=\"fig-paragraph\">L\u2019enseignante\u00a0<a href=\"http:\/\/www.lefigaro.fr\/international\/c-est-pour-elle-qu-on-ne-doit-pas-craquer-la-famille-de-cecile-kohler-francaise-detenue-en-iran-sort-de-son-silence-20221120\" target=\"_blank\" data-fig-type=\"NewsFlash\" rel=\"noopener\" data-gtm-custom-categorie=\"navigation\" data-gtm-custom-action=\"crossclick\" data-gtm-custom-label=\"Contextuel\" data-gtm-event=\"customEventSPE\" data-fig-domain=\"LEFIGARO\">C\u00e9cile Kohler<\/a>\u00a0et son compagnon, Jacques Paris, que les autorit\u00e9s fran\u00e7aises qualifient \u00abd\u2019otages d\u2019\u00c9tat\u00bb, ont \u00e9t\u00e9 inculp\u00e9s \u00abd\u2019espionnage pour le Mossad\u00bb, le service de renseignement ext\u00e9rieur isra\u00e9lien, pour \u00abcomplot pour renverser le r\u00e9gime\u00bb et \u00abcorruption sur terre\u00bb, ont indiqu\u00e9 \u00e0 l\u2019AFP une source diplomatique occidentale et l\u2019entourage des d\u00e9tenus.<\/p>\n<p class=\"fig-paragraph\">\u00abNous avons \u00e9t\u00e9 inform\u00e9s de ces accusations\u00bb, a affirm\u00e9 la source diplomatique occidentale, ajoutant que ces accusations \u00e9taient \u00abinfond\u00e9es\u00bb. \u00abTout ce qu\u2019on sait, c\u2019est qu\u2019ils ont vu un juge qui a confirm\u00e9 ces trois chefs d\u2019inculpation\u00bb, a d\u00e9clar\u00e9 la s\u0153ur de C\u00e9cile Kohler. \u00abOn ignore quand (ils se sont vus notifier ces chefs d\u2019inculpation). Mais ils n\u2019ont toujours pas acc\u00e8s \u00e0 des avocats ind\u00e9pendants\u00bb, a-t-elle ajout\u00e9 lors d\u2019un entretien avec l\u2019AFP au lendemain d\u2019une visite consulaire du charg\u00e9 d\u2019affaires de l\u2019ambassade de France \u00e0 T\u00e9h\u00e9ran. Chacun de ces trois chefs d\u2019inculpation est passible de la peine de mort.<\/p>\n<p>                                    <a class=\"fig-a11y-skip a11y-hidden\" href=\"#fig-a11y-skip-main-inarticle\"><br \/>\n        Passer la publicit\u00e9<br \/>\n    <\/a><\/p>\n<p class=\"fig-paragraph\">Jusqu\u2019\u00e0 pr\u00e9sent, l\u2019Iran a indiqu\u00e9 que les deux Fran\u00e7ais \u00e9taient accus\u00e9s pour espionnage mais il n\u2019a jamais r\u00e9v\u00e9l\u00e9 pour quel pays pr\u00e9cis\u00e9ment. T\u00e9h\u00e9ran n\u2019a pas encore confirm\u00e9 si de nouvelles accusations avaient \u00e9t\u00e9 port\u00e9es contre eux. \u00abCes motifs d\u2019inculpation, s\u2019ils sont confirm\u00e9s, sont totalement infond\u00e9s\u00bb, a r\u00e9agi une source diplomatique fran\u00e7aise interrog\u00e9e par l\u2019AFP. \u00abC\u00e9cile Kohler et Jacques Paris sont innocents. Aucune sentence ne nous a \u00e9t\u00e9 communiqu\u00e9e et \u00e0 notre connaissance n\u2019a \u00e9t\u00e9 prononc\u00e9e\u00bb, a-t-elle ajout\u00e9, exhortant les autorit\u00e9s iraniennes \u00e0 autoriser C\u00e9cile Kohler et Jacques Paris \u00e0 avoir acc\u00e8s \u00e0 leurs avocats.<\/p>\n<p>\u00abUne preuve de vie imm\u00e9diatement\u00bb<\/p>\n<p class=\"fig-paragraph\">\u00abNous n\u2019avons cess\u00e9 d\u2019exiger leur lib\u00e9ration imm\u00e9diate et inconditionnelle depuis leur arrestation il y a plus de trois ans\u00bb, a indiqu\u00e9 de son c\u00f4t\u00e9 le porte-parole du Quai d\u2019Orsay, ajoutant que le pr\u00e9sident Emmanuel Macron et le ministre des Affaires \u00e9trang\u00e8res Jean-No\u00ebl Barrot avaient \u00abr\u00e9it\u00e9r\u00e9 cette exigence aupr\u00e8s de leurs homologues iraniens \u00e0 plusieurs reprises et encore ces derniers jours\u00bb.<\/p>\n<p class=\"fig-paragraph\">Mardi,\u00a0<a href=\"http:\/\/www.lefigaro.fr\/international\/israel-iran-nous-nous-tenons-prets-a-contribuer-a-la-protection-de-l-etat-hebreu-indique-jean-noel-barrot-20250615\" target=\"_blank\" data-fig-type=\"Article\" rel=\"noopener\" data-gtm-custom-categorie=\"navigation\" data-gtm-custom-action=\"crossclick\" data-gtm-custom-label=\"Contextuel\" data-gtm-event=\"customEventSPE\" data-fig-domain=\"LEFIGARO\">Jean-No\u00ebl Barrot<\/a>\u00a0avait annonc\u00e9 que C\u00e9cile Kohler et Jacques Paris dont on \u00e9tait sans nouvelles depuis la r\u00e9cente frappe isra\u00e9lienne sur leur prison, avaient re\u00e7u la visite d\u2019un diplomate fran\u00e7ais. Les familles et les avocats du couple avaient r\u00e9clam\u00e9 vendredi \u00abune preuve de vie imm\u00e9diatement\u00bb. \u00abNous ignorons tout du sort de C\u00e9cile et Jacques, nous ignorons s\u2019ils sont encore vivants, nous ignorons o\u00f9 ils sont\u00bb, avait alors alert\u00e9 la s\u0153ur de C\u00e9cile, No\u00e9mie Kohler.<\/p>\n<p class=\"fig-paragraph\">Les autorit\u00e9s fran\u00e7aises avaient indiqu\u00e9 la semaine pr\u00e9c\u00e9dente avoir \u00abeu l\u2019assurance\u00bb que les deux Fran\u00e7ais n\u2019avaient pas \u00e9t\u00e9 bless\u00e9s dans la frappe isra\u00e9lienne. Mais \u00abcette information vient des autorit\u00e9s iraniennes\u00bb, ce qui est \u00abloin d\u2019\u00eatre une garantie\u00bb, avait alert\u00e9 No\u00e9mie Kohler, dont le dernier contact t\u00e9l\u00e9phonique avec sa s\u0153ur remonte au 28 mai. C\u00e9cile Kohler, professeure de lettres de 40 ans originaire de l\u2019est de la France et son compagnon Jacques Paris, 72 ans, ont \u00e9t\u00e9 arr\u00eat\u00e9s le 7 mai 2022, au dernier jour d\u2019un voyage touristique en Iran.<\/p>\n","protected":false},"excerpt":{"rendered":"La professeur de Lettres modernes de 40 ans et son compagnon de 71 ans sont d\u00e9tenus en Iran&hellip;\n","protected":false},"author":2,"featured_media":221545,"comment_status":"","ping_status":"","sticky":false,"template":"","format":"standard","meta":{"footnotes":""},"categories":[4],"tags":[11,4777,1011,27,3019,12,25],"class_list":{"0":"post-221544","1":"post","2":"type-post","3":"status-publish","4":"format-standard","5":"has-post-thumbnail","7":"category-france","8":"tag-actualites","9":"tag-espionnage","10":"tag-fr","11":"tag-france","12":"tag-iran","13":"tag-news","14":"tag-republique-francaise"},"share_on_mastodon":{"url":"https:\/\/pubeurope.com\/@fr\/114785637104753303","error":""},"_links":{"self":[{"href":"https:\/\/www.europesays.com\/fr\/wp-json\/wp\/v2\/posts\/221544","targetHints":{"allow":["GET"]}}],"collection":[{"href":"https:\/\/www.europesays.com\/fr\/wp-json\/wp\/v2\/posts"}],"about":[{"href":"https:\/\/www.europesays.com\/fr\/wp-json\/wp\/v2\/types\/post"}],"author":[{"embeddable":true,"href":"https:\/\/www.europesays.com\/fr\/wp-json\/wp\/v2\/users\/2"}],"replies":[{"embeddable":true,"href":"https:\/\/www.europesays.com\/fr\/wp-json\/wp\/v2\/comments?post=221544"}],"version-history":[{"count":0,"href":"https:\/\/www.europesays.com\/fr\/wp-json\/wp\/v2\/posts\/221544\/revisions"}],"wp:featuredmedia":[{"embeddable":true,"href":"https:\/\/www.europesays.com\/fr\/wp-json\/wp\/v2\/media\/221545"}],"wp:attachment":[{"href":"https:\/\/www.europesays.com\/fr\/wp-json\/wp\/v2\/media?parent=221544"}],"wp:term":[{"taxonomy":"category","embeddable":true,"href":"https:\/\/www.europesays.com\/fr\/wp-json\/wp\/v2\/categories?post=221544"},{"taxonomy":"post_tag","embeddable":true,"href":"https:\/\/www.europesays.com\/fr\/wp-json\/wp\/v2\/tags?post=221544"}],"curies":[{"name":"wp","href":"https:\/\/api.w.org\/{rel}","templated":true}]}}