{"id":221552,"date":"2025-07-02T20:59:12","date_gmt":"2025-07-02T20:59:12","guid":{"rendered":"https:\/\/www.europesays.com\/fr\/221552\/"},"modified":"2025-07-02T20:59:12","modified_gmt":"2025-07-02T20:59:12","slug":"nancy-le-marronnier-le-chihuahua-et-lenfant-au-festival-du-film-de-nancy","status":"publish","type":"post","link":"https:\/\/www.europesays.com\/fr\/221552\/","title":{"rendered":"Nancy. Le marronnier, le chihuahua et l\u2019enfant au festival du film de Nancy"},"content":{"rendered":"<p>Parfois, on se surprend \u00e0 h\u00e9siter entre deux \u00e9crans, errant du regard entre le noir et le blanc. Le noir, immens\u00e9ment vaste, d\u00e9ploie sa toile de constellations nocturnes au-dessus de nos cr\u00e2nes.<\/p>\n<p>Mais il suffit qu\u2019apparaisse un chihuahua pour qu\u2019on se fixe d\u00e9finitivement sur le blanc\u2026<\/p>\n<p>Un petit chien sur grand \u00e9cran. Un minuscule cabot cadr\u00e9 de face, qui darde sur les&#8230;<\/p>\n","protected":false},"excerpt":{"rendered":"Parfois, on se surprend \u00e0 h\u00e9siter entre deux \u00e9crans, errant du regard entre le noir et le blanc.&hellip;\n","protected":false},"author":2,"featured_media":221553,"comment_status":"","ping_status":"","sticky":false,"template":"","format":"standard","meta":{"footnotes":""},"categories":[9635],"tags":[1111,11,650,1687,1704,1777,674,1011,27,775,1702,1703,12,25],"class_list":{"0":"post-221552","1":"post","2":"type-post","3":"status-publish","4":"format-standard","5":"has-post-thumbnail","7":"category-nancy","8":"tag-actu","9":"tag-actualites","10":"tag-cinema","11":"tag-culture-loisirs","12":"tag-edition-nancy-et-agglomeration","13":"tag-eu","14":"tag-europe","15":"tag-fr","16":"tag-france","17":"tag-grand-est","18":"tag-nancy","19":"tag-nancy-ville-54b","20":"tag-news","21":"tag-republique-francaise"},"share_on_mastodon":{"url":"https:\/\/pubeurope.com\/@fr\/114785652826548264","error":""},"_links":{"self":[{"href":"https:\/\/www.europesays.com\/fr\/wp-json\/wp\/v2\/posts\/221552","targetHints":{"allow":["GET"]}}],"collection":[{"href":"https:\/\/www.europesays.com\/fr\/wp-json\/wp\/v2\/posts"}],"about":[{"href":"https:\/\/www.europesays.com\/fr\/wp-json\/wp\/v2\/types\/post"}],"author":[{"embeddable":true,"href":"https:\/\/www.europesays.com\/fr\/wp-json\/wp\/v2\/users\/2"}],"replies":[{"embeddable":true,"href":"https:\/\/www.europesays.com\/fr\/wp-json\/wp\/v2\/comments?post=221552"}],"version-history":[{"count":0,"href":"https:\/\/www.europesays.com\/fr\/wp-json\/wp\/v2\/posts\/221552\/revisions"}],"wp:featuredmedia":[{"embeddable":true,"href":"https:\/\/www.europesays.com\/fr\/wp-json\/wp\/v2\/media\/221553"}],"wp:attachment":[{"href":"https:\/\/www.europesays.com\/fr\/wp-json\/wp\/v2\/media?parent=221552"}],"wp:term":[{"taxonomy":"category","embeddable":true,"href":"https:\/\/www.europesays.com\/fr\/wp-json\/wp\/v2\/categories?post=221552"},{"taxonomy":"post_tag","embeddable":true,"href":"https:\/\/www.europesays.com\/fr\/wp-json\/wp\/v2\/tags?post=221552"}],"curies":[{"name":"wp","href":"https:\/\/api.w.org\/{rel}","templated":true}]}}