{"id":221554,"date":"2025-07-02T21:00:44","date_gmt":"2025-07-02T21:00:44","guid":{"rendered":"https:\/\/www.europesays.com\/fr\/221554\/"},"modified":"2025-07-02T21:00:44","modified_gmt":"2025-07-02T21:00:44","slug":"deux-accidents-impliquant-des-camions-bouchon-de-fey-vers-nancy-le-trafic-a-repris-a-richemont","status":"publish","type":"post","link":"https:\/\/www.europesays.com\/fr\/221554\/","title":{"rendered":"deux accidents impliquant des camions, bouchon de Fey vers Nancy, le trafic \u00e0 repris \u00e0 Richemont"},"content":{"rendered":"<p>Secours, forces de l\u2019ordre et services de la Dir-Est ont mobilis\u00e9 tout ce qu\u2019ils avaient comme \u00e9quipages \u00e0 leur disposition pour un gros accident survenu vers 14 h 30, ce mercredi 2 juillet sur l\u2019A31, \u00e0 hauteur d\u2019Augny.<\/p>\n<p>Circulant dans le sens Metz-Nancy, un semi-remorque est sorti de sa trajectoire entre la Zac d&rsquo;Augny et Fey, juste avant la sortie permettant de rejoindre cette derni\u00e8re commune mais aussi la contournante de Metz (sortie n\u00b029). Le poids lourd, qui transportait des ballots de carton, s\u2019est couch\u00e9 sur la bande d\u2019arr\u00eat d\u2019urgence et en contrebas d\u2019un talus.\u00a0Une partie de sa marchandise s\u2019est r\u00e9pandue sur l\u2019autoroute.\u00a0La voie de droite a \u00e9t\u00e9 coup\u00e9e \u00e0 la circulation afin de permettre le bon d\u00e9roulement des op\u00e9rations de secours. Cinq kilom\u00e8tres\u00a0de ralentissements, en raison des sorties de bureau, sont actuellement observ\u00e9s.<\/p>\n<p>Le chauffeur routier serait l\u00e9g\u00e8rement bless\u00e9.<\/p>\n<p>Un second accident \u00e0 Richemont<\/p>\n<p>Par ailleurs, Bison Fut\u00e9 a signal\u00e9 un autre accident survenu sur l&rsquo;A31 et impliquant un camion.\u00a0Le choc entre\u00a0ce poids lourd et deux v\u00e9hicules l\u00e9gers est survenu aux alentours de 16 h 45, l\u00e0 aisso dans le sens Luxembourg-Metz, \u00e0 hauteur de Richemont. Un ralentissement de plus de 3 kilom\u00e8tres a \u00e9t\u00e9 constat\u00e9\u00a0entre les sorties de Bertrange et Richemont. Mais il n&rsquo;y aurait plus de perturbations.<\/p>\n<p>Plus que jamais,\u00a0les usagers doivent redoubler de vigilance.<\/p>\n","protected":false},"excerpt":{"rendered":"Secours, forces de l\u2019ordre et services de la Dir-Est ont mobilis\u00e9 tout ce qu\u2019ils avaient comme \u00e9quipages \u00e0&hellip;\n","protected":false},"author":2,"featured_media":221555,"comment_status":"","ping_status":"","sticky":false,"template":"","format":"standard","meta":{"footnotes":""},"categories":[9635],"tags":[119,1111,11,24552,5598,1777,674,274,1011,27,775,17695,1702,12,25],"class_list":{"0":"post-221554","1":"post","2":"type-post","3":"status-publish","4":"format-standard","5":"has-post-thumbnail","7":"category-nancy","8":"tag-accident","9":"tag-actu","10":"tag-actualites","11":"tag-augny","12":"tag-edition-metz-et-agglomeration","13":"tag-eu","14":"tag-europe","15":"tag-faits-divers-justice","16":"tag-fr","17":"tag-france","18":"tag-grand-est","19":"tag-metz-metropole-57b2","20":"tag-nancy","21":"tag-news","22":"tag-republique-francaise"},"share_on_mastodon":{"url":"https:\/\/pubeurope.com\/@fr\/114785656794968875","error":""},"_links":{"self":[{"href":"https:\/\/www.europesays.com\/fr\/wp-json\/wp\/v2\/posts\/221554","targetHints":{"allow":["GET"]}}],"collection":[{"href":"https:\/\/www.europesays.com\/fr\/wp-json\/wp\/v2\/posts"}],"about":[{"href":"https:\/\/www.europesays.com\/fr\/wp-json\/wp\/v2\/types\/post"}],"author":[{"embeddable":true,"href":"https:\/\/www.europesays.com\/fr\/wp-json\/wp\/v2\/users\/2"}],"replies":[{"embeddable":true,"href":"https:\/\/www.europesays.com\/fr\/wp-json\/wp\/v2\/comments?post=221554"}],"version-history":[{"count":0,"href":"https:\/\/www.europesays.com\/fr\/wp-json\/wp\/v2\/posts\/221554\/revisions"}],"wp:featuredmedia":[{"embeddable":true,"href":"https:\/\/www.europesays.com\/fr\/wp-json\/wp\/v2\/media\/221555"}],"wp:attachment":[{"href":"https:\/\/www.europesays.com\/fr\/wp-json\/wp\/v2\/media?parent=221554"}],"wp:term":[{"taxonomy":"category","embeddable":true,"href":"https:\/\/www.europesays.com\/fr\/wp-json\/wp\/v2\/categories?post=221554"},{"taxonomy":"post_tag","embeddable":true,"href":"https:\/\/www.europesays.com\/fr\/wp-json\/wp\/v2\/tags?post=221554"}],"curies":[{"name":"wp","href":"https:\/\/api.w.org\/{rel}","templated":true}]}}