{"id":221557,"date":"2025-07-02T21:02:12","date_gmt":"2025-07-02T21:02:12","guid":{"rendered":"https:\/\/www.europesays.com\/fr\/221557\/"},"modified":"2025-07-02T21:02:12","modified_gmt":"2025-07-02T21:02:12","slug":"on-connait-les-circonstances-du-drame","status":"publish","type":"post","link":"https:\/\/www.europesays.com\/fr\/221557\/","title":{"rendered":"on conna\u00eet les circonstances du drame"},"content":{"rendered":"<p>L\u2019autopsie a fait la lumi\u00e8re sur les causes du drame et a clos l\u2019enqu\u00eate de la communaut\u00e9 de brigades de Gueugnon. R\u00e9alis\u00e9 mercredi \u00e0 l\u2019Institut m\u00e9dico-l\u00e9gal de Dijon, l\u2019examen a permis de dire que le d\u00e9c\u00e8s du jeune homme survenu mardi au plan d\u2019eau du lieu-dit La Pelleti\u00e8re ( lire par ailleurs ), \u00e0 Toulon-sur-Arroux, est d\u00fb \u00e0 une hydrocution.<\/p>\n<p>\u00ab\u00a0L\u2019eau, chaude en surface et plus froide au fond\u00a0\u00bb<\/p>\n<p>Vers 15 heures ce jour-l\u00e0, ce p\u00eacheur a voulu aller chercher un flotteur \u00e0 la nage, dans un lac balis\u00e9 de panneaux d\u2019interdiction de baignade. Mais c\u2019est bien la diff\u00e9rence de temp\u00e9rature entre l\u2019eau et celle du corps chauff\u00e9 par une temp\u00e9rature \u00e0 37 \u00b0C, qui lui a co\u00fbt\u00e9 la vie.<\/p>\n<p>\u00ab C\u2019est s\u00fbr que l\u2019eau est chaude en surface et plus froide au fond \u00bb, a indiqu\u00e9, mercredi, Jean-Philippe Jacquet, propri\u00e9taire d\u2019un vaste site dans lequel se&#8230;<\/p>\n","protected":false},"excerpt":{"rendered":"L\u2019autopsie a fait la lumi\u00e8re sur les causes du drame et a clos l\u2019enqu\u00eate de la communaut\u00e9 de&hellip;\n","protected":false},"author":2,"featured_media":221558,"comment_status":"","ping_status":"","sticky":false,"template":"","format":"standard","meta":{"footnotes":""},"categories":[9619],"tags":[1111,11,12568,1777,674,274,107,1011,27,14000,12,882,25,6003,2310,13999],"class_list":{"0":"post-221557","1":"post","2":"type-post","3":"status-publish","4":"format-standard","5":"has-post-thumbnail","7":"category-toulon","8":"tag-actu","9":"tag-actualites","10":"tag-edition-montceau-les-mines","11":"tag-eu","12":"tag-europe","13":"tag-faits-divers-justice","14":"tag-fil-info","15":"tag-fr","16":"tag-france","17":"tag-montceau-les-mines-bassin","18":"tag-news","19":"tag-provence-alpes-cote-dazur","20":"tag-republique-francaise","21":"tag-saone-et-loire","22":"tag-toulon","23":"tag-toulon-sur-arroux"},"share_on_mastodon":{"url":"https:\/\/pubeurope.com\/@fr\/114785664608427236","error":""},"_links":{"self":[{"href":"https:\/\/www.europesays.com\/fr\/wp-json\/wp\/v2\/posts\/221557","targetHints":{"allow":["GET"]}}],"collection":[{"href":"https:\/\/www.europesays.com\/fr\/wp-json\/wp\/v2\/posts"}],"about":[{"href":"https:\/\/www.europesays.com\/fr\/wp-json\/wp\/v2\/types\/post"}],"author":[{"embeddable":true,"href":"https:\/\/www.europesays.com\/fr\/wp-json\/wp\/v2\/users\/2"}],"replies":[{"embeddable":true,"href":"https:\/\/www.europesays.com\/fr\/wp-json\/wp\/v2\/comments?post=221557"}],"version-history":[{"count":0,"href":"https:\/\/www.europesays.com\/fr\/wp-json\/wp\/v2\/posts\/221557\/revisions"}],"wp:featuredmedia":[{"embeddable":true,"href":"https:\/\/www.europesays.com\/fr\/wp-json\/wp\/v2\/media\/221558"}],"wp:attachment":[{"href":"https:\/\/www.europesays.com\/fr\/wp-json\/wp\/v2\/media?parent=221557"}],"wp:term":[{"taxonomy":"category","embeddable":true,"href":"https:\/\/www.europesays.com\/fr\/wp-json\/wp\/v2\/categories?post=221557"},{"taxonomy":"post_tag","embeddable":true,"href":"https:\/\/www.europesays.com\/fr\/wp-json\/wp\/v2\/tags?post=221557"}],"curies":[{"name":"wp","href":"https:\/\/api.w.org\/{rel}","templated":true}]}}