{"id":221573,"date":"2025-07-02T21:11:27","date_gmt":"2025-07-02T21:11:27","guid":{"rendered":"https:\/\/www.europesays.com\/fr\/221573\/"},"modified":"2025-07-02T21:11:27","modified_gmt":"2025-07-02T21:11:27","slug":"immersion-dans-la-maison-citoyenne-coloree-du-neudorf","status":"publish","type":"post","link":"https:\/\/www.europesays.com\/fr\/221573\/","title":{"rendered":"immersion dans la \u00ab Maison citoyenne \u00bb color\u00e9e du Neudorf"},"content":{"rendered":"<p><strong>Install\u00e9e \u00e0 l\u2019entr\u00e9e du Neudorf, la Maison citoyenne se remarque de loin. Derri\u00e8re sa fa\u00e7ade multicolore se cachent un caf\u00e9 associatif, un espace d\u2019\u00e9ducation populaire, des locaux pour les assos et une belle exp\u00e9rience d\u00e9mocratique. D\u00e9couverte d\u2019un tiers-lieu strasbourgeois pas comme les autres.<\/strong><\/p>\n<p>Samedi 14 avril, 18h30. La petite place devant la Maison citoyenne commence \u00e0 se remplir. Install\u00e9es sur les tables dispos\u00e9es \u00e7a et l\u00e0,<strong> les bandes de potes se racontent les derniers potins autour d\u2019un verre,<\/strong> dans <strong>une atmosph\u00e8re aussi d\u00e9tendue que surchauff\u00e9e.<\/strong><\/p>\n<p>Dans la maison multicolore, les artistes se pr\u00e9parent. Ce soir, elle accueille le S\u2019Cabaret pour un concert. Derri\u00e8re le bar, Jaffa et Vincent s\u2019activent, servent bi\u00e8res et softs, la soir\u00e9e d\u00e9bute.<\/p>\n<p>    <img width=\"800\" height=\"533\" src=\"https:\/\/www.europesays.com\/fr\/wp-content\/uploads\/2025\/07\/250624-pka-maison-citoyenne-1-800x533.jpg\" class=\"attachment-image-size-L size-image-size-L\" alt=\"Maison citoyenne Tiers-lieu Strasbourg Neudorf Alternatives\" decoding=\"async\" loading=\"lazy\"  \/>         \u00a9 Adrien Labit \/ Pokaa <\/p>\n<p>                <img width=\"750\" height=\"500\" src=\"https:\/\/www.europesays.com\/fr\/wp-content\/uploads\/2025\/07\/250624-pka-maison-citoyenne-4-750x500.jpg\" class=\"attachment-gallery size-gallery\" alt=\"Maison citoyenne Tiers-lieu Strasbourg Neudorf Alternatives\" data-full-url=\"https:\/\/pokaa.fr\/wp-content\/uploads\/2025\/06\/24\/250624-pka-maison-citoyenne-4.jpg\" decoding=\"async\" loading=\"lazy\"  \/>            <\/p>\n<p>                <img width=\"750\" height=\"500\" src=\"https:\/\/www.europesays.com\/fr\/wp-content\/uploads\/2025\/07\/250624-pka-maison-citoyenne-3-750x500.jpg\" class=\"attachment-gallery size-gallery\" alt=\"Maison citoyenne Tiers-lieu Strasbourg Neudorf Alternatives\" data-full-url=\"https:\/\/pokaa.fr\/wp-content\/uploads\/2025\/06\/24\/250624-pka-maison-citoyenne-3.jpg\" decoding=\"async\" loading=\"lazy\"  \/>            <\/p>\n<p>                    \u00a9 Adrien Labit \/ Pokaa<\/p>\n<p>\u00ab On a une grande salle au rez-de-chauss\u00e9e et une plus petite en haut qui sont disponibles pour accueillir des associations et du public, explique Jaffa. <b>\u00c7a permet \u00e0 \u00e9norm\u00e9ment de structures de venir ici faire des choses et de pouvoir se rencontrer.<\/b> \u00bb<\/p>\n<p>B\u00e9n\u00e9vole \u00e0 la Maison citoyenne, il la d\u00e9couvre un jour en passant en tram, intrigu\u00e9 par les couleurs de la fa\u00e7ade. Aujourd\u2019hui, il est membre du comit\u00e9 coll\u00e9gial et actif derri\u00e8re le bar de l\u2019association. \u00ab <b>Au d\u00e9part, j\u2019\u00e9tais simple adh\u00e9rent, je venais avec mes amis. Puis peu \u00e0 peu, je me suis investi.<\/b> Pour boire un coup, il faut bien qu\u2019il y ait quelqu\u2019un pour tenir le bar !\u00a0\u00bb<\/p>\n<p>    <img width=\"800\" height=\"533\" src=\"https:\/\/www.europesays.com\/fr\/wp-content\/uploads\/2025\/07\/250624-pka-maison-citoyenne-8-800x533.jpg\" class=\"attachment-image-size-L size-image-size-L\" alt=\"Maison citoyenne Tiers-lieu Strasbourg Neudorf Alternatives\" decoding=\"async\" loading=\"lazy\"  \/>         Jaffa derri\u00e8re le bar. \u00a9 Adrien Labit \/ Pokaa <\/p>\n<p>\u00ab C\u2019est un lieu qui permet plein de choses \u00bb<\/p>\n<p>Vincent, quant \u00e0 lui, est arriv\u00e9 \u00e0 la Maison citoyenne \u00ab pour rencontrer du monde \u00bb apr\u00e8s avoir emm\u00e9nag\u00e9 \u00e0 Strasbourg il y a quelques ann\u00e9es.<b> \u00ab <\/b><b>Je m\u2019occupe du caf\u00e9 et j\u2019essaye d\u2019animer le volet social et politique de la maison au travers de l\u2019\u00e9ducation populaire. <\/b><b>\u00bb<\/b> <\/p>\n<p>Le b\u00e9n\u00e9vole organise des arpentages et annonce qu\u2019\u00e0 partir de septembre la maison accueillera des cin\u00e9-d\u00e9bats. <b>\u00ab <\/b><b>\u00c7a fait plaisir d\u2019animer la vie du quartier et la vie associative.<\/b><b> \u00bb<\/b> Son coll\u00e8gue Jaffa reprend : \u00ab Il y a plein de projets qui se montent, \u00e7a fait du bien. Si tu as envie de bricoler, de faire des trucs, il y a toujours des choses \u00e0 faire ici. \u00bb<\/p>\n<p>    <img width=\"800\" height=\"533\" src=\"https:\/\/www.europesays.com\/fr\/wp-content\/uploads\/2025\/07\/250624-pka-maison-citoyenne-13-800x533.jpg\" class=\"attachment-image-size-L size-image-size-L\" alt=\"Maison citoyenne Tiers-lieu Strasbourg Neudorf Alternatives\" decoding=\"async\" loading=\"lazy\"  \/>         Vincent deri\u00e8re le bar. \u00a9 Adrien Labit \/ Pokaa <\/p>\n<p>Le concert d\u00e9bute dans la grande salle, qui n\u2019a de grande que le nom. <strong>Ambiance cosy, on a un peu l\u2019impression d\u2019\u00eatre \u00e0 la maison.<\/strong> Marie Cheyenne joue ce soir avec le S\u2019Cabaret. \u00ab On a fait une pause avec le collectif pendant un temps et ce soir, c\u2019est l\u2019occasion de se relancer dans une ambiance super conviviale. \u00bb<\/p>\n<p>Marie est aussi b\u00e9n\u00e9vole, elle s\u2019investit dans les ap\u00e9ros chansons, la sc\u00e8ne ouverte de la Maison citoyenne.<b> \u00ab <\/b><b>C\u2019est un lieu qui permet plein de choses, on a une id\u00e9e, on la fait.\u00a0<\/b><b>\u00bb<\/b><\/p>\n<p>    <img width=\"800\" height=\"533\" src=\"https:\/\/www.europesays.com\/fr\/wp-content\/uploads\/2025\/07\/250624-pka-maison-citoyenne-12-800x533.jpg\" class=\"attachment-image-size-L size-image-size-L\" alt=\"Maison citoyenne Tiers-lieu Strasbourg Neudorf Alternatives\" decoding=\"async\" loading=\"lazy\"  \/>         Marie Cheyenne devant le public de la Maison citoyenne. \u00a9 Adrien Labit \/ Pokaa <\/p>\n<p>\u00ab Un espace de rencontre, de travail pour les assos et de convivialit\u00e9 \u00bb<\/p>\n<p>L\u2019histoire de la Maison citoyenne remonte \u00e0 2014. \u00c0 l\u2019\u00e9poque, <strong>ce petit bout de terrain et la maison qui l\u2019occupe ont \u00e9t\u00e9 oubli\u00e9s<\/strong> lors de l\u2019am\u00e9nagement du quartier \u00c9toile.<\/p>\n<p>La SERS, la soci\u00e9t\u00e9 d\u2019am\u00e9nagement de la Ville, contacte alors l\u2019association \u00c9coquartier de Strasbourg. \u00ab Ils nous ont propos\u00e9 d\u2019en faire quelque chose, explique Emmanuel Marx, membre du comit\u00e9 coll\u00e9gial de la Maison citoyenne. <b>On partait d\u2019une page blanche, mais on a pos\u00e9 deux conditions : que ce soit autofinanc\u00e9 et autog\u00e9r\u00e9.<\/b> On ne voulait pas qu\u2019\u00c9coquartier g\u00e8re la maison, on voulait quelque chose d\u2019autonome. \u00bb <\/p>\n<p>Un collectif se forme et recueille les envies des habitant(e)s, dessinant les contours du projet : <b>\u00ab <\/b><b>Un espace de rencontre, de travail pour les assos et de convivialit\u00e9.<\/b><b> \u00bb<\/b><\/p>\n<p>    <img width=\"800\" height=\"533\" src=\"https:\/\/www.europesays.com\/fr\/wp-content\/uploads\/2025\/07\/250624-pka-maison-citoyenne-14-800x533.jpg\" class=\"attachment-image-size-L size-image-size-L\" alt=\"Maison citoyenne Tiers-lieu Strasbourg Neudorf Alternatives\" decoding=\"async\" loading=\"lazy\"  \/>         Emmanuel Marx, b\u00e9n\u00e9vole et membre du Comiti\u00e9 coll\u00e9gial de la Maison citoyenne. \u00a9 Adrien Labit \/ Pokaa <\/p>\n<p>\u00ab On a eu les cl\u00e9s en 2015, reprend Emmanuel. Heureusement qu\u2019on ne savait pas ce que \u00e7a allait nous co\u00fbter \u00e0 la fin, parce que sinon on n\u2019y serait peut-\u00eatre pas all\u00e9s. \u00bb En effet, la maison est en si mauvais \u00e9tat qu\u2019il est impossible d\u2019y organiser des \u00e9v\u00e9nements publics. <b>Le collectif organise alors les premiers chantiers participatifs et se met en recherche de financement pour assurer les travaux.<\/b><\/p>\n<p>\u00ab En quatre ans, on a d\u00fb faire 40 demandes de financement. D\u00e8s qu\u2019il y avait un appel \u00e0 projets qui sortait, on candidatait. \u00bb Peu \u00e0 peu, le collectif rassemble de quoi financer les travaux. <b>\u00ab <\/b><b>\u00c7a aurait cout\u00e9 moins cher de faire du neuf<\/b><b>, rigole Emmanuel. <\/b><b>On en a eu pour 180 000\u20ac et il y a \u00e9norm\u00e9ment de choses qui ont \u00e9t\u00e9 faites en chantier participatif.\u00a0<\/b><b>\u00bb<\/b><\/p>\n<p>                <img width=\"787\" height=\"500\" src=\"https:\/\/www.europesays.com\/fr\/wp-content\/uploads\/2025\/07\/250624-pka-maison-citoyenne-mc-images-9-787x500.jpg\" class=\"attachment-gallery size-gallery\" alt=\"Maison citoyenne Tiers-lieu Strasbourg Neudorf Alternatives\" data-full-url=\"https:\/\/pokaa.fr\/wp-content\/uploads\/2025\/06\/24\/250624-pka-maison-citoyenne-mc-images-9.jpg\" decoding=\"async\" loading=\"lazy\"  \/>            <\/p>\n<p>                <img width=\"937\" height=\"500\" src=\"https:\/\/www.europesays.com\/fr\/wp-content\/uploads\/2025\/07\/250624-pka-maison-citoyenne-mc-images-10-937x500.jpg\" class=\"attachment-gallery size-gallery\" alt=\"Maison citoyenne Tiers-lieu Strasbourg Neudorf Alternatives\" data-full-url=\"https:\/\/pokaa.fr\/wp-content\/uploads\/2025\/06\/24\/250624-pka-maison-citoyenne-mc-images-10.jpg\" decoding=\"async\" loading=\"lazy\"  \/>            <\/p>\n<p>                <img width=\"752\" height=\"500\" src=\"https:\/\/www.europesays.com\/fr\/wp-content\/uploads\/2025\/07\/250624-pka-maison-citoyenne-mc-images-8-752x500.jpg\" class=\"attachment-gallery size-gallery\" alt=\"Maison citoyenne Tiers-lieu Strasbourg Neudorf Alternatives\" data-full-url=\"https:\/\/pokaa.fr\/wp-content\/uploads\/2025\/06\/24\/250624-pka-maison-citoyenne-mc-images-8.jpg\" decoding=\"async\" loading=\"lazy\"  \/>            <\/p>\n<p>                <img width=\"888\" height=\"500\" src=\"https:\/\/www.europesays.com\/fr\/wp-content\/uploads\/2025\/07\/250624-pka-maison-citoyenne-mc-images-3-888x500.jpg\" class=\"attachment-gallery size-gallery\" alt=\"Maison citoyenne Tiers-lieu Strasbourg Neudorf Alternatives\" data-full-url=\"https:\/\/pokaa.fr\/wp-content\/uploads\/2025\/06\/24\/250624-pka-maison-citoyenne-mc-images-3.jpg\" decoding=\"async\" loading=\"lazy\"  \/>            <\/p>\n<p>                <img width=\"888\" height=\"500\" src=\"https:\/\/www.europesays.com\/fr\/wp-content\/uploads\/2025\/07\/250624-pka-maison-citoyenne-mc-images-2-888x500.jpg\" class=\"attachment-gallery size-gallery\" alt=\"Maison citoyenne Tiers-lieu Strasbourg Neudorf Alternatives\" data-full-url=\"https:\/\/pokaa.fr\/wp-content\/uploads\/2025\/06\/24\/250624-pka-maison-citoyenne-mc-images-2.jpg\" decoding=\"async\" loading=\"lazy\"  \/>            <\/p>\n<p>                <img width=\"888\" height=\"500\" src=\"https:\/\/www.europesays.com\/fr\/wp-content\/uploads\/2025\/07\/250624-pka-maison-citoyenne-mc-images-6-888x500.jpg\" class=\"attachment-gallery size-gallery\" alt=\"Maison citoyenne Tiers-lieu Strasbourg Neudorf Alternatives\" data-full-url=\"https:\/\/pokaa.fr\/wp-content\/uploads\/2025\/06\/24\/250624-pka-maison-citoyenne-mc-images-6.jpg\" decoding=\"async\" loading=\"lazy\"  \/>            <\/p>\n<p>                    De son \u00e9tat d&rsquo;origine \u00e0 l&rsquo;inauguration. \u00a9 Documents remis<\/p>\n<p>En plein chantier, la maison trouve ses couleurs, presque par hasard. \u00ab Une volontaire en service civique nous avait dessin\u00e9 <strong>une maison avec des couleurs \u00e0 la Mondrian<\/strong>, c\u2019\u00e9tait un visuel assez p\u00eachu, on s\u2019en est servi. \u00bb<\/p>\n<p>Un jour, un peintre passe devant la maison et voit ce dessin. \u00ab <b>Il nous dit qu\u2019il vient de finir un chantier \u00e0 c\u00f4t\u00e9 et qu\u2019il a plusieurs pots de peinture dont il ne fera rien, il nous a propos\u00e9 de nous les donner.<\/b> C\u2019\u00e9tait trois des six couleurs du dessin. \u00bb Les membres du collectif saisissent l\u2019occasion, ach\u00e8tent les couleurs manquantes, louent un \u00e9chafaudage et <b>\u00ab <\/b><b>en un weekend, on a fait la peinture de la fa\u00e7ade<\/b><b> \u00bb.<\/b><\/p>\n<p>    <img width=\"800\" height=\"534\" src=\"https:\/\/www.europesays.com\/fr\/wp-content\/uploads\/2025\/07\/250624-pka-maison-citoyenne-mc-images-1-800x534.jpg\" class=\"attachment-image-size-L size-image-size-L\" alt=\"Maison citoyenne Tiers-lieu Strasbourg Neudorf Alternatives\" decoding=\"async\" loading=\"lazy\"  \/>         Le chantier de peinture de la maison citoyenne. \u00a9 Document remis <\/p>\n<p>\u00ab Le vrai d\u00e9fi, c\u2019est de tenir 30 ans \u00bb <\/p>\n<p>En 2019, apr\u00e8s quatre ann\u00e9es de travaux, la Maison citoyenne ouvre enfin ses portes. Le collectif s\u2019est constitu\u00e9 en association autonome et dispose d\u2019un bail d\u2019occupation de 30 ans. \u00ab L\u2019objet de l\u2019asso, ce n\u2019est pas de g\u00e9rer un caf\u00e9, \u00e7a, c\u2019est un moyen. <b>L\u2019objet, c\u2019est favoriser la transition \u00e9cologique et citoyenne.<\/b> \u00bb<\/p>\n<p>Pour ce faire, la maison accueille de nombreuses activit\u00e9s. \u00ab On ne souhaite pas que ce soit un bar, le but ce n\u2019est pas de faire concurrence aux caf\u00e9s du quartier. <b>On est l\u00e0 pour apporter des choses en plus donc on essaye d\u2019avoir des activit\u00e9s vari\u00e9es.<\/b>\u00a0\u00bb<\/p>\n<p>    <img width=\"800\" height=\"532\" src=\"https:\/\/www.europesays.com\/fr\/wp-content\/uploads\/2025\/07\/221007-pka-solidarite-couleur-7-800x532.jpg\" class=\"attachment-image-size-L size-image-size-L\" alt=\"Strasbourg solidaire grande pr\u00e9carit\u00e9\" decoding=\"async\" loading=\"lazy\"  \/>         La Maison citoyenne accueille les rencontres organis\u00e9es par l&rsquo;association La Cloche. \u00a9 Adrien Labit \/ Pokaa <\/p>\n<p>La maison est \u00e9galement mise \u00e0 disposition de structures qui souhaitent organiser des \u00e9v\u00e9nements. \u00ab Pour \u00eatre le plus accessible possible et payer nos charges, il y a une forme de p\u00e9r\u00e9quation. <b>Les assos payent moins que les particuliers qui payent moins que les entreprises.<\/b> \u00bb<\/p>\n<p>Si l\u2019\u00e9v\u00e9nement est gratuit et ouvert au public, la mise \u00e0 disposition se fait \u00e0 prix libre et conscient. <b>\u00ab <\/b><b>Le financement de la maison, c\u2019est environ un tiers de b\u00e9n\u00e9fices du bar, un tiers de cotisations des adh\u00e9rents et un tiers de mises \u00e0 disposition. <\/b><b>\u00bb<\/b><\/p>\n<p>                <img width=\"750\" height=\"500\" src=\"https:\/\/www.europesays.com\/fr\/wp-content\/uploads\/2025\/07\/250624-pka-maison-citoyenne-9-750x500.jpg\" class=\"attachment-gallery size-gallery\" alt=\"Maison citoyenne Tiers-lieu Strasbourg Neudorf Alternatives\" data-full-url=\"https:\/\/pokaa.fr\/wp-content\/uploads\/2025\/06\/24\/250624-pka-maison-citoyenne-9.jpg\" decoding=\"async\" loading=\"lazy\"  \/>            <\/p>\n<p>                <img width=\"750\" height=\"500\" src=\"https:\/\/www.europesays.com\/fr\/wp-content\/uploads\/2025\/07\/250624-pka-maison-citoyenne-6-750x500.jpg\" class=\"attachment-gallery size-gallery\" alt=\"Maison citoyenne Tiers-lieu Strasbourg Neudorf Alternatives\" data-full-url=\"https:\/\/pokaa.fr\/wp-content\/uploads\/2025\/06\/24\/250624-pka-maison-citoyenne-6.jpg\" decoding=\"async\" loading=\"lazy\"  \/>            <\/p>\n<p>                    \u00a9 Adrien Labit \/ Pokaa<\/p>\n<p>Pas de pr\u00e9sident dans l\u2019association de la Maison citoyenne, mais un comit\u00e9 coll\u00e9gial d\u2019une quinzaine de personnes qui prend les d\u00e9cisions de mani\u00e8re collective. <b>\u00ab <\/b><b>On essaye d\u2019avoir des pratiques d\u00e9mocratiques qui montrent qu\u2019on peut d\u00e9cider ensemble de sujets qui d\u2019ordinaire ne sont pas discut\u00e9s. <\/b><b>\u00bb<\/b><\/p>\n<p>Par exemple, servir de l\u2019alcool. \u00ab Pour certains, c\u2019est essentiel, pour d\u2019autres, \u00e7a l\u2019est moins. Typiquement dans un bar, on ne se pose pas la question. \u00bb Emmanuel poursuit, \u00ab la r\u00e9ponse n\u2019a pas besoin d\u2019\u00eatre simple, le monde est complexe, les solutions qu\u2019on apporte peuvent l\u2019\u00eatre. \u00bb Pour lui, c\u2019est la diversit\u00e9 des engagements b\u00e9n\u00e9voles qui fait la solidit\u00e9 du projet. <b>\u00ab <\/b><b>Le vrai d\u00e9fi, ce n\u2019est pas de faire vivre un lieu, c\u2019est de tenir 30 ans. <\/b><b>\u00bb<\/b><\/p>\n","protected":false},"excerpt":{"rendered":"Install\u00e9e \u00e0 l\u2019entr\u00e9e du Neudorf, la Maison citoyenne se remarque de loin. Derri\u00e8re sa fa\u00e7ade multicolore se cachent&hellip;\n","protected":false},"author":2,"featured_media":221574,"comment_status":"","ping_status":"","sticky":false,"template":"","format":"standard","meta":{"footnotes":""},"categories":[2820],"tags":[1111,11,1132,1777,674,1011,27,775,36044,2894,12,25,640,36045],"class_list":{"0":"post-221573","1":"post","2":"type-post","3":"status-publish","4":"format-standard","5":"has-post-thumbnail","7":"category-strasbourg","8":"tag-actu","9":"tag-actualites","10":"tag-alternatives","11":"tag-eu","12":"tag-europe","13":"tag-fr","14":"tag-france","15":"tag-grand-est","16":"tag-maison-citoyenne","17":"tag-neudorf","18":"tag-news","19":"tag-republique-francaise","20":"tag-strasbourg","21":"tag-tiers-lieu"},"share_on_mastodon":{"url":"https:\/\/pubeurope.com\/@fr\/114785700773236692","error":""},"_links":{"self":[{"href":"https:\/\/www.europesays.com\/fr\/wp-json\/wp\/v2\/posts\/221573","targetHints":{"allow":["GET"]}}],"collection":[{"href":"https:\/\/www.europesays.com\/fr\/wp-json\/wp\/v2\/posts"}],"about":[{"href":"https:\/\/www.europesays.com\/fr\/wp-json\/wp\/v2\/types\/post"}],"author":[{"embeddable":true,"href":"https:\/\/www.europesays.com\/fr\/wp-json\/wp\/v2\/users\/2"}],"replies":[{"embeddable":true,"href":"https:\/\/www.europesays.com\/fr\/wp-json\/wp\/v2\/comments?post=221573"}],"version-history":[{"count":0,"href":"https:\/\/www.europesays.com\/fr\/wp-json\/wp\/v2\/posts\/221573\/revisions"}],"wp:featuredmedia":[{"embeddable":true,"href":"https:\/\/www.europesays.com\/fr\/wp-json\/wp\/v2\/media\/221574"}],"wp:attachment":[{"href":"https:\/\/www.europesays.com\/fr\/wp-json\/wp\/v2\/media?parent=221573"}],"wp:term":[{"taxonomy":"category","embeddable":true,"href":"https:\/\/www.europesays.com\/fr\/wp-json\/wp\/v2\/categories?post=221573"},{"taxonomy":"post_tag","embeddable":true,"href":"https:\/\/www.europesays.com\/fr\/wp-json\/wp\/v2\/tags?post=221573"}],"curies":[{"name":"wp","href":"https:\/\/api.w.org\/{rel}","templated":true}]}}