{"id":221575,"date":"2025-07-02T21:12:19","date_gmt":"2025-07-02T21:12:19","guid":{"rendered":"https:\/\/www.europesays.com\/fr\/221575\/"},"modified":"2025-07-02T21:12:19","modified_gmt":"2025-07-02T21:12:19","slug":"la-clause-qui-aurait-pu-permettre-a-chelsea-de-rapatrier-emegha-cet-ete","status":"publish","type":"post","link":"https:\/\/www.europesays.com\/fr\/221575\/","title":{"rendered":"la clause qui aurait pu permettre \u00e0 Chelsea de rapatrier Emegha cet \u00e9t\u00e9"},"content":{"rendered":"<p class=\"mb-4 text-lg md:leading-8 break-words\">En attirant <b><a href=\"https:\/\/fr.news.yahoo.com\/sport\/mercato-ann%C3%A9e-emegha-%C3%A0-strasbourg-141823883.html\" data-ylk=\"slk:Emanuel Emegha;elm:context_link;itc:0;sec:content-canvas;outcm:mb_qualified_link;_E:mb_qualified_link;ct:story;\" class=\"link  yahoo-link\" rel=\"nofollow noopener\" target=\"_blank\">Emanuel Emegha<\/a><\/b>\u00a0pour 12 millions d\u2019euros il y a deux ans en provenance de Sturm Graz, le club alsacien a eu le nez creux. Apr\u00e8s avoir inscrit neuf buts toutes comp\u00e9titions confondues lors de sa premi\u00e8re saison, le jeune attaquant n\u00e9erlandais (22 ans) a explos\u00e9 la saison pass\u00e9e, faisant trembler 14 fois les filets en Ligue 1.<\/p>\n<p class=\"mb-4 text-lg md:leading-8 break-words\"><a href=\"https:\/\/rmcsport.bfmtv.com\/football\/transferts\/direct-mercato-suivez-en-live-toutes-les-infos-et-rumeurs-du-30-juin-2025_LN-202506300107.html\" rel=\"nofollow noopener\" target=\"_blank\" data-ylk=\"slk:&gt;&gt; Les infos mercato EN DIRECT;elm:context_link;itc:0;sec:content-canvas\" class=\"link \">&gt;&gt; Les infos mercato EN DIRECT<\/a><\/p>\n<p class=\"mb-4 text-lg md:leading-8 break-words\">Une r\u00e9ussite qui a suscit\u00e9 l\u2019int\u00e9r\u00eat de plusieurs clubs tandis que sa valeur sur le march\u00e9 a grimp\u00e9 en fl\u00e8che. Il a d\u00e9j\u00e0 un accord pour rejoindre Chelsea la saison prochaine.<\/p>\n<p>Chelsea a d\u00e9j\u00e0 sign\u00e9 deux attaquants cet \u00e9t\u00e9<\/p>\n<p class=\"mb-4 text-lg md:leading-8 break-words\">C&rsquo;est dans ce cadre qu&rsquo;une clause existe en effet dans le contrat d\u2019Emanuel Emegha qui permet aux Blues de le rapatrier d\u00e8s cette saison sous certaines conditions. Mais celle-ci ne devrait vraisemblablement pas \u00eatre activ\u00e9e par le club londonien.<\/p>\n<p class=\"mb-4 text-lg md:leading-8 break-words\">Apr\u00e8s Liam Delap en d\u00e9but de mercato, <a href=\"https:\/\/rmcsport.bfmtv.com\/football\/premier-league\/chelsea_DN-202304160370.html\" rel=\"nofollow noopener\" target=\"_blank\" data-ylk=\"slk:Chelsea;elm:context_link;itc:0;sec:content-canvas\" class=\"link \">Chelsea<\/a> a sign\u00e9 ce mercredi 2 juillet Joao Pedro, en provenance de Brighton. La ligne d\u2019attaque des Blues est d\u00e9sormais bien remplie, \u00e9loignant la crainte d\u2019un d\u00e9part d\u2019Emegha pour les dirigeants et supporters alsaciens.<\/p>\n<p class=\"mb-4 text-lg md:leading-8 break-words\"><a href=\"https:\/\/rmcsport.bfmtv.com\/football\/transferts\/strasbourg-la-clause-qui-aurait-pu-permettre-a-chelsea-de-rapatrier-emegha-cet-ete_AV-202507020777.html#xtor=AL-68\" rel=\"nofollow noopener\" target=\"_blank\" data-ylk=\"slk:Article original publi\u00e9 sur RMC Sport;elm:context_link;itc:0;sec:content-canvas\" class=\"link \">Article original publi\u00e9 sur RMC Sport<\/a><\/p>\n","protected":false},"excerpt":{"rendered":"En attirant Emanuel Emegha\u00a0pour 12 millions d\u2019euros il y a deux ans en provenance de Sturm Graz, le&hellip;\n","protected":false},"author":2,"featured_media":221576,"comment_status":"","ping_status":"","sticky":false,"template":"","format":"standard","meta":{"footnotes":""},"categories":[2820],"tags":[1111,11,17628,11871,11787,1777,674,1011,27,775,36046,66,12,21783,25,640],"class_list":{"0":"post-221575","1":"post","2":"type-post","3":"status-publish","4":"format-standard","5":"has-post-thumbnail","7":"category-strasbourg","8":"tag-actu","9":"tag-actualites","10":"tag-brighton","11":"tag-chelsea","12":"tag-emanuel-emegha","13":"tag-eu","14":"tag-europe","15":"tag-fr","16":"tag-france","17":"tag-grand-est","18":"tag-liam-delap","19":"tag-ligue-1","20":"tag-news","21":"tag-premiere-saison","22":"tag-republique-francaise","23":"tag-strasbourg"},"share_on_mastodon":{"url":"https:\/\/pubeurope.com\/@fr\/114785703969835967","error":""},"_links":{"self":[{"href":"https:\/\/www.europesays.com\/fr\/wp-json\/wp\/v2\/posts\/221575","targetHints":{"allow":["GET"]}}],"collection":[{"href":"https:\/\/www.europesays.com\/fr\/wp-json\/wp\/v2\/posts"}],"about":[{"href":"https:\/\/www.europesays.com\/fr\/wp-json\/wp\/v2\/types\/post"}],"author":[{"embeddable":true,"href":"https:\/\/www.europesays.com\/fr\/wp-json\/wp\/v2\/users\/2"}],"replies":[{"embeddable":true,"href":"https:\/\/www.europesays.com\/fr\/wp-json\/wp\/v2\/comments?post=221575"}],"version-history":[{"count":0,"href":"https:\/\/www.europesays.com\/fr\/wp-json\/wp\/v2\/posts\/221575\/revisions"}],"wp:featuredmedia":[{"embeddable":true,"href":"https:\/\/www.europesays.com\/fr\/wp-json\/wp\/v2\/media\/221576"}],"wp:attachment":[{"href":"https:\/\/www.europesays.com\/fr\/wp-json\/wp\/v2\/media?parent=221575"}],"wp:term":[{"taxonomy":"category","embeddable":true,"href":"https:\/\/www.europesays.com\/fr\/wp-json\/wp\/v2\/categories?post=221575"},{"taxonomy":"post_tag","embeddable":true,"href":"https:\/\/www.europesays.com\/fr\/wp-json\/wp\/v2\/tags?post=221575"}],"curies":[{"name":"wp","href":"https:\/\/api.w.org\/{rel}","templated":true}]}}