{"id":221579,"date":"2025-07-02T21:14:13","date_gmt":"2025-07-02T21:14:13","guid":{"rendered":"https:\/\/www.europesays.com\/fr\/221579\/"},"modified":"2025-07-02T21:14:13","modified_gmt":"2025-07-02T21:14:13","slug":"a-nice-des-plans-de-vacances-perturbes-par-la-greve-des-controleurs-aeriens-qui-denoncent-la-casse-du-service-public-liberation","status":"publish","type":"post","link":"https:\/\/www.europesays.com\/fr\/221579\/","title":{"rendered":"A Nice, des plans de vacances perturb\u00e9s par la gr\u00e8ve des contr\u00f4leurs a\u00e9riens, qui d\u00e9noncent \u00abla casse du service public\u00bb \u2013 Lib\u00e9ration"},"content":{"rendered":"<p class=\"sc-ksZaOG ehjQrN text-element\">Le panneau d\u2019affichage des vols est au vert derri\u00e8re la verri\u00e8re du terminal 2 de l\u2019a\u00e9roport de Nice. Ce mercredi 2 juillet apr\u00e8s-midi, seuls quelques d\u00e9parts accusent un l\u00e9ger <a href=\"https:\/\/www.liberation.fr\/idees-et-debats\/tribunes\/retards-davion-vous-ne-serez-plus-indemnises-comme-avant-et-cest-un-scandale-20250613_PKEE4OUXHVEY7G3PVCR7OHISQU\/\" target=\"_blank\" rel=\"nofollow noopener\" title=\"https:\/\/www.liberation.fr\/idees-et-debats\/tribunes\/retards-davion-vous-ne-serez-plus-indemnises-comme-avant-et-cest-un-scandale-20250613_PKEE4OUXHVEY7G3PVCR7OHISQU\/\">retard<\/a>, jamais plus d\u2019une heure. Mais jeudi et vendredi, l\u2019\u00e9cran clignotera davantage que la piste d\u2019atterrissage : un vol sur deux ne sera pas op\u00e9r\u00e9 sur la C\u00f4te d\u2019Azur, destination la plus perturb\u00e9e par une gr\u00e8ve des contr\u00f4leurs avec Bastia et Calvi, en Corse. Ailleurs, les programmes de vols ont \u00e9t\u00e9 r\u00e9duits de 30 % \u00e0 Lyon, Marseille, Montpellier, Ajaccio et Figari, de 40 % \u00e0 Paris-Charles-De Gaulle, <a href=\"https:\/\/www.liberation.fr\/economie\/transports\/orly-les-controleurs-aeriens-levent-leur-preavis-de-greve-20240610_VQM72N55FBAKBI7KBTR3EGKWZQ\/\" target=\"_blank\" rel=\"nofollow noopener\" title=\"https:\/\/www.liberation.fr\/economie\/transports\/orly-les-controleurs-aeriens-levent-leur-preavis-de-greve-20240610_VQM72N55FBAKBI7KBTR3EGKWZQ\/\">Paris-Orly<\/a> et Beauvais.<\/p>\n<p class=\"sc-ksZaOG ehjQrN text-element\">Deux syndicats minoritaires de contr\u00f4leurs a\u00e9riens, l\u2019UNSA-ICNA et l\u2019Usac-CGT, appellent \u00e0 la gr\u00e8ve \u00e0 la veille des grands d\u00e9parts en vacances. Les aiguilleurs du ciel d\u00e9noncent \u00abla casse d<\/p>\n","protected":false},"excerpt":{"rendered":"Le panneau d\u2019affichage des vols est au vert derri\u00e8re la verri\u00e8re du terminal 2 de l\u2019a\u00e9roport de Nice.&hellip;\n","protected":false},"author":2,"featured_media":221580,"comment_status":"","ping_status":"","sticky":false,"template":"","format":"standard","meta":{"footnotes":""},"categories":[2819],"tags":[1111,11,1777,674,1011,27,18677,12,2401,882,25],"class_list":{"0":"post-221579","1":"post","2":"type-post","3":"status-publish","4":"format-standard","5":"has-post-thumbnail","7":"category-nice","8":"tag-actu","9":"tag-actualites","10":"tag-eu","11":"tag-europe","12":"tag-fr","13":"tag-france","14":"tag-greves","15":"tag-news","16":"tag-nice","17":"tag-provence-alpes-cote-dazur","18":"tag-republique-francaise"},"share_on_mastodon":{"url":"https:\/\/pubeurope.com\/@fr\/114785711725100567","error":""},"_links":{"self":[{"href":"https:\/\/www.europesays.com\/fr\/wp-json\/wp\/v2\/posts\/221579","targetHints":{"allow":["GET"]}}],"collection":[{"href":"https:\/\/www.europesays.com\/fr\/wp-json\/wp\/v2\/posts"}],"about":[{"href":"https:\/\/www.europesays.com\/fr\/wp-json\/wp\/v2\/types\/post"}],"author":[{"embeddable":true,"href":"https:\/\/www.europesays.com\/fr\/wp-json\/wp\/v2\/users\/2"}],"replies":[{"embeddable":true,"href":"https:\/\/www.europesays.com\/fr\/wp-json\/wp\/v2\/comments?post=221579"}],"version-history":[{"count":0,"href":"https:\/\/www.europesays.com\/fr\/wp-json\/wp\/v2\/posts\/221579\/revisions"}],"wp:featuredmedia":[{"embeddable":true,"href":"https:\/\/www.europesays.com\/fr\/wp-json\/wp\/v2\/media\/221580"}],"wp:attachment":[{"href":"https:\/\/www.europesays.com\/fr\/wp-json\/wp\/v2\/media?parent=221579"}],"wp:term":[{"taxonomy":"category","embeddable":true,"href":"https:\/\/www.europesays.com\/fr\/wp-json\/wp\/v2\/categories?post=221579"},{"taxonomy":"post_tag","embeddable":true,"href":"https:\/\/www.europesays.com\/fr\/wp-json\/wp\/v2\/tags?post=221579"}],"curies":[{"name":"wp","href":"https:\/\/api.w.org\/{rel}","templated":true}]}}